{"id":117024,"date":"2025-11-25T06:42:12","date_gmt":"2025-11-25T06:42:12","guid":{"rendered":"https:\/\/www.europesays.com\/pl\/117024\/"},"modified":"2025-11-25T06:42:12","modified_gmt":"2025-11-25T06:42:12","slug":"zalil-sie-na-bezdomnosc-teraz-odwoluje-swoje-slowa","status":"publish","type":"post","link":"https:\/\/www.europesays.com\/pl\/117024\/","title":{"rendered":"\u017bali\u0142 si\u0119 na bezdomno\u015b\u0107. Teraz odwo\u0142uje swoje s\u0142owa"},"content":{"rendered":"<p>Kevin Spacey, gwiazda &#8222;American Beauty&#8221; i\u00a0&#8222;Tajemnic Los Angeles&#8221; w\u00a0ostatniej rozmowie z\u00a0&#8222;Telegraph&#8221; ujawni\u0142, \u017ce od siedmiu lat \u017cyje bez sta\u0142ego miejsca zamieszkania. Wyja\u015bni\u0142, \u017ce zatrzymuje si\u0119 w\u00a0hotelach i\u00a0wynaj\u0119tych apartamentach tam, gdzie aktualnie pracuje, a\u00a0swoje rzeczy przechowuje w\u00a0magazynie. Doda\u0142, \u017ce chcia\u0142by ponownie osi\u0105\u015b\u0107 w\u00a0jednym miejscu, je\u015bli jego sytuacja na to pozwoli.<\/p>\n<p>Wszystko to ma mie\u0107 zwi\u0105zek z\u00a0za\u0142amaniem kariery zwi\u0105zanym z\u00a0zarzutami wobec Spaceya, kt\u00f3re dotyczy\u0142y m.in. napa\u015bci seksualnych oraz zmuszania do kontakt\u00f3w seksualnych bez zgody, odnosz\u0105cych si\u0119 do wydarze\u0144 z\u00a0lat 2001\u20132013. W\u00a0lipcu 2023 roku aktor zosta\u0142 uniewinniony w\u00a0g\u0142o\u015bnym procesie w\u00a0Wielkiej Brytanii, w\u00a0kt\u00f3rym oskar\u017cenia wysun\u0119\u0142o czterech m\u0119\u017cczyzn. Rok wcze\u015bniej, w\u00a02022 roku, s\u0105d w\u00a0Nowym Jorku orzek\u0142, \u017ce Spacey nie ponosi odpowiedzialno\u015bci cywilnej w\u00a0sprawie Anthony\u2019ego Rappa. Aktor konsekwentnie zaprzecza, jakoby dopu\u015bci\u0142 si\u0119 zarzucanych mu czyn\u00f3w.<\/p>\n<p>&#8222;Jedyna&#8221;. Gwiazdy hitu m\u00f3wi\u0105 o\u00a0finale serii <\/p>\n<p>Zamieszanie w\u00a0mediach, jakie wywo\u0142a\u0142 swoim wyznaniem, chyba go wystraszy\u0142o, bo postanowi\u0142 nagra\u0107 na Instagramie sprostowanie. <\/p>\n<p>&#8211; Zazwyczaj nie uwa\u017cam za swoj\u0105 spraw\u0119 prostowania doniesie\u0144 w\u00a0mediach &#8211;\u00a0wyzna\u0142 w\u00a0nagraniu na Instagramie. &#8211;\u00a0Gdybym to robi\u0142, nie mia\u0142bym czasu na nic innego, ale w\u00a0zwi\u0105zku z\u00a0ostatnimi artyku\u0142ami twierdz\u0105cymi, \u017ce jestem bezdomny, czuj\u0119 potrzeb\u0119 zabrania g\u0142osu.<\/p>\n<p>Okazuje si\u0119, \u017ce rzekomo ci\u0119\u017cki los aktora poruszy\u0142 wielu ludzi, kt\u00f3rzy ruszyli z\u00a0pomoc\u0105. <\/p>\n<p>&#8211; Tysi\u0105ce ludzi w\u00a0ci\u0105gu ostatnich kilku dni odezwa\u0142o si\u0119 do mnie, oferuj\u0105c mi miejsce do mieszkania albo po prostu pytaj\u0105c, czy wszystko ze mn\u0105 w\u00a0porz\u0105dku \u2013\u00a0powiedzia\u0142 Spacey i\u00a0przy okazji podzi\u0119kowa\u0142 tym, kt\u00f3rzy si\u0119 o\u00a0niego martwili i\u00a0zaraz doda\u0142: &#8211;\u00a0Czuj\u0119, \u017ce by\u0142oby z\u00a0mojej strony nieszczere pozwoli\u0107 wam wierzy\u0107, \u017ce faktycznie jestem bezdomny w\u00a0potocznym znaczeniu tego s\u0142owa.<\/p>\n<p>Jaka jest zatem jego sytuacja? Okazuje si\u0119, \u017ce Spacey powiedzia\u0142, \u017ce &#8222;w zasadzie mieszka w\u00a0hotelach i\u00a0Airbnb&#8221;, bo ma tyle pracy, \u017ce podr\u00f3\u017cuje z\u00a0planu na plan. <\/p>\n<p>&#8211; Pracuj\u0119 niemal bez przerwy przez ca\u0142y rok i\u00a0za to mam naprawd\u0119 wiele powod\u00f3w do wdzi\u0119czno\u015bci &#8211;\u00a0zapewnia Kevin Spacey.<\/p>\n","protected":false},"excerpt":{"rendered":"Kevin Spacey, gwiazda &#8222;American Beauty&#8221; i\u00a0&#8222;Tajemnic Los Angeles&#8221; w\u00a0ostatniej rozmowie z\u00a0&#8222;Telegraph&#8221; ujawni\u0142, \u017ce od siedmiu lat \u017cyje bez&hellip;\n","protected":false},"author":2,"featured_media":117025,"comment_status":"","ping_status":"","sticky":false,"template":"","format":"standard","meta":{"footnotes":""},"categories":[22],"tags":[122,42,38,40,39,41,123],"class_list":{"0":"post-117024","1":"post","2":"type-post","3":"status-publish","4":"format-standard","5":"has-post-thumbnail","7":"category-rozrywka","8":"tag-entertainment","9":"tag-pl","10":"tag-poland","11":"tag-polish","12":"tag-polska","13":"tag-polski","14":"tag-rozrywka"},"share_on_mastodon":{"url":"https:\/\/pubeurope.com\/@pl\/115608980257864736","error":""},"_links":{"self":[{"href":"https:\/\/www.europesays.com\/pl\/wp-json\/wp\/v2\/posts\/117024","targetHints":{"allow":["GET"]}}],"collection":[{"href":"https:\/\/www.europesays.com\/pl\/wp-json\/wp\/v2\/posts"}],"about":[{"href":"https:\/\/www.europesays.com\/pl\/wp-json\/wp\/v2\/types\/post"}],"author":[{"embeddable":true,"href":"https:\/\/www.europesays.com\/pl\/wp-json\/wp\/v2\/users\/2"}],"replies":[{"embeddable":true,"href":"https:\/\/www.europesays.com\/pl\/wp-json\/wp\/v2\/comments?post=117024"}],"version-history":[{"count":0,"href":"https:\/\/www.europesays.com\/pl\/wp-json\/wp\/v2\/posts\/117024\/revisions"}],"wp:featuredmedia":[{"embeddable":true,"href":"https:\/\/www.europesays.com\/pl\/wp-json\/wp\/v2\/media\/117025"}],"wp:attachment":[{"href":"https:\/\/www.europesays.com\/pl\/wp-json\/wp\/v2\/media?parent=117024"}],"wp:term":[{"taxonomy":"category","embeddable":true,"href":"https:\/\/www.europesays.com\/pl\/wp-json\/wp\/v2\/categories?post=117024"},{"taxonomy":"post_tag","embeddable":true,"href":"https:\/\/www.europesays.com\/pl\/wp-json\/wp\/v2\/tags?post=117024"}],"curies":[{"name":"wp","href":"https:\/\/api.w.org\/{rel}","templated":true}]}}