{"id":117026,"date":"2025-11-25T06:44:15","date_gmt":"2025-11-25T06:44:15","guid":{"rendered":"https:\/\/www.europesays.com\/pl\/117026\/"},"modified":"2025-11-25T06:44:15","modified_gmt":"2025-11-25T06:44:15","slug":"cos-zlego-dzieje-sie-na-rynku-pracy-ceny-mieszkan-w-warszawie-i-krakowie-ida-w-dol","status":"publish","type":"post","link":"https:\/\/www.europesays.com\/pl\/117026\/","title":{"rendered":"Co\u015b z\u0142ego dzieje si\u0119 na rynku pracy. Ceny mieszka\u0144 w Warszawie i Krakowie id\u0105 w d\u00f3\u0142"},"content":{"rendered":"<ul>&#13;<\/p>\n<li>Polska gospodarka mknie niczym Pendolino.<\/li>\n<p>&#13;<\/p>\n<li>Mimo solidnego wzrostu PKB, na rynku pracy wida\u0107 powa\u017cne problemy.<\/li>\n<p>&#13;<\/p>\n<li>W\u00a0Krakowie i Warszawie\u00a0spadaj\u0105 ceny nieruchomo\u015bci. Koniec hossy dla betonowego z\u0142ota?<\/li>\n<p>&#13;<\/p>\n<li>Czy czeka nas powa\u017cna korekta na rynku AI?<\/li>\n<p>&#13;\n<\/ul>\n<p>Polska gospodarka mknie niczym Pendolino, a na horyzoncie pojawia si\u0119 szansa na obni\u017ck\u0119 st\u00f3p procentowych w grudniu<\/p>\n<p>Tydzie\u0144 rozpocz\u0119li\u015bmy od przyjrzenia si\u0119 rosn\u0105cym cenom oleju nap\u0119dowego na stacjach benzynowych w Polsce. \u015arednia cena diesla uros\u0142a do poziomu najwy\u017cszego od marca tego roku. Jak wyliczaj\u0105 eksperci Biura Maklerskiego Reflex, tylko w poprzednim tygodniu cena wzros\u0142a o 10 groszy na litrze. Benzyna osi\u0105gn\u0119\u0142a z kolei najwy\u017csz\u0105 warto\u015b\u0107 od czerwca. Jak przekonuje biuro maklerskie, to prawdopodobnie nie koniec podwy\u017cek cen paliw w Polsce. Z czego wynika wzrost cen? Przeczytacie o tym w poniedzia\u0142kowym podsumowaniu \u201c<a href=\"https:\/\/www.wnp.pl\/rynki\/diesel-jest-najdrozszy-od-marca-i-moze-dalej-drozec-hirsch-o-gospodarce,1004551.html\" target=\"_blank\" rel=\"nofollow noopener\">Diesel jest najdro\u017cszy od marca i mo\u017ce dalej dro\u017ce\u0107 [HIRSCH O GOSPODARCE]<\/a>\u201d.<\/p>\n<p>Je\u015bli ju\u017c o cenach m\u00f3wimy, to warto przej\u015b\u0107 do kolejnego tematu, czyli st\u00f3p procentowych, od poziomu kt\u00f3rych zale\u017cy popyt w kraju. Jak uwa\u017ca Ludwik Kotecki z Rady Polityki Pieni\u0119\u017cnej, kolejna obni\u017cka st\u00f3p procentowych ju\u017c w grudniu jest niewykluczona. Wszystko ma zale\u017ce\u0107 od odczyt\u00f3w inflacji.<\/p>\n<p>Je\u015bli prognozy si\u0119 potwierdz\u0105, a ta zejdzie do celu, to nie b\u0119dzie przeciwwskaza\u0144, \u017ceby nawet w grudniu przynajmniej podyskutowa\u0107 o obni\u017ckach st\u00f3p procentowych. Jak stwierdzi\u0142 Kotecki w rozmowie z ISBNews, by\u0107 mo\u017ce Rada uzna, \u017ce na gwiazdk\u0119 Polakom zrobi prezent w postaci ni\u017cszych koszt\u00f3w oprocentowania. Jak wygl\u0105da szansa na kolejne obni\u017cki? Zainteresowanych tematem, odsy\u0142amy do omawianego tekstu.<\/p>\n<p>Jak ta informacja \u0142\u0105czy si\u0119 z wiadomo\u015bci\u0105 o wy\u017cszych cenach paliw? C\u00f3\u017c &#8211; jak zauwa\u017ca Rafa\u0142 Hirsch &#8211; ceny paliw mog\u0105 by\u0107 faktycznie hamulcem dla dalszych decyzji RPP. Warto jednak zauwa\u017cy\u0107, \u017ce GUS potwierdzi\u0142 ostatnio inflacyjny odczyt za pa\u017adziernik, gdy ceny by\u0142y zaledwie o 2,8 proc. wy\u017csze ni\u017c rok wcze\u015bniej oraz o 0,1 proc. wy\u017csze ni\u017c we wrze\u015bniu. Problemem d\u0142ugo by\u0142y us\u0142ugi, ale te w ko\u0144cu zaczynaj\u0105 tanie\u0107. W stosunku do wrze\u015bnia spadek wyni\u00f3s\u0142 0,2 proc. Tanieje tak\u017ce \u017cywno\u015b\u0107 (np. mas\u0142o by\u0142o o 3 proc. ta\u0144sze ni\u017c we wrze\u015bniu). W tej sytuacji mo\u017ce si\u0119 zdarzy\u0107, \u017ce nawet dro\u017cej\u0105ce paliwa nie b\u0119d\u0105 w stanie zwi\u0119kszy\u0107 inflacji w Polsce.<\/p>\n<p>Na poziom inflacji w Polsce, wp\u0142yw maj\u0105 r\u00f3wnie\u017c ceny energii elektrycznej. Te mog\u0142yby spa\u015b\u0107 dzi\u0119ki proponowanej przez prezydenta (i om\u00f3wionej przez nas w poprzednim tygodniu) obni\u017cce niepotrzebnych op\u0142at. Niepotrzebnych zdaniem prezydenta, poniewa\u017c na ni\u017cszy VAT nie zgadza si\u0119 minister finans\u00f3w Andrzej Doma\u0144ski. W TVN24 minister stwierdzi\u0142, \u017ce obni\u017canie VAT-u oznacza, \u017ce gdzie\u015b indziej ten VAT trzeba by by\u0142o podnie\u015b\u0107, je\u017celi chcemy zachowa\u0107 stabilno\u015b\u0107 finans\u00f3w publicznych. Bior\u0105c pod uwag\u0119 wysoki deficyt, pomys\u0142 nale\u017cy uzna\u0107 za kiepski pod k\u0105tem rozwi\u0105za\u0144 systemowych. Innego zdania jest minister funduszy Katarzyna Pe\u0142czy\u0144ska-Na\u0142\u0119cz, kt\u00f3ra do\u015b\u0107 \u017cyczliwie wypowiada\u0142a si\u0119 na temat propozycji prezydenta.<\/p>\n<p>Pierwszy dzie\u0144 tygodnia zako\u0144czyli\u015bmy dobr\u0105 wiadomo\u015bci\u0105. O ile gospodarka ca\u0142ej UE ro\u015bnie w dosy\u0107 wolnym tempie (wed\u0142ug Eurostatu by\u0142o to zaledwie 1,6 proc. w uj\u0119ciu rocznym w III kwartale), to bardzo dobrze radzi sobie Polska. Jej wzrost o 0,8 proc. w uj\u0119ciu kwartalnym, jest trzecim najwy\u017cszym w UE &#8211; za Szwecj\u0105 i Cyprem. Wzgl\u0119dem III kwarta\u0142u 2024 roku wzrost wyni\u00f3s\u0142 a\u017c 3,7 proc., co da\u0142o nam drugie miejsce w Unii. Wyprzedzi\u0142a nas jedynie Irlandia, ale jej wzrost jest papierowy i nie ma wiele wsp\u00f3lnego z lokaln\u0105 gospodark\u0105. Mo\u017cna wi\u0119c \u015bmia\u0142o uzna\u0107, \u017ce rozwijamy si\u0119 najszybciej, z tym tylko zastrze\u017ceniem, \u017ce omawiamy niepe\u0142ne dane. Wci\u0105\u017c brakuje odczytu z Chorwacji, Danii, Grecji, Malty i Luksemburga. Ostatecznie Polska mo\u017ce zatem spa\u015b\u0107 na dalsze miejsca.<\/p>\n<p>Co\u015b z\u0142ego dzieje si\u0119 na polskim rynku pracy. Najgorszy odczyt od pandemii COVID-19<\/p>\n<p>We wtorek om\u00f3wienie dnia rozpocz\u0119li\u015bmy od spadk\u00f3w na \u015bwiatowych gie\u0142dach.\u00a0Dzie\u0144 wcze\u015bniej indeksy WIG i WIG20 spad\u0142y do poziomu najni\u017cszego od miesi\u0105ca, a wieczorem to samo spotka\u0142o indeksy ameryka\u0144skie. Och\u0142odzenie wida\u0107 tak\u017ce w Europie. Szczyt notowa\u0144 na gie\u0142dach mieli\u015bmy pod koniec pa\u017adziernika, wtedy zacz\u0119\u0142a si\u0119 po niej rozlewa\u0107 fala spadk\u00f3w nap\u0119dzana w\u0105tpliwo\u015bciami co do wycen rynkowych sp\u00f3\u0142ek zwi\u0105zanych z rozwojem AI. Zacz\u0119\u0142o si\u0119 od rozczarowania wynikami Meta Platforms. Kolejne dni przynios\u0142y kolejne z\u0142e wiadomo\u015bci. Doskona\u0142ym przyk\u0142adem jest NVidia, kt\u00f3ra jeszcze niedawno by\u0142a warta ponad 5 bln dol. Dzi\u015b nie osi\u0105ga nawet 4,5 bln dol., co oznacza spadek o ponad 10 proc.<\/p>\n<p>Drugim omawianym tematem by\u0142 kolejny, trzeci ju\u017c g\u0142os ze strony Rady Polityki Pieni\u0119\u017cnej, dopuszczaj\u0105cy mo\u017cliwo\u015b\u0107 obni\u017cenia st\u00f3p procentowych na najbli\u017cszym posiedzeniu w grudniu. Po Ireneuszu D\u0105browskim oraz Ludwiku Koteckim, wyrazi\u0142 go Wies\u0142aw Janczyk. W cytowanej przez PAP rozmowie z Bloombergiem, ekonomista stwierdzi\u0142, \u017ce je\u017celi otoczenie gospodarcze pozostanie stabilne, mo\u017cna zak\u0142ada\u0107 niewielkie dostosowanie st\u00f3p procentowych banku centralnego i obni\u017cenie ich poziomu w najbli\u017cszej przysz\u0142o\u015bci. Nast\u0119pnie sprecyzowa\u0142, \u017ce mo\u017cliwa jest obni\u017cka w grudniu. Zainteresowanych tematem, odsy\u0142amy do tekstu \u201c<a href=\"https:\/\/www.wnp.pl\/rynki\/gielda-najnizej-od-miesiaca-spadki-wygladaja-coraz-powazniej-hirsch-o-gospodarce,1004943.html\" target=\"_blank\" rel=\"nofollow noopener\">Gie\u0142da najni\u017cej od miesi\u0105ca, spadki wygl\u0105daj\u0105 coraz powa\u017cniej [HIRSCH O GOSPODARCE]<\/a>\u201d<\/p>\n<p>W poniedzia\u0142ek omawiali\u015bmy opini\u0119 ministra Doma\u0144skiego na temat proponowanej obni\u017cki VAT-u. Nowe dane zdaj\u0105 si\u0119 potwierdza\u0107, \u017ce minister ma du\u017co s\u0142uszno\u015bci, poniewa\u017c bud\u017cet pa\u0144stwa w samym tylko pa\u017adzierniku mia\u0142 26 mld z\u0142otych deficytu &#8211; wynika z nowych danych MF. Licz\u0105c od pocz\u0105tku roku, si\u0119ga on ju\u017c 227 mld z\u0142. Zmieszczenie si\u0119 w planowanym deficycie 289 mld z\u0142, b\u0119dzie oznacza\u0107, \u017ce prawdopodobnie tym razem minister nie b\u0119dzie m\u00f3g\u0142 w grudniu ksi\u0119gowa\u0107 cz\u0119\u015bci wydatk\u00f3w przysz\u0142orocznych &#8222;na zapas&#8221;, jak mia\u0142o to miejsce w ostatnich latach. Jak du\u017ce by\u0142y deficyty w ostatnich latach? Z czego wynika tak du\u017ca luka w kasie pa\u0144stwa? Wi\u0119cej na ten temat przeczytacie we wtorkowym podsumowaniu dnia.<\/p>\n<p>Opu\u015b\u0107my jednak Polsk\u0119 i udajmy si\u0119 do Brukseli. Je\u015bli nie uda si\u0119 przekaza\u0107 Ukrainie pieni\u0119dzy w oparciu o zamro\u017cone w Belgii rosyjskie aktywa, wtedy Unia mog\u0142aby wspom\u00f3c naszego wschodniego s\u0105siada grantem w wysoko\u015bci 90 mld euro &#8211; wynika z informacji, do kt\u00f3rych dotar\u0142 Bloomberg. Ukraina mierzy si\u0119 obecnie z olbrzymim deficytem i bez finansowej kropl\u00f3wki, utrzymanie pa\u0144stwa mo\u017ce okaza\u0107 si\u0119 niemo\u017cliwe. O tym, jak du\u017ce s\u0105 potrzeby UE oraz kto zap\u0142aci za to wsparcie, przeczytacie w omawianym tek\u015bcie.<\/p>\n<p>Tymczasem przechodzimy do ostatniego wtorkowego tematu, czyli sytuacji na rynku pracy w Polsce. Znikaj\u0105 z niego oferty pracy, a w pa\u017adzierniku wg analizy Grant Thornton by\u0142o ich 253 tysi\u0105ce, czyli o 32 tysi\u0105ce mniej ni\u017c rok temu. Oznacza to spadek w skali roku a\u017c o 12 proc. Dane s\u0105 najgorsze od pi\u0119ciu lat, mniej ofert pracy w pa\u017adzierniku ostatni raz by\u0142o w 2020 roku, czyli w samym \u015brodku pandemii. Jakim cudem sytuacja jest tak z\u0142a, jak w \u015brodku pandemii, gdy obostrzenia zabija\u0142y tysi\u0105ce firm w kraju? To pytanie, kt\u00f3re pozostaje dzi\u015b bez odpowiedzi. S\u0105 zawody, gdzie sytuacja jest dobra. Dotyczy to lekarzy, piel\u0119gniarek, radc\u00f3w prawnych, ksi\u0119gowych, specjalist\u00f3w do spraw HR, cyberbezpiecze\u0144stwa oraz e-commerce.<\/p>\n<p>Krach na gie\u0142dzie coraz bli\u017cej? Kolejne niepokoj\u0105ce informacje<\/p>\n<p>Trzeci dzie\u0144 tygodnia zacz\u0119li\u015bmy od du\u017cych spadk\u00f3w firm energetycznych na gie\u0142dzie. Ponad 5,2 mld z\u0142 straci\u0142y na warto\u015bci we wtorek kontrolowane przez pa\u0144stwo sp\u00f3\u0142ki energetyczne. Tauron zaliczy\u0142 spadek a\u017c o 11,4 proc., Enea o 9,7 proc., PGE o 6,5 proc., a Energa potania\u0142a o 5,5 proc. Z czego wynika\u0142o to t\u0105pni\u0119cie? By\u0142a to reakcja, na powo\u0142anie przez ministra energii zespo\u0142u &#8222;do spraw poprawy efektywno\u015bci kszta\u0142towania taryf sieciowych energii elektrycznej&#8221;. Celem jest zmiana zasady wyliczania poziomu taryf, aby Urz\u0105d Regulacji Energetyki m\u00f3g\u0142 je wyznacza\u0107 na ni\u017cszym ni\u017c do tej pory poziomie. W praktyce m\u00f3wimy zatem o pr\u00f3bie przeniesienia koszt\u00f3w ze spo\u0142ecze\u0144stwa na firmy energetyczne.<\/p>\n<p>Kolejny dzie\u0144 przyni\u00f3s\u0142 kolejne doniesienia ze \u015bwiatowych rynk\u00f3w finansowych. We wtorek szef Google\u2019a Sundar Pichai, do\u0142\u0105czy\u0142 niespodziewanie do grona os\u00f3b, kt\u00f3re ostrzegaj\u0105 przed kolejn\u0105 ba\u0144k\u0105 na gie\u0142dzie. Ostrzeg\u0142 on w wywiadzie dla BBC, \u017ce dostrzega obecnie na rynku &#8222;elementy irracjonalno\u015bci&#8221;. Je\u015bli hossa na akcjach sp\u00f3\u0142ek zwi\u0105zanych z AI, zako\u0144czy si\u0119 za\u0142amaniem, to nie b\u0119dzie w tej bran\u017cy ani jednej sp\u00f3\u0142ki, kt\u00f3ra zostanie nienaruszona, a wi\u0119c ucierpi tak\u017ce Alphabet (w\u0142a\u015bciciel Google). Wi\u0119cej przeczytacie w analizie \u201c<a href=\"https:\/\/www.wnp.pl\/rynki\/duze-spadki-firm-energetycznych-na-gieldzie-przez-rzad-i-prezydenta-hirsch-o-gospodarce,1005386.html\" target=\"_blank\" rel=\"nofollow noopener\">Du\u017ce spadki firm energetycznych na gie\u0142dzie, przez rz\u0105d i prezydenta [HIRSCH O GOSPODARCE]<\/a>\u201d.<\/p>\n<p>Skoro ju\u017c o technologicznych gigantach wspominamy, to warto\u00a0om\u00f3wi\u0107\u00a0sytuacj\u0119\u00a0<a href=\"https:\/\/www.wnp.pl\/tematy\/microsoft,3005.html\" target=\"_blank\" rel=\"nofollow noopener\">Microsoftu<\/a> i Amazona. We wtorek ceny sp\u00f3\u0142ki spad\u0142y o 2,7 proc., staj\u0105c si\u0119 najta\u0144sze od czerwca. Amazon zszed\u0142 z kolei do najni\u017cszego poziomu od miesi\u0105ca. W obu przypadkach, by\u0142a to reakcja na obni\u017ck\u0119 rekomendacji ze strony firmy inwestycyjnej Rotschild &amp; Co Redburn, z pozytywnej do neutralnej. Wi\u0119cej o przyczynach zmiany rekomendacji i problemach z AI, przeczytacie w \u015brodowym podsumowaniu dnia.<\/p>\n<p>Przejd\u017amy do w\u0142oskiego parlamentu, gdzie pojawi\u0142 si\u0119 ciekawy pomys\u0142, aby zabra\u0107 cz\u0119\u015b\u0107 albo ca\u0142o\u015b\u0107 z\u0142ota b\u0119d\u0105cego elementem rezerw walutowych pa\u0144stwa, nast\u0119pnie sprzeda\u0107 je, a pieni\u0105dze uzyskane ze sprzeda\u017cy przeznaczy\u0107 na sp\u0142at\u0119 cz\u0119\u015bci d\u0142ugu publicznego. By\u0107 mo\u017ce, takie nowiny mo\u017cna by zignorowa\u0107, ale ich autorem s\u0105 pos\u0142owie nale\u017c\u0105cy do koalicji rz\u0105dz\u0105cej. Niewiele os\u00f3b wie, \u017ce W\u0142osi, maj\u0105 trzecie najwi\u0119ksze (po Amerykanach i Niemcach) rezerwy walutowe na \u015bwiecie. Te wynosz\u0105 2452 ton i s\u0105 warte ok. 350 mld euro. Jakie mog\u0142yby by\u0107 skutki takiej decyzji? Zainteresowanych tym tematem, odsy\u0142amy do omawianego tekstu.<\/p>\n<p>Z Chin dochodz\u0105 do nas alarmuj\u0105ce wiadomo\u015bci. W swoim raporcie kwartalnym firma Xiaomi ostrzega, \u017ce smartfony mog\u0105 by\u0107 w przysz\u0142ym roku dro\u017csze. Powodem jest wzrost\u00f3w koszt\u00f3w uk\u0142ad\u00f3w pami\u0119ci. Jeden z najwi\u0119kszych globalnych producent\u00f3w &#8211; Samsung, poinformowa\u0142, \u017ce podnosi ich ceny a\u017c o 60 proc. Podobnie zachowuj\u0105 si\u0119 te\u017c inni producenci tych podzespo\u0142\u00f3w. Przyczyn\u0105 jest oczywi\u015bcie rozw\u00f3j AI i popyt na te urz\u0105dzenia ze strony koncern\u00f3w pracuj\u0105cych nad rozwojem sztucznej inteligencji.<\/p>\n<p>Obni\u017cek st\u00f3p procentowych w grudniu, jednak nie b\u0119dzie?<\/p>\n<p>Czwartek, to kolejny dzie\u0144, kt\u00f3ry rozpocz\u0119li\u015bmy od om\u00f3wienia cel diesla. Jego ceny w hurcie w Orlenie s\u0105 obecnie najwy\u017csze od stycznia. Tylko w ci\u0105gu miesi\u0105ca podro\u017ca\u0142 on o ponad 50 groszy na litrze. Takich wzrost\u00f3w nie widzieli\u015bmy w Polsce od paru lat. Co ciekawe, wzrost\u00f3w nie wida\u0107 w przypadku benzyny bezo\u0142owiowej 95. Tak samo wygl\u0105da to tak\u017ce na rynku europejskim. Wi\u0119cej o cenach paliw przeczytacie w tek\u015bcie \u201c<a href=\"https:\/\/www.wnp.pl\/rynki\/cena-diesla-poszla-w-gore-w-miesiac-o-50-groszy-i-nie-moze-sie-zatrzymac-hirsch-o-gospodarce,1005840.html\" target=\"_blank\" rel=\"nofollow noopener\">Cena diesla posz\u0142a w g\u00f3r\u0119 w miesi\u0105c o 50 groszy i nie mo\u017ce si\u0119 zatrzyma\u0107 [HIRSCH O GOSPODARCE]<\/a>\u201d.<\/p>\n<p>Mamy te\u017c dobre wiadomo\u015bci. Mimo wzrostu cen paliw, inflacja w Polsce nie ro\u015bnie. Dzi\u0119ki temu, Polska wypad\u0142a ju\u017c ze \u015bcis\u0142ej czo\u0142\u00f3wki inflacyjnych lider\u00f3w w UE. Wed\u0142ug nowych danych Eurostatu inflacja w Polsce, na poziomie 2,9 proc. w skali roku, daje nam trzynaste albo pi\u0119tnaste miejsce na li\u015bcie pa\u0144stw unijnych, w zale\u017cno\u015bci od tego, z kt\u00f3rej strony liczymy. Na 27 pa\u0144stw UE jeste\u015bmy na pi\u0119tnastym miejscu na li\u015bcie kraj\u00f3w z najwy\u017csz\u0105 inflacj\u0105 i na trzynastym na li\u015bcie kraj\u00f3w z najni\u017csz\u0105 inflacj\u0105.<\/p>\n<p>Kolejny dzie\u0144 przyni\u00f3s\u0142 kolejne wiadomo\u015bci z gie\u0142dy. <a href=\"https:\/\/www.wnp.pl\/tematy\/nvidia,12994.html\" target=\"_blank\" rel=\"nofollow noopener\">NVidia<\/a>, czyli sp\u00f3\u0142ka z najwy\u017csz\u0105 na \u015bwiecie wycen\u0105 rynkow\u0105, opublikowa\u0142a \u015bwietne wyniki finansowe. Lepsze od oczekiwa\u0144 prognozy, dobre wyniki oraz optymistyczne komentarze zarz\u0105du &#8211; tak mo\u017cna podsumowa\u0107 ostatnie dni NVidii. Sp\u00f3\u0142ka posiada mar\u017c\u0119 brutto na poziomie 73,6 proc., co doskonale pokazuje, jak intratnym biznesem jest tworzenie infrastruktury dla sp\u00f3\u0142ek inwestuj\u0105cych w AI. Czy zatem hossa na rynku AI b\u0119dzie trwa\u0107 jeszcze przez jaki\u015b czas?<\/p>\n<p>Wr\u00f3\u0107my jednak do Polski. W rozmowie z &#8222;Pulsem Biznesu&#8221;, Ludwik Kotecki z Rady Polityki Pieni\u0119\u017cnej stwierdzi\u0142, \u017ce Rada powinna teraz zaczeka\u0107 kilka miesi\u0119cy z kolejnymi ruchami. Zdaniem ekonomisty, lwia cz\u0119\u015b\u0107 poluzowania polityki pieni\u0119\u017cnej ju\u017c zosta\u0142a dokonana i nale\u017cy odczeka\u0107, aby zobaczy\u0107 efekty tych\u017ce decyzji.\u00a0<\/p>\n<p>Polityka pieni\u0119\u017cna zale\u017cy od fiskalnej, a ta od rz\u0105du. Twarz\u0105 rz\u0105dowej polityki fiskalnej jest minister finans\u00f3w Doma\u0144ski. Podczas wizyty w Krakowie, minister finans\u00f3w stwierdzi\u0142, \u017ce nie b\u0119dzie w tym roku dodatkowej nowelizacji bud\u017cetu, poniewa\u017c nie ma takiej potrzeby. Oznacza to, \u017ce deficyt prawdopodobnie nie przekroczy 289 mld z\u0142. Licz\u0105c dziur\u0119 pomi\u0119dzy dochodami a wydatkami bud\u017cetu za ostatnie dwana\u015bcie miesi\u0119cy, a wi\u0119c z uwzgl\u0119dnieniem tak\u017ce listopada i grudnia ubieg\u0142ego roku, si\u0119ga ona ju\u017c 308 mld z\u0142. Konieczne b\u0119dzie zatem zaciskanie pasa w ostatnich dw\u00f3ch miesi\u0105cach.<\/p>\n<p>Czeka nas g\u0142\u0119bszy spadek cen nieruchomo\u015bci w Polsce?<\/p>\n<p>Ostatni dzie\u0144 tygodnia rozpocz\u0119li\u015bmy od om\u00f3wienia sytuacji na rynku nieruchomo\u015bci mieszkaniowych. Jak wynika z nowych danych NBP, ceny transakcyjne mieszka\u0144 na rynku wt\u00f3rnym w Warszawie i Krakowie spada\u0142y w trzecim kwartale ju\u017c drugi kwarta\u0142 z rz\u0119du. W stolicy to pierwsza taka sytuacja od 2013 roku, w Krakowie za\u015b od 2015 roku. Nie s\u0105 to zatem zwyk\u0142e fluktuacje. Spadki dotyczy\u0142y tak\u017ce Szczecina, \u0141odzi i Katowic. Dro\u017cej by\u0142o za to w Poznaniu, Tr\u00f3jmie\u015bcie i Wroc\u0142awiu. Co ciekawe, spadkom i niewielkim wzrostom cen transakcyjnych towarzyszy wyra\u017anie wi\u0119kszy wzrost cen ofertowych. Czy sprzedaj\u0105cy oczekuj\u0105, \u017ce okres stabilizacji na rynku si\u0119 ko\u0144czy i wierz\u0105, \u017ce ju\u017c teraz da si\u0119 sprzeda\u0107 mieszkanie znacznie dro\u017cej? Zmiany cen mog\u0105 z kolei sugerowa\u0107, \u017ce zbli\u017ca si\u0119 koniec cyklu na rynku nieruchomo\u015bci, a spadki, kt\u00f3re obserwujemy, zwiastuj\u0105 d\u0142u\u017cszy okres bez wzrost\u00f3w.<\/p>\n<p>Ciekawie jest nie tylko na rynku nieruchomo\u015bci, ale tak\u017ce pracy. Blisko 22 proc. badanych wierzy w to, \u017ce za rok sytuacja finansowa ich gospodarstwa domowego b\u0119dzie lepsza ni\u017c obecnie \u2013 to najwi\u0119kszy odsetek od marca 2024 roku. Jednocze\u015bnie o tym, \u017ce ta sytuacja si\u0119 pogorszy przekonanych jest 23,2 proc. badanych &#8211; najwi\u0119cej od p\u00f3\u0142 roku, wynika z nowego opracowania GUS na temat nastroj\u00f3w konsument\u00f3w w Polsce. Znacznie gorsze s\u0105 oczekiwania dotycz\u0105ce zmian sytuacji gospodarczej w ca\u0142ym kraju \u2013 poprawy spodziewa si\u0119 tylko 17 proc. badanych, a pogorszenia a\u017c 39 proc. Szczeg\u00f3lnie mocno boimy si\u0119 o sytuacj\u0119 na rynku pracy, ni\u017c ceny w sklepach. Wzrostu bezrobocia obawia si\u0119 blisko 40 proc. badanych. To najwy\u017csza warto\u015b\u0107 od kwietnia.<\/p>\n<p>Doskona\u0142e wyniki finansowe NVidii, nie zrobi\u0142y na inwestorach zbyt du\u017cego wra\u017cenia, poniewa\u017c na gie\u0142dach pr\u00f3\u017cno szuka\u0107 wzrost\u00f3w. Spad\u0142a nie tylko wycena NVidii, ale tak\u017ce takich sp\u00f3\u0142ek jak Microsoft, Meta, Netflix czy Tesla. Indeks Nasdaq spad\u0142 o ponad 2 proc. a w\u015br\u00f3d dwudziestu najwi\u0119kszych ameryka\u0144skich firm, wzrostem notowa\u0144 mog\u0142y cieszy\u0107 si\u0119 tylko trzy, zupe\u0142nie niekojarzone z wysokimi technologiami. Wi\u0119cej przeczytacie w pi\u0105tkowym podsumowaniu \u201c<a href=\"https:\/\/www.wnp.pl\/rynki\/mieszkania-w-warszawie-i-krakowie-tanieja-juz-najdluzej-od-dziesieciu-lat-hirsch-o-gospodarce,1006279.html\" target=\"_blank\" rel=\"nofollow noopener\">Mieszkania w Warszawie i Krakowie taniej\u0105 ju\u017c najd\u0142u\u017cej od dziesi\u0119ciu lat [HIRSCH O GOSPODARCE]<\/a>\u201d.<\/p>\n<p>Zosta\u0144my w Stanach Zjednoczonych, poniewa\u017c w czwartek ukaza\u0142 si\u0119 raport o ameryka\u0144skim rynku pracy. M\u00f3wimy o op\u00f3\u017anionym odczycie za wrzesie\u0144. Wed\u0142ug raportu stopa bezrobocia w Stanach uros\u0142a do 4,4 proc., ale jednocze\u015bnie we wrze\u015bniu powsta\u0142o 119 tysi\u0119cy nowych miejsc pracy, co jest wynikiem najlepszym od maja. Dane maj\u0105 wi\u0119c s\u0142odko-gorzki posmak.<\/p>\n<p>Tydzie\u0144 zako\u0144czyli\u015bmy na danych z Niemiec. W swoim comiesi\u0119cznym raporcie,\u00a0<a href=\"https:\/\/www.wnp.pl\/rynki\/bundesbank-kredyty-w-niemczech-splacaja-sie-gorzej-rosnie-ryzyko-hirsch-o-gospodarce,1001918.html\" target=\"_blank\" rel=\"nofollow noopener\">Bundesbank<\/a> prognozuje, \u017ce w ko\u0144cu pojawi\u0107 si\u0119 mo\u017ce wzrost PKB, g\u0142\u00f3wnie dzi\u0119ki o\u017cywieniu w sektorze us\u0142ug. Mo\u017cliwe, \u017ce nap\u0119dza\u0107 go b\u0119dzie tak\u017ce rozw\u00f3j AI. Co jednak wa\u017cne, Bundesbank nie widzi te\u017c \u017cadnych sygna\u0142\u00f3w o\u017cywienia w eksporcie i w budownictwie. Bank prognozuje, \u017ce rz\u0105dowe inwestycje w infrastruktur\u0119 i obronno\u015b\u0107, maj\u0105 da\u0107 zauwa\u017calne efekty w przysz\u0142ym roku. Warto jednak mie\u0107 z ty\u0142u g\u0142owy, \u017ce wed\u0142ug kolejnych prognoz niemieckiego rz\u0105du oraz Bundesbanku ka\u017cdy kolejny rok mia\u0142 by\u0107 tym lepszym, w kt\u00f3rym zacznie si\u0119 o\u017cywienie, a potem okazywa\u0142o si\u0119, \u017ce nic z tego.<\/p>\n<p>Co czeka nas w najbli\u017cszych dniach?<\/p>\n<p>Tydzie\u0144 zaczniemy od istotnej dawki danych makroekonomicznych z Polski, kt\u00f3re mog\u0105 wp\u0142yn\u0105\u0107 na sentyment inwestor\u00f3w. O godzinie 10:00 poznamy pa\u017adziernikowe odczyty dotycz\u0105ce cen produkcji, produkcji przemys\u0142owej oraz budowlano-monta\u017cowej. R\u00f3wnocze\u015bnie GUS opublikuje dane o przeci\u0119tnym zatrudnieniu i wynagrodzeniu, a na GPW sp\u00f3\u0142ka Eurocash przedstawi skonsolidowany raport za trzeci kwarta\u0142 2025 roku.<\/p>\n<p>We wtorek uwaga inwestor\u00f3w skupi si\u0119 na raporcie kwartalnym PGE, a tak\u017ce na wa\u017cnych informacjach z polskiej gospodarki. GUS opublikuje wyniki sprzeda\u017cy detalicznej za pa\u017adziernik. Poznamy r\u00f3wnie\u017c dynamik\u0119 poda\u017cy pieni\u0105dza M3 w uj\u0119ciu rocznym. Z zagranicy nap\u0142yn\u0105 finalne dane o PKB Niemiec za III kwarta\u0142 oraz odczyty inflacji producenckiej ze Szwecji i USA.<\/p>\n<p>Trzeciego dnia kluczowym wydarzeniem na krajowym parkiecie b\u0119dzie publikacja skonsolidowanego raportu za III kwarta\u0142 2025 roku przez sp\u00f3\u0142k\u0119 CD Projekt. W sferze makroekonomicznej najistotniejsze b\u0119d\u0105 dane z polskiego rynku pracy \u2013 GUS poda informacj\u0119 na temat stopy bezrobocia za pa\u017adziernik, kt\u00f3ra jest jednym z barometr\u00f3w koniunktury gospodarczej.<\/p>\n<p>W czwartek\u00a0<a href=\"https:\/\/www.wnp.pl\/tematy\/ccc,25737.html\" target=\"_blank\" rel=\"nofollow noopener\">CCC<\/a> opublikuje sw\u00f3j skonsolidowany raport kwartalny, a kalendarz makroekonomiczny zdominuje Strefa Euro. Poznamy tam pa\u017adziernikowy odczyt poda\u017cy pieni\u0105dza M3. Szczeg\u00f3lnie interesuj\u0105ce b\u0119d\u0105 listopadowe wska\u017aniki koniunktury gospodarczej, w tym indeksy nastroj\u00f3w biznesu, konsument\u00f3w, producent\u00f3w oraz w us\u0142ugach, kt\u00f3re dadz\u0105 obraz kondycji gospodarki regionu.<\/p>\n<p>Tydzie\u0144 zako\u0144czymy w pi\u0105tek intensywn\u0105 seri\u0105 publikacji, na czele kt\u00f3rej w Polsce stanie wst\u0119pny wska\u017anik inflacji konsumenckiej za listopad oraz wska\u017aniki wyprzedzaj\u0105ce koniunktury i rynku pracy od BIEC. Na GPW PKP Cargo zaprezentuje sw\u00f3j raport kwartalny. Z zagranicy istotne b\u0119d\u0105 wst\u0119pne odczyty inflacji z Francji, Hiszpanii i W\u0142och, a tak\u017ce dane z rynku pracy Niemiec i W\u0119gier oraz finalne PKB Francji.<\/p>\n","protected":false},"excerpt":{"rendered":"&#13; Polska gospodarka mknie niczym Pendolino. &#13; Mimo solidnego wzrostu PKB, na rynku pracy wida\u0107 powa\u017cne problemy. &#13;&hellip;\n","protected":false},"author":2,"featured_media":117027,"comment_status":"","ping_status":"","sticky":false,"template":"","format":"standard","meta":{"footnotes":""},"categories":[16],"tags":[113,112,42,38,40,39,41],"class_list":{"0":"post-117026","1":"post","2":"type-post","3":"status-publish","4":"format-standard","5":"has-post-thumbnail","7":"category-biznes","8":"tag-biznes","9":"tag-business","10":"tag-pl","11":"tag-poland","12":"tag-polish","13":"tag-polska","14":"tag-polski"},"share_on_mastodon":{"url":"https:\/\/pubeurope.com\/@pl\/115608988080562573","error":""},"_links":{"self":[{"href":"https:\/\/www.europesays.com\/pl\/wp-json\/wp\/v2\/posts\/117026","targetHints":{"allow":["GET"]}}],"collection":[{"href":"https:\/\/www.europesays.com\/pl\/wp-json\/wp\/v2\/posts"}],"about":[{"href":"https:\/\/www.europesays.com\/pl\/wp-json\/wp\/v2\/types\/post"}],"author":[{"embeddable":true,"href":"https:\/\/www.europesays.com\/pl\/wp-json\/wp\/v2\/users\/2"}],"replies":[{"embeddable":true,"href":"https:\/\/www.europesays.com\/pl\/wp-json\/wp\/v2\/comments?post=117026"}],"version-history":[{"count":0,"href":"https:\/\/www.europesays.com\/pl\/wp-json\/wp\/v2\/posts\/117026\/revisions"}],"wp:featuredmedia":[{"embeddable":true,"href":"https:\/\/www.europesays.com\/pl\/wp-json\/wp\/v2\/media\/117027"}],"wp:attachment":[{"href":"https:\/\/www.europesays.com\/pl\/wp-json\/wp\/v2\/media?parent=117026"}],"wp:term":[{"taxonomy":"category","embeddable":true,"href":"https:\/\/www.europesays.com\/pl\/wp-json\/wp\/v2\/categories?post=117026"},{"taxonomy":"post_tag","embeddable":true,"href":"https:\/\/www.europesays.com\/pl\/wp-json\/wp\/v2\/tags?post=117026"}],"curies":[{"name":"wp","href":"https:\/\/api.w.org\/{rel}","templated":true}]}}