{"id":117028,"date":"2025-11-25T06:46:11","date_gmt":"2025-11-25T06:46:11","guid":{"rendered":"https:\/\/www.europesays.com\/pl\/117028\/"},"modified":"2025-11-25T06:46:11","modified_gmt":"2025-11-25T06:46:11","slug":"proceder-trwal-latami-prezes-orlenu-mowi-o-sprawie-godnej-najwyzszej-pogardy","status":"publish","type":"post","link":"https:\/\/www.europesays.com\/pl\/117028\/","title":{"rendered":"Proceder trwa\u0142 latami&#8221;. Prezes Orlenu m\u00f3wi o sprawie &#8222;godnej najwy\u017cszej pogardy"},"content":{"rendered":"\n<p>&#8211; Nied\u0142ugo z\u0142o\u017cymy doniesienie do prokuratury w\u00a0nowej sprawie. To jest bulwersuj\u0105ca sprawa. Dotyczy z\u0142ego zarz\u0105dzania sp\u00f3\u0142k\u0105 &#8211; zapowiedzia\u0142 w\u00a0poniedzia\u0142ek w\u00a0TVP Info prezes Orlenu Ireneusz F\u0105fara.<\/p>\n<p>W jego ocenie, to co jest &#8222;bulwersuj\u0105ce i\u00a0to co jest godne najwy\u017cszej pogardy&#8221;, to fakt, \u017ce sprawa dotyczy dw\u00f3ch najwa\u017cniejszych cz\u0142onk\u00f3w poprzedniego zarz\u0105du.<\/p>\n<blockquote><p>Stworzono taki mechanizm, w\u00a0kt\u00f3rym w\u00a0przetargach wygrywa\u0142a sp\u00f3\u0142ka nie zwi\u0105zana z\u00a0nimi, kt\u00f3ra sk\u0142ada\u0142a o\u015bwiadczenie, \u017ce jest wstanie wykona\u0107 pewne zlecenia, po czym nie umia\u0142a tego wykona\u0107, a\u00a0dawa\u0142a to zlecenie sp\u00f3\u0142kom wsp\u00f3\u0142nale\u017c\u0105cym do dw\u00f3ch najwa\u017cniejszych cz\u0142onk\u00f3w poprzedniego zarz\u0105du. To jest bulwersuj\u0105ce, nieetyczne, skandaliczne &#8211;\u00a0stwierdzi\u0142 F\u0105fara.<\/p><\/blockquote>\n<p> <img role=\"presentation\" class=\"absolute left-1\/2 top-1\/2 max-h-[80%] max-w-[100px] -translate-x-1\/2 -translate-y-1\/2\" src=\"https:\/\/v.wpimg.pl\/ZXJfd3AudTkrBBIAbg54LGhcRlAxHQUrPgJGH2MAeGJoSQ1eIBI_K2UHAEVuBTY5KQMMXC0RPyoVERQdMgM9ejc\" loading=\"lazy\" decoding=\"async\"\/><\/p>\n<p>200 tys. z\u0142 za\u00a0metamorfoz\u0119 domu marze\u0144. Efekt jest zachwycaj\u0105cy <\/p>\n<p>Prezes Orlenu na pytanie o\u00a0kim m\u00f3wi, odpar\u0142, \u017ce tego &#8222;nie mo\u017ce powiedzie\u0107&#8221;. Doda\u0142, \u017ce doniesienie w\u00a0tej sprawie &#8222;lada dzie\u0144 b\u0119dzie w\u00a0prokuraturze&#8221;. Wskaza\u0142, \u017ce chodzi o\u00a0kwot\u0119 kilkudziesi\u0119ciu milion\u00f3w z\u0142otych. <\/p>\n<p>&#8211;\u00a0To jest proceder, kt\u00f3ry trwa\u0142 kilka lat. Jeden z\u00a0tych pan\u00f3w zosta\u0142 wsp\u00f3lnikiem tej sp\u00f3\u0142ki w\u00a0roku 2022 r., a\u00a0drugi z\u00a0tych pan\u00f3w jest powi\u0105zany rodzinnie od samego pocz\u0105tku z\u00a0tymi firmami- poinformowa\u0142.<\/p>\n<p> <img role=\"presentation\" class=\"absolute left-1\/2 top-1\/2 max-h-[80%] max-w-[100px] -translate-x-1\/2 -translate-y-1\/2\" src=\"https:\/\/v.wpimg.pl\/ZXJfd3AudTkrBBIAbg54LGhcRlAxHQUrPgJGH2MAeGJoSQ1eIBI_K2UHAEVuBTY5KQMMXC0RPyoVERQdMgM9ejc\" loading=\"lazy\" decoding=\"async\"\/> <\/p>\n<p>F\u0105fara<a href=\"https:\/\/www.money.pl\/gospodarka\/ujawnil-plan-wobec-obajtka-szykuja-sie-dodatkowe-wnioski-7222920919738912a.html\" rel=\"noopener noreferrer nofollow\" target=\"_blank\"> pytany, czy Daniel Obajtek (b. prezes Orlenu, obecnie europose\u0142 &#8211;\u00a0PAP) wiedzia\u0142 o\u00a0tym procederze stwierdzi\u0142:<\/a><\/p>\n<p>&#8211;\u00a0<a href=\"https:\/\/www.money.pl\/gospodarka\/zlote-dziecko-pis-sa-juz-komentarze-po-audytach-w-orlenie-7079435792833504a.html\" rel=\"noopener noreferrer nofollow\" target=\"_blank\">Nie wiem, czy wiedzia\u0142, ale jestem przekonany, \u017ce musia\u0142 o\u00a0tym wiedzie\u0107.<\/a> Jak t\u0142umaczy\u0142 F\u0105fara, wynika to z\u00a0logiki zarz\u0105dzania tymi firmami oraz z\u00a0faktu, \u017ce wsp\u00f3\u0142udzia\u0142owiec wie, albo przynajmniej powinien wiedzie\u0107 co robi sp\u00f3\u0142ka, kt\u00f3rej jest udzia\u0142owcem.<\/p>\n<p>F\u0105fara: nigdy nie zetkn\u0105\u0142em si\u0119 z\u00a0tak\u0105 spraw\u0105 <\/p>\n<p>Odni\u00f3s\u0142 si\u0119 te\u017c, jak to uj\u0105\u0142, do sprawy szwajcarskiej. Chodzi o\u00a0firm\u0119 OTS i\u00a0dostawy ropy z\u00a0Wenezueli dla Orlenu.<\/p>\n<p> <img role=\"presentation\" class=\"absolute left-1\/2 top-1\/2 max-h-[80%] max-w-[100px] -translate-x-1\/2 -translate-y-1\/2\" src=\"https:\/\/v.wpimg.pl\/ZXJfd3AudTkrBBIAbg54LGhcRlAxHQUrPgJGH2MAeGJoSQ1eIBI_K2UHAEVuBTY5KQMMXC0RPyoVERQdMgM9ejc\" loading=\"lazy\" decoding=\"async\"\/> <\/p>\n<p>&#8211; W\u00a0ci\u0105gu jednego dnia dos\u0142ownie z\u00a0firmy wyp\u0142yn\u0119\u0142o 1,5 mld z\u0142. Polecenie przekazania tych pieni\u0119dzy zosta\u0142o wydane na telefon przez WhatsAppa do firm, kt\u00f3re zupe\u0142nie nie maj\u0105 do\u015bwiadczenia w\u00a0handlu rop\u0105, bez \u017cadnych zabezpiecze\u0144. To jest po prostu skandal. Nigdy nie zetkn\u0105\u0142em si\u0119 z\u00a0tak\u0105 spraw\u0105. Je\u015bli spojrzymy na ca\u0142o\u015b\u0107 zarz\u0105dzania Orlenem, na te miliardy z\u0142otych zmarnowanych my\u015bl\u0119, \u017ce to jest najwi\u0119ksza afera &#8211;\u00a0oceni\u0142 F\u0105fara.<\/p>\n<p> <a href=\"https:\/\/www.money.pl\/gospodarka\/podsumowali-wielki-audyt-w-orlenie-miliardy-strat-nowe-wnioski-do-prokuratury-7141043430280032a.html\" class=\"teaser-inline\" rel=\"nofollow noopener\" target=\"_blank\">  <img decoding=\"async\" src=\"https:\/\/www.europesays.com\/pl\/wp-content\/uploads\/2025\/10\/MGY2YTg1YiY4UC9nSEpvM3sIez0OE2FlLBBjdkgAf39pSnYyDl0oNTxCNnoAQzg3OEUpehddYiYpW3YiVh4pLipCNTUeHigqO1c9.jpeg\" width=\"0\" height=\"0\" loading=\"lazy\" class=\"wp-media-image cropped\" alt=\"Podsumowali wielki audyt w Orlenie. Miliardy strat, nowe wnioski do prokuratury\"\/><\/p>\n<p>Podsumowali wielki audyt w Orlenie. Miliardy strat, nowe wnioski do prokuratury<\/p>\n<p><\/a> <\/p>\n<p>Pytany, czy da si\u0119 odzyska\u0107 te pieni\u0105dze powiedzia\u0142, \u017ce w\u00a0latach 2015-2023 zawarto mniej wi\u0119cej 1200 transakcji na zakup ropy. <\/p>\n<p> <img role=\"presentation\" class=\"absolute left-1\/2 top-1\/2 max-h-[80%] max-w-[100px] -translate-x-1\/2 -translate-y-1\/2\" src=\"https:\/\/v.wpimg.pl\/ZXJfd3AudTkrBBIAbg54LGhcRlAxHQUrPgJGH2MAeGJoSQ1eIBI_K2UHAEVuBTY5KQMMXC0RPyoVERQdMgM9ejc\" loading=\"lazy\" decoding=\"async\"\/> <\/p>\n<p>&#8211;\u00a0Wszystkie one zawarte by\u0142y z\u00a0powa\u017cnymi firmami, kt\u00f3re dzia\u0142aj\u0105 na tym rynku i\u00a0nigdy zakup nie by\u0142 przedp\u0142acany, czyli nigdy wcze\u015bniej nie zap\u0142acono pieni\u0119dzy. Tylko w\u00a0czterech transakcjach, zrobionych po 15 pa\u017adziernika 2023 r. zrobiono transakcje z\u00a0nieznanymi wcze\u015bniej czterema firmami, z\u00a0kt\u00f3rymi Orlen wcze\u015bniej nie wsp\u00f3\u0142pracowa\u0142 i\u00a0100 proc. warto\u015bci, rzekomo maj\u0105cej by\u0107 do kupienia ropy, przekazano na konto tych firm. Te pieni\u0105dze znikn\u0119\u0142y. To pokazuje mechanizm, do kt\u00f3rego dosz\u0142o &#8211;\u00a0przekaza\u0142.<\/p>\n<p>Zapewni\u0142, \u017ce Orlen robimy &#8222;wszystko co si\u0119 da przy pomocy najlepszych \u015bwiatowych prawnik\u00f3w, najlepszych kancelarii \u015bwiatowych, kt\u00f3re zajmuj\u0105 si\u0119 prawem jak i\u00a0dochodzeniem nale\u017cno\u015bci. &#8211;\u00a0Bardzo trudno b\u0119dzie odzyska\u0107 te pieni\u0105dze &#8211;\u00a0przyzna\u0142 F\u0105fara. Doda\u0142, \u017ce dzia\u0142ania w\u00a0tej sprawie b\u0119d\u0105 kontynuowane.<\/p>\n<p> <img role=\"presentation\" class=\"absolute left-1\/2 top-1\/2 max-h-[80%] max-w-[100px] -translate-x-1\/2 -translate-y-1\/2\" src=\"https:\/\/v.wpimg.pl\/ZXJfd3AudTkrBBIAbg54LGhcRlAxHQUrPgJGH2MAeGJoSQ1eIBI_K2UHAEVuBTY5KQMMXC0RPyoVERQdMgM9ejc\" loading=\"lazy\" decoding=\"async\"\/><\/p>\n<p>Kontrakty na\u00a0dostawy trzeba by\u0142o wypowiedzie\u0107 <\/p>\n<p><a href=\"https:\/\/www.money.pl\/gospodarka\/zagubione-miliony-orlenu-wychodza-na-jaw-nowe-ustalenia-7077445249641408a.html\" rel=\"noopener noreferrer nofollow\" target=\"_blank\">10 kwietnia Orlen poinformowa\u0142, \u017ce w\u00a0zwi\u0105zku z\u00a0utraceniem przez OTS 1,6 mld z\u0142 przedp\u0142at<\/a> za niedostarczon\u0105 rop\u0119, koncern przewiduje skorygowanie wynik\u00f3w rocznych za 2023 r. o\u00a0tak\u0105 w\u0142a\u015bnie kwot\u0119.<\/p>\n<p>Wed\u0142ug informacji powo\u0142anego w\u00a0lutym 2024 r. zarz\u0105du OTS, <a href=\"https:\/\/www.money.pl\/gospodarka\/szokujace-kulisy-handlu-ropa-pieniadze-ze-spolki-orlenu-trafily-do-25-latka-z-azji-7020026030889888a.html\" rel=\"noopener noreferrer nofollow\" target=\"_blank\">ok. 400 mln dol. utraconych przez sp\u00f3\u0142k\u0119 by\u0142o przedp\u0142atami na dostawy ropy, g\u0142\u00f3wnie z\u00a0Wenezueli, przy udziale po\u015brednik\u00f3w. <\/a>Przedp\u0142aty z\u00a0grudnia 2023 r. nie prze\u0142o\u017cy\u0142y si\u0119 na dostawy towaru.<\/p>\n<p> <a href=\"https:\/\/www.money.pl\/gospodarka\/bizancjum-w-orlenie-luksusowe-zycie-w-szwajcarskiej-spolce-giganta-7042211596106560a.html\" class=\"teaser-inline\" rel=\"nofollow noopener\" target=\"_blank\">  <img decoding=\"async\" src=\"https:\/\/www.europesays.com\/pl\/wp-content\/uploads\/2025\/11\/MzA2ZDNkYhsgUCx3YRBvDmMIeC0nSWFYNBBgZmFaf0JxSnUiJwcoCCRCNWopGTgKIEUqaj4HYhsxW3Uyf0QpEzJCNiU3RCgXI1c-.jpeg\" width=\"0\" height=\"0\" loading=\"lazy\" class=\"wp-media-image cropped\" alt=\"&quot;Luksusowe \u017cycie&quot; w szwajcarskiej sp\u00f3\u0142ce Orlenu. Ujawniaj\u0105\"\/><\/p>\n<p>&#8222;Luksusowe \u017cycie&#8221; w szwajcarskiej sp\u00f3\u0142ce Orlenu. Ujawniaj\u0105<\/p>\n<p><\/a> <img role=\"presentation\" class=\"absolute left-1\/2 top-1\/2 max-h-[80%] max-w-[100px] -translate-x-1\/2 -translate-y-1\/2\" src=\"https:\/\/v.wpimg.pl\/ZXJfd3AudTkrBBIAbg54LGhcRlAxHQUrPgJGH2MAeGJoSQ1eIBI_K2UHAEVuBTY5KQMMXC0RPyoVERQdMgM9ejc\" loading=\"lazy\" decoding=\"async\"\/> <\/p>\n<p>Przedp\u0142aty trafi\u0142y do po\u015brednik\u00f3w, najwi\u0119cej &#8211;\u00a0ok. 240 mln dol. do jednego z\u00a0po\u015brednik\u00f3w, sp\u00f3\u0142ki za\u0142o\u017conej w\u00a02021 r. w\u00a0Dubaju przez 25-letniego obywatela Chin lub Hong Kongu.<\/p>\n<p>Terminy za\u0142adunku wyczarterowanych przez OTS tankowc\u00f3w by\u0142y mi\u0119dzy grudniem a\u00a0styczniem, statki nie zosta\u0142y jednak za\u0142adowane w\u00a0Wenezueli. Nowy zarz\u0105d przekaza\u0142, \u017ce kontrakty na dostawy trzeba by\u0142o wypowiedzie\u0107, a\u00a0na tej podstawie wypowiedzie\u0107 umowy na czarter tankowc\u00f3w, kt\u00f3re bezczynnie sta\u0142y od grudnia.<\/p>\n<p>Orlen z\u0142o\u017cy\u0142 do prokuratury zawiadomienie ws. dzia\u0142a\u0144 by\u0142ego zarz\u0105du koncernu wobec OTS. <\/p>\n","protected":false},"excerpt":{"rendered":"&#8211; Nied\u0142ugo z\u0142o\u017cymy doniesienie do prokuratury w\u00a0nowej sprawie. To jest bulwersuj\u0105ca sprawa. Dotyczy z\u0142ego zarz\u0105dzania sp\u00f3\u0142k\u0105 &#8211; zapowiedzia\u0142&hellip;\n","protected":false},"author":2,"featured_media":117029,"comment_status":"","ping_status":"","sticky":false,"template":"","format":"standard","meta":{"footnotes":""},"categories":[12],"tags":[32,33,36,37,27,34,35,28,31,25,42,38,40,39,41,29,30,26],"class_list":{"0":"post-117028","1":"post","2":"type-post","3":"status-publish","4":"format-standard","5":"has-post-thumbnail","7":"category-polska","8":"tag-breaking-news","9":"tag-breakingnews","10":"tag-featured-news","11":"tag-featurednews","12":"tag-headlines","13":"tag-latest-news","14":"tag-latestnews","15":"tag-naglowki","16":"tag-najwazniejsze-artykuly","17":"tag-news","18":"tag-pl","19":"tag-poland","20":"tag-polish","21":"tag-polska","22":"tag-polski","23":"tag-top-stories","24":"tag-topstories","25":"tag-wiadomosci"},"share_on_mastodon":{"url":"https:\/\/pubeurope.com\/@pl\/115608996440556704","error":""},"_links":{"self":[{"href":"https:\/\/www.europesays.com\/pl\/wp-json\/wp\/v2\/posts\/117028","targetHints":{"allow":["GET"]}}],"collection":[{"href":"https:\/\/www.europesays.com\/pl\/wp-json\/wp\/v2\/posts"}],"about":[{"href":"https:\/\/www.europesays.com\/pl\/wp-json\/wp\/v2\/types\/post"}],"author":[{"embeddable":true,"href":"https:\/\/www.europesays.com\/pl\/wp-json\/wp\/v2\/users\/2"}],"replies":[{"embeddable":true,"href":"https:\/\/www.europesays.com\/pl\/wp-json\/wp\/v2\/comments?post=117028"}],"version-history":[{"count":0,"href":"https:\/\/www.europesays.com\/pl\/wp-json\/wp\/v2\/posts\/117028\/revisions"}],"wp:featuredmedia":[{"embeddable":true,"href":"https:\/\/www.europesays.com\/pl\/wp-json\/wp\/v2\/media\/117029"}],"wp:attachment":[{"href":"https:\/\/www.europesays.com\/pl\/wp-json\/wp\/v2\/media?parent=117028"}],"wp:term":[{"taxonomy":"category","embeddable":true,"href":"https:\/\/www.europesays.com\/pl\/wp-json\/wp\/v2\/categories?post=117028"},{"taxonomy":"post_tag","embeddable":true,"href":"https:\/\/www.europesays.com\/pl\/wp-json\/wp\/v2\/tags?post=117028"}],"curies":[{"name":"wp","href":"https:\/\/api.w.org\/{rel}","templated":true}]}}