{"id":117032,"date":"2025-11-25T06:49:10","date_gmt":"2025-11-25T06:49:10","guid":{"rendered":"https:\/\/www.europesays.com\/pl\/117032\/"},"modified":"2025-11-25T06:49:10","modified_gmt":"2025-11-25T06:49:10","slug":"bagi-wypali%c2%b3-o-ewie-kasprzyk-to-s%c2%b1dzi-o-jej-szokuj%c2%b1cych-s%c2%b3owach-na-temat-terapii","status":"publish","type":"post","link":"https:\/\/www.europesays.com\/pl\/117032\/","title":{"rendered":"Bagi wypali\u00b3 o Ewie Kasprzyk. To s\u00b1dzi o jej szokuj\u00b1cych s\u00b3owach na temat terapii"},"content":{"rendered":"<p class=\"art_paragraph\">Miko\u0142aj &#8222;Bagi&#8221; Bagi\u0144ski to zwyci\u0119zca ostatniej edycji &#8222;<a href=\"https:\/\/www.plotek.pl\/taniec-z-gwiazdami\/\" class=\"art_link\" rel=\"dofollow noopener\" target=\"_blank\">Ta\u0144ca z gwiazdami<\/a>&#8222;. Nie da si\u0119 ukry\u0107, \u017ce jego zwyci\u0119stwo wzbudzi\u0142o niema\u0142e emocje i kontrowersje. <a href=\"https:\/\/www.plotek.pl\/plotek\/7,111485,32402439,afera-po-finale-tanca-z-gwiazdami-widzowie-podzieleni-wygrala.html\" class=\"art_link\" rel=\"dofollow noopener\" target=\"_blank\">W sieci wybuch\u0142a niema\u0142a afera, a w komentarzach zawrza\u0142o<\/a>. R\u00f3wnie\u017c <a href=\"https:\/\/www.plotek.pl\/plotek\/7,111485,32402392,tak-jurorzy-tanca-z-gwiazdami-zareagowali-na-trzecie-miejsce.html\" class=\"art_link\" rel=\"dofollow noopener\" target=\"_blank\">jurorzy mieli niet\u0119gie miny, gdy dowiedzieli si\u0119, \u017ce ich ulubienica zaj\u0119\u0142a trzecie miejsce<\/a>. Tymczasem Bagi nie przejmuj si\u0119 krytyk\u0105 i korzysta z jeszcze wi\u0119kszej popularno\u015bci. Teraz pojawi\u0142 si\u0119 w podca\u015bcie &#8222;Wojew\u00f3dzkiK\u0119dzierski&#8221;, gdzie nagle wspomnia\u0142 o <a href=\"https:\/\/www.plotek.pl\/ewa-kasprzyk\" class=\"art_link\" rel=\"dofollow noopener\" target=\"_blank\">Ewie Kasprzyk<\/a>.<\/p>\n<p>\n    Zobacz wideo Lanberry i Musia\u0142kowski o tym, \u017ce &#8222;przegra\u0142 taniec, a wygra\u0142 TikTok&#8221;. Widz\u0105 uczucie mi\u0119dzy Bagim a Magd\u0105?\n  <\/p>\n<p> \u00a0Bagi o Kasprzyk. Takich s\u0142\u00f3w nikt si\u0119 nie spodziewa\u0142<\/p>\n<p class=\"art_paragraph\">W zapowiedzi odcinka z udzia\u0142em Miko\u0142aja &#8222;Bagiego&#8221; Bagi\u0144skiego mo\u017cemy zobaczy\u0107, \u017ce nagle w rozmowie pad\u0142o nazwisko <a href=\"https:\/\/www.plotek.pl\/ewa-kasprzyk#anchorLink\" rel=\"nofollow noopener\" target=\"_blank\">Ewy Kasprzyk<\/a>. Wszystko przez to, \u017ce w jednym z odcink\u00f3w &#8222;<a href=\"https:\/\/www.plotek.pl\/taniec-z-gwiazdami#anchorLink\" rel=\"nofollow noopener\" target=\"_blank\">Ta\u00f1ca z gwiazdami<\/a>&#8221; aktorka zszokowa\u0142a wszystkich, m\u00f3wi\u0105c o terapii i alkoholu. &#8211; Ja, gdybym mia\u0142a i\u015b\u0107 na terapi\u0119 albo na drinka, to posz\u0142abym na drinka, bo taniej si\u0119 p\u0142acze &#8211; powiedzia\u0142a wtedy, odnosz\u0105c si\u0119 do wypowiedzi samego Bagiego, kt\u00f3ry w materiale emitowanym przed swoim wyst\u0119pem m\u00f3wi\u0142 o uzale\u017cnieniu od alkoholu i poleca\u0142 terapi\u0119.<\/p>\n<p class=\"art_paragraph\">Teraz w podca\u015bcie <a href=\"https:\/\/www.plotek.pl\/kuba-wojewodzki#anchorLink\" rel=\"nofollow noopener\" target=\"_blank\">Kuby Wojew\u00f3dzkiego<\/a> i Piotra K\u0119dzierskiego influencer mia\u0142 okazj\u0119 wr\u00f3ci\u0107 do tej sytuacji. &#8211; W kt\u00f3rym\u015b odcinku, jak ja mia\u0142em ca\u0142y filmik przed ta\u0144cem o tym, \u017ce od dw\u00f3ch lat nie pij\u0119 alkoholu, to pani Ewa co\u015b powiedzia\u0142a na lajwie, \u017ce ona to zamiast na terapi\u0119, woli p\u00f3j\u015b\u0107 na drinka &#8211; zacz\u0105\u0142 Bagi. &#8211; To mia\u0142o by\u0107 \u015bmieszne, a wysz\u0142o bardzo nieroztropnie &#8211; wtr\u0105ci\u0142 Kuba Wojew\u00f3dzki. Wtedy Bagi wypali\u0142, co naprawd\u0119 my\u015bli o s\u0142owach Kasprzyk. &#8211; Wysz\u0142o specyficznie &#8211; podsumowa\u0142.<\/p>\n<p> Bagi szczery jak nigdy. Tyle straci\u0142 pieni\u0119dzy<\/p>\n<p class=\"art_paragraph\">Miko\u0142aj &#8222;Bagi&#8221; Bagi\u0144ski w rozmowie z <a href=\"https:\/\/www.plotek.pl\/kuba-wojewodzki#anchorLink\" rel=\"nofollow noopener\" target=\"_blank\">Wojew\u00f3dzkim<\/a> i K\u0119dzierskim opowiedzia\u0142 te\u017c o biznesie i inwestowaniu. Wprost te\u017c przyzna\u0142, ile pieni\u0119dzy najwi\u0119cej straci\u0142, robi\u0105c interesy. &#8211; Prawie milion z\u0142otych &#8211; ujawni\u0142, nie owijaj\u0105c w bawe\u0142n\u0119. Nie jest jednak tajemnic\u0105, \u017ce Bagiemu uda\u0142o si\u0119 zarobi\u0107 znacznie wi\u0119cej, a wed\u0142ug medialnych doniesie\u0144, influencer ma na swoim koncie miliony z\u0142otych. Wi\u0119cej na temat maj\u0105tku Bagiego przeczytacie <a href=\"https:\/\/www.plotek.pl\/celebryci\/7,198202,32276735,bagi-zaskoczyl-wyznaniem-o-zarobkach-zdradzil-co-zrobi-z-wygrana.html\" class=\"art_link\" rel=\"dofollow noopener\" target=\"_blank\">TUTAJ<\/a>.\u00a0<\/p>\n","protected":false},"excerpt":{"rendered":"Miko\u0142aj &#8222;Bagi&#8221; Bagi\u0144ski to zwyci\u0119zca ostatniej edycji &#8222;Ta\u0144ca z gwiazdami&#8222;. Nie da si\u0119 ukry\u0107, \u017ce jego zwyci\u0119stwo wzbudzi\u0142o&hellip;\n","protected":false},"author":2,"featured_media":117033,"comment_status":"","ping_status":"","sticky":false,"template":"","format":"standard","meta":{"footnotes":""},"categories":[22],"tags":[122,42,38,40,39,41,123],"class_list":{"0":"post-117032","1":"post","2":"type-post","3":"status-publish","4":"format-standard","5":"has-post-thumbnail","7":"category-rozrywka","8":"tag-entertainment","9":"tag-pl","10":"tag-poland","11":"tag-polish","12":"tag-polska","13":"tag-polski","14":"tag-rozrywka"},"share_on_mastodon":{"url":"https:\/\/pubeurope.com\/@pl\/115609007758522418","error":""},"_links":{"self":[{"href":"https:\/\/www.europesays.com\/pl\/wp-json\/wp\/v2\/posts\/117032","targetHints":{"allow":["GET"]}}],"collection":[{"href":"https:\/\/www.europesays.com\/pl\/wp-json\/wp\/v2\/posts"}],"about":[{"href":"https:\/\/www.europesays.com\/pl\/wp-json\/wp\/v2\/types\/post"}],"author":[{"embeddable":true,"href":"https:\/\/www.europesays.com\/pl\/wp-json\/wp\/v2\/users\/2"}],"replies":[{"embeddable":true,"href":"https:\/\/www.europesays.com\/pl\/wp-json\/wp\/v2\/comments?post=117032"}],"version-history":[{"count":0,"href":"https:\/\/www.europesays.com\/pl\/wp-json\/wp\/v2\/posts\/117032\/revisions"}],"wp:featuredmedia":[{"embeddable":true,"href":"https:\/\/www.europesays.com\/pl\/wp-json\/wp\/v2\/media\/117033"}],"wp:attachment":[{"href":"https:\/\/www.europesays.com\/pl\/wp-json\/wp\/v2\/media?parent=117032"}],"wp:term":[{"taxonomy":"category","embeddable":true,"href":"https:\/\/www.europesays.com\/pl\/wp-json\/wp\/v2\/categories?post=117032"},{"taxonomy":"post_tag","embeddable":true,"href":"https:\/\/www.europesays.com\/pl\/wp-json\/wp\/v2\/tags?post=117032"}],"curies":[{"name":"wp","href":"https:\/\/api.w.org\/{rel}","templated":true}]}}