{"id":117034,"date":"2025-11-25T06:51:15","date_gmt":"2025-11-25T06:51:15","guid":{"rendered":"https:\/\/www.europesays.com\/pl\/117034\/"},"modified":"2025-11-25T06:51:15","modified_gmt":"2025-11-25T06:51:15","slug":"dragon-ball-w-kfc-od-25-listopada","status":"publish","type":"post","link":"https:\/\/www.europesays.com\/pl\/117034\/","title":{"rendered":"Dragon Ball w KFC od 25 listopada!"},"content":{"rendered":"<p id=\"breadcrumbs\"><a href=\"https:\/\/serialomaniak.com\/\" rel=\"nofollow noopener\" target=\"_blank\">Strona g\u0142\u00f3wna<\/a> \u00bb <a href=\"https:\/\/serialomaniak.com\/informacja-prasowa\/\" rel=\"nofollow noopener\" target=\"_blank\">Informacja prasowa<\/a> \u00bb Dragon Ball w KFC od 25 listopada!<\/p>\n<p><img loading=\"lazy\" data-lazyloaded=\"1\" width=\"800\" height=\"445\" src=\"https:\/\/www.europesays.com\/pl\/wp-content\/uploads\/2025\/11\/dragon-ball-kfc-25-listopada-800x445.png\" class=\"attachment-colormag-featured-image size-colormag-featured-image wp-post-image\" alt=\"\" decoding=\"async\"\/><\/p>\n<p class=\"featured-caption\">fot. KFC<\/p>\n<p>KFC wchodzi do \u015bwiata kultowego <a href=\"https:\/\/serialomaniak.com\/anime-dragon-ball\/\" rel=\"nofollow noopener\" target=\"_blank\">Dragon Ball<\/a> Z, tworz\u0105c jedn\u0105 z najbardziej wyczekiwanych wsp\u00f3\u0142prac tego roku. To niezwyk\u0142e po\u0142\u0105czenie, w kt\u00f3rym znany na ca\u0142ym \u015bwiecie kurczak spotyka legendarnych wojownik\u00f3w, a efektem jest zupe\u0142nie nowa linia produkt\u00f3w. W specjalnym menu czekaj\u0105 na Ciebie dwa warianty inspirowane skrajnie r\u00f3\u017cnymi bohaterami oraz kolejne dwie smakowite nowo\u015bci.<\/p>\n<ul class=\"wp-block-list\">\n<li>Teriyaki Katsu Sando (inspirowane Son Goku) czyli chrupi\u0105cy filet z sosem Teriyaki,sa\u0142at\u0105 i marynowan\u0105 kapust\u0105.<\/li>\n<li>Spicy Teriyaki Katsu Sando (inspirowane Veget\u0105) czyli kurczak, ostry sos spicy teriyaki, marynowan\u0105 czerwona cebula i wasabi mayo.<\/li>\n<li>Kube\u0142ek z kawa\u0142kami kurczaka polanymi sosem Teriyaki.<\/li>\n<li>Dragon Fried Chesse Balls (nawi\u0105zanie do smoczych kul).<\/li>\n<\/ul>\n<p>Ka\u017cdy produkt z tej limitowanej serii b\u0119dzie wydawany w dedykowanym opakowaniu z grafikami przedstawiaj\u0105cymi bohater\u00f3w Dragon Ball Z.<\/p>\n<p>\u017ar\u00f3d\u0142o: informacja prasowa KFC<\/p>\n<p class=\"post-tags\">Tagi: <a href=\"https:\/\/serialomaniak.com\/tag\/dragon-ball\/\" rel=\"tag nofollow noopener\" target=\"_blank\">Dragon Ball<\/a>, <a href=\"https:\/\/serialomaniak.com\/tag\/kfc\/\" rel=\"tag nofollow noopener\" target=\"_blank\">KFC<\/a><\/p>\n","protected":false},"excerpt":{"rendered":"Strona g\u0142\u00f3wna \u00bb Informacja prasowa \u00bb Dragon Ball w KFC od 25 listopada! fot. KFC KFC wchodzi do&hellip;\n","protected":false},"author":2,"featured_media":117035,"comment_status":"","ping_status":"","sticky":false,"template":"","format":"standard","meta":{"footnotes":""},"categories":[16],"tags":[113,112,25353,25354,42,38,40,39,41],"class_list":{"0":"post-117034","1":"post","2":"type-post","3":"status-publish","4":"format-standard","5":"has-post-thumbnail","7":"category-biznes","8":"tag-biznes","9":"tag-business","10":"tag-dragon-ball","11":"tag-kfc","12":"tag-pl","13":"tag-poland","14":"tag-polish","15":"tag-polska","16":"tag-polski"},"share_on_mastodon":{"url":"https:\/\/pubeurope.com\/@pl\/115609015831039527","error":""},"_links":{"self":[{"href":"https:\/\/www.europesays.com\/pl\/wp-json\/wp\/v2\/posts\/117034","targetHints":{"allow":["GET"]}}],"collection":[{"href":"https:\/\/www.europesays.com\/pl\/wp-json\/wp\/v2\/posts"}],"about":[{"href":"https:\/\/www.europesays.com\/pl\/wp-json\/wp\/v2\/types\/post"}],"author":[{"embeddable":true,"href":"https:\/\/www.europesays.com\/pl\/wp-json\/wp\/v2\/users\/2"}],"replies":[{"embeddable":true,"href":"https:\/\/www.europesays.com\/pl\/wp-json\/wp\/v2\/comments?post=117034"}],"version-history":[{"count":0,"href":"https:\/\/www.europesays.com\/pl\/wp-json\/wp\/v2\/posts\/117034\/revisions"}],"wp:featuredmedia":[{"embeddable":true,"href":"https:\/\/www.europesays.com\/pl\/wp-json\/wp\/v2\/media\/117035"}],"wp:attachment":[{"href":"https:\/\/www.europesays.com\/pl\/wp-json\/wp\/v2\/media?parent=117034"}],"wp:term":[{"taxonomy":"category","embeddable":true,"href":"https:\/\/www.europesays.com\/pl\/wp-json\/wp\/v2\/categories?post=117034"},{"taxonomy":"post_tag","embeddable":true,"href":"https:\/\/www.europesays.com\/pl\/wp-json\/wp\/v2\/tags?post=117034"}],"curies":[{"name":"wp","href":"https:\/\/api.w.org\/{rel}","templated":true}]}}