{"id":117036,"date":"2025-11-25T06:52:07","date_gmt":"2025-11-25T06:52:07","guid":{"rendered":"https:\/\/www.europesays.com\/pl\/117036\/"},"modified":"2025-11-25T06:52:07","modified_gmt":"2025-11-25T06:52:07","slug":"zaskakujacy-ruch-trumpa-tajne-rozmowy-z-rosja-i-ukraina-w-abu-zabi","status":"publish","type":"post","link":"https:\/\/www.europesays.com\/pl\/117036\/","title":{"rendered":"Zaskakuj\u0105cy ruch Trumpa. Tajne rozmowy z Rosj\u0105 i Ukrain\u0105 w Abu Zabi"},"content":{"rendered":"<p> &#8222;FT&#8221;: Rozmowy USA z Ukrain\u0105 i Rosj\u0105 w Abu Zabi<\/p>\n<p class=\"art_paragraph\">Brytyjski dziennik &#8222;The Financial Times&#8221; poinformowa\u0142, \u017ce\u00a0Stany Zjednoczone\u00a0prowadz\u0105 tajne rozmowy pokojowe z Rosj\u0105 i Ukrain\u0105 w Abu Zabi. Wed\u0142ug ustale\u0144 dziennikarzy w poniedzia\u0142ek (24 listopada) wieczorem do stolicy Zjednoczonych Emirat\u00f3w Arabskich przylecia\u0142 sekretarz armii USA Dan Driscoll. Ma rozmawia\u0107 z szefem ukrai\u0144skiego wywiadu wojskowego Kyry\u0142o Budanowem oraz delegacj\u0105 rosyjsk\u0105.\u00a0Wed\u0142ug informator\u00f3w dziennika [ameryka\u0144skiego urz\u0119dnika i dw\u00f3ch os\u00f3b zaznajomionych z przebiegiem spotkania &#8211; red.] Driscoll i Rosjanie rozpocz\u0119li rozmowy ju\u017c w poniedzia\u0142ek wieczorem. Negocjacje z delegacj\u0105 rosyjsk\u0105 maj\u0105 by\u0107 kontynuowane we wtorek. &#8222;W ci\u0105gu ostatnich kilku dni Driscoll by\u0142 bardzo zaanga\u017cowany w proces pokojowy i rozmowy w Genewie. Jest w stanie przekaza\u0107\u00a0te informacje Rosji. Oczywi\u015bcie <a href=\"https:\/\/wiadomosci.gazeta.pl\/ukraina\/0,0.html#anchorLink\" rel=\"nofollow noopener\" target=\"_blank\">Ukraina<\/a> wie, co si\u0119 dzieje, wiedzieli, dok\u0105d si\u0119 wybiera po Genewie&#8221;\u00a0&#8211; powiedzia\u0142 rozm\u00f3wca &#8222;FT&#8221;. Doda\u0142, \u017ce w\u0142\u0105czenie w proces negocjacji\u00a0sekretarza armii USA ma by\u0107 wsparciem dla dzia\u0142a\u0144 sekretarza stanu Marco Rubio i specjalnego wys\u0142annika prezydenta Donalda Trumpa\u00a0Steve&#8217;a Witkoffa.\u00a0Dziennik zaznaczy\u0142, \u017ce nie wiadomo, czy w Abu Zabi dojdzie do rozm\u00f3w tr\u00f3jstronnych.\u00a0<\/p>\n<p> Rozmowy o planie pokojowym w Genewie<\/p>\n<p class=\"art_paragraph\">Prezydent Ukrainy widzi post\u0119p w negocjacjach dotycz\u0105cych planu pokojowego, kt\u00f3ry zaproponowa\u0142y Stany Zjednoczone.\u00a0&#8222;Dzisiaj nasza delegacja wr\u00f3ci\u0142a z Genewy po negocjacjach ze stron\u0105 ameryka\u0144sk\u0105 i europejskimi partnerami. Teraz lista niezb\u0119dnych krok\u00f3w w celu zako\u0144czenia wojny mo\u017ce sta\u0107 si\u0119 realna. Na razie, po Genewie, punkt\u00f3w jest mniej &#8211; nie ma ich ju\u017c 28 &#8211; i wiele w\u0142a\u015bciwych element\u00f3w zosta\u0142o\u00a0 uwzgl\u0119dnionych w tych ramach&#8221; &#8211; podkre\u015bli\u0142 Wo\u0142odymyr Ze\u0142enski we wpisie na <a href=\"https:\/\/wiadomosci.gazeta.pl\/platforma-obywatelska#anchorLink\" rel=\"nofollow noopener\" target=\"_blank\">platformie<\/a> X.\u00a0&#8222;Wci\u0105\u017c mamy do wykonania wsp\u00f3ln\u0105 prac\u0119 nad sfinalizowaniem dokumentu i musimy zrobi\u0107 wszystko z godno\u015bci\u0105. Doceniamy, \u017ce wi\u0119kszo\u015b\u0107 \u015bwiata jest gotowa nam pom\u00f3c i \u017ce strona ameryka\u0144ska podchodzi do tego konstruktywnie. Praktycznie ca\u0142y wczorajszy dzie\u0144 wype\u0142niony by\u0142 spotkaniami &#8211; i by\u0142a to wymagaj\u0105ca, niezwykle dok\u0142adna praca&#8221; &#8211; doda\u0142 Wo\u0142odymyr Ze\u0142enski.<\/p>\n<p>\n    Zobacz wideo Sikorski stanowczo o wydarzeniach na kolei: To akt terroru pa\u0144stwowego\n  <\/p>\n<p> Spotkanie prezydent\u00f3w USA i Ukrainy<\/p>\n<p class=\"art_paragraph\">Prezydent Ukrainy przekaza\u0142 r\u00f3wnie\u017c, \u017ce sporne punkty planu pokojowego zamierza om\u00f3wi\u0107 z prezydentem USA Donaldem Trumpem. Na razie nie wiadomo kiedy mog\u0142oby doj\u015b\u0107 do spotkania prezydent\u00f3w. Rzeczniczka Bia\u0142ego Domu Karoline Leavitt przekaza\u0142a w poniedzia\u0142ek, 24 listopada, \u017ce w tym tygodniu nie jest planowane spotkania Donalda Trumpa z Wo\u0142odymyrem Ze\u0142enskim. Zaznaczy\u0142a zarazem, \u017ce przedstawiciele Bia\u0142ego Domu pozytywnie ocenili ostatnie negocjacje w Genewie.\u00a0&#8211; Musimy upewni\u0107 si\u0119, \u017ce wszystkie te punkty zostan\u0105 uzgodnione. A potem, oczywi\u015bcie, b\u0119dziemy musieli upewni\u0107 si\u0119, \u017ce druga strona tego konfliktu, Rosjanie, r\u00f3wnie\u017c si\u0119 z nimi zgodzi. Waszyngton anga\u017cuje si\u0119 w ten konflikt w r\u00f3wnym stopniu po obu stronach &#8211; zapewni\u0142a Leavitt.<\/p>\n<p class=\"art_paragraph\">Czytaj r\u00f3wnie\u017c najnowszy tekst Ma\u0107ka Kucharczyka: <a href=\"https:\/\/wiadomosci.gazeta.pl\/swiat\/7,198075,32421766,rosja-sprytnie-rozegrala-otwarcie-a-europa-juz-w-strachu-ze.html\" class=\"art_link\" rel=\"dofollow noopener\" target=\"_blank\">&#8222;Rosja sprytnie rozegra\u0142a otwarcie, a Europa ju\u017c w strachu, \u017ce USA nas sprzedaj\u0105. To tylko kolejna faza&#8221;.<\/a>\n  <\/p>\n<p>\u0179r\u00f3d\u0142a:&#8221;The Financial Times&#8221;, Reuters, IAR<\/p>\n","protected":false},"excerpt":{"rendered":"&#8222;FT&#8221;: Rozmowy USA z Ukrain\u0105 i Rosj\u0105 w Abu Zabi Brytyjski dziennik &#8222;The Financial Times&#8221; poinformowa\u0142, \u017ce\u00a0Stany Zjednoczone\u00a0prowadz\u0105&hellip;\n","protected":false},"author":2,"featured_media":117037,"comment_status":"","ping_status":"","sticky":false,"template":"","format":"standard","meta":{"footnotes":""},"categories":[14],"tags":[32,33,27,34,35,28,31,25,40,41,80,29,30,26,82,83,84],"class_list":{"0":"post-117036","1":"post","2":"type-post","3":"status-publish","4":"format-standard","5":"has-post-thumbnail","7":"category-swiat","8":"tag-breaking-news","9":"tag-breakingnews","10":"tag-headlines","11":"tag-latest-news","12":"tag-latestnews","13":"tag-naglowki","14":"tag-najwazniejsze-artykuly","15":"tag-news","16":"tag-polish","17":"tag-polski","18":"tag-swiat","19":"tag-top-stories","20":"tag-topstories","21":"tag-wiadomosci","22":"tag-world","23":"tag-world-news","24":"tag-worldnews"},"share_on_mastodon":{"url":"https:\/\/pubeurope.com\/@pl\/115609019764747675","error":""},"_links":{"self":[{"href":"https:\/\/www.europesays.com\/pl\/wp-json\/wp\/v2\/posts\/117036","targetHints":{"allow":["GET"]}}],"collection":[{"href":"https:\/\/www.europesays.com\/pl\/wp-json\/wp\/v2\/posts"}],"about":[{"href":"https:\/\/www.europesays.com\/pl\/wp-json\/wp\/v2\/types\/post"}],"author":[{"embeddable":true,"href":"https:\/\/www.europesays.com\/pl\/wp-json\/wp\/v2\/users\/2"}],"replies":[{"embeddable":true,"href":"https:\/\/www.europesays.com\/pl\/wp-json\/wp\/v2\/comments?post=117036"}],"version-history":[{"count":0,"href":"https:\/\/www.europesays.com\/pl\/wp-json\/wp\/v2\/posts\/117036\/revisions"}],"wp:featuredmedia":[{"embeddable":true,"href":"https:\/\/www.europesays.com\/pl\/wp-json\/wp\/v2\/media\/117037"}],"wp:attachment":[{"href":"https:\/\/www.europesays.com\/pl\/wp-json\/wp\/v2\/media?parent=117036"}],"wp:term":[{"taxonomy":"category","embeddable":true,"href":"https:\/\/www.europesays.com\/pl\/wp-json\/wp\/v2\/categories?post=117036"},{"taxonomy":"post_tag","embeddable":true,"href":"https:\/\/www.europesays.com\/pl\/wp-json\/wp\/v2\/tags?post=117036"}],"curies":[{"name":"wp","href":"https:\/\/api.w.org\/{rel}","templated":true}]}}