{"id":117042,"date":"2025-11-25T06:56:07","date_gmt":"2025-11-25T06:56:07","guid":{"rendered":"https:\/\/www.europesays.com\/pl\/117042\/"},"modified":"2025-11-25T06:56:07","modified_gmt":"2025-11-25T06:56:07","slug":"ceniony-muzyk-janusz-staszek-nie-zyje-bol-jest-niewyobrazalny","status":"publish","type":"post","link":"https:\/\/www.europesays.com\/pl\/117042\/","title":{"rendered":"Ceniony muzyk Janusz Staszek nie \u017cyje. &#8222;B\u00f3l jest niewyobra\u017calny&#8221;"},"content":{"rendered":"<p class=\"Paragraph_desktopParagraph__U31Gm\">Janusz Staszek by\u0142 do\u015bwiadczonym perkusist\u0105, kt\u00f3rego ceniono za wszechstronn\u0105 dzia\u0142alno\u015b\u0107 sceniczn\u0105. Swoj\u0105 muzyczn\u0105 drog\u0119 rozpocz\u0105\u0142 w zespole Test, znanym z hit\u00f3w &#8222;Testament&#8221; i &#8222;P\u0142y\u0144 pod pr\u0105d&#8221;. Do\u0142\u0105czy\u0142 do formacji w latach 70. jako perkusista, graj\u0105c u boku lidera Wojciecha G\u0105ssowskiego, basisty Kazimierza Cwynara oraz gitarzysty Jacka Krzaklewskiego.<\/p>\n<p class=\"Paragraph_desktopParagraph__U31Gm\">Po odej\u015bciu z zespo\u0142u zacz\u0105\u0142 wyst\u0119powa\u0107 z takimi formacjami jak Andrzej i Eliza oraz 2 plus 1, a tak\u017ce bra\u0142 udzia\u0142 w recitalach Ewy Da\u0142kowskiej i Piotra Fronczewskiego. P\u00f3\u017aniej do\u0142\u0105czy\u0142 do grupy Lonstar Band, w kt\u00f3rej okazjonalnie wyst\u0119powa\u0142a r\u00f3wnie\u017c jego \u017cona, Maria Staszek.<\/p>\n<ul class=\"OchatFollowUps_wrapper__1ry7X\">\n<li class=\"OchatFollowUps_item__Dhyly OchatFollowUps_itemDesktop__R6aBv\">Kiedy Janusz Staszek zmar\u0142?<\/li>\n<li class=\"OchatFollowUps_item__Dhyly OchatFollowUps_itemDesktop__R6aBv\">Jakie zespo\u0142y wyst\u0119powa\u0142 Janusz Staszek?<\/li>\n<li class=\"OchatFollowUps_item__Dhyly OchatFollowUps_itemDesktop__R6aBv\">Kto poinformowa\u0142 o \u015bmierci Janusza Staszka?<\/li>\n<li class=\"OchatFollowUps_item__Dhyly OchatFollowUps_itemDesktop__R6aBv\">Jak zareagowa\u0142a c\u00f3rka Janusza Staszka na jego \u015bmier\u0107?<\/li>\n<\/ul>\n<blockquote>\n<p class=\"Paragraph_desktopParagraph__U31Gm\">D\u0142ugo chorowa\u0142, walczy\u0142 i przegra\u0142. Janusz Staszek dzisiaj zmar\u0142.<\/p>\n<\/blockquote>\n<p class=\"Paragraph_desktopParagraph__U31Gm\">C\u00f3rka napisa\u0142a: &#8222;Dzi\u015b rano, po d\u0142ugiej walce z okropnym b\u00f3lem, odszed\u0142 m\u00f3j kochany tata, Janusz, kolorowy ptak, przekorny do ko\u0144ca, rozbawiaj\u0105cy i najwy\u017cej ceni\u0105cy wolno\u015b\u0107. O ceremonii pogrzebowej dam zna\u0107. Wiem, \u017ce tata mia\u0142 wielu przyjaci\u00f3\u0142. B\u00f3l, kt\u00f3ry czujemy jest niewyobra\u017calny, niedaj\u0105cy si\u0119 z niczym por\u00f3wna\u0107. Maria Staszek, moja kochana, dzielna mama, jest niezwykle silna. Jest teraz ze mn\u0105, Sebastianem i dzie\u0107mi. Wspominamy tat\u0119, kt\u00f3ry b\u0119dzie ze mn\u0105 (z nami) zawsze. Tata ceni\u0142 sobie duchowo\u015b\u0107, dlatego prosz\u0119 o modlitw\u0119 i dobr\u0105 my\u015bl&#8221; \u2014 cytuje s\u0142owa c\u00f3rki autorka ksi\u0105\u017cek Ewa Ka\u0142u\u017cna na Instagramie.<\/p>\n<p>Janusz Staszek nie \u017cyje <\/p>\n<p class=\"Paragraph_desktopParagraph__U31Gm\">Artysta rozwija\u0142 tak\u017ce swoj\u0105 dzia\u0142alno\u015b\u0107 jazzow\u0105 jako cz\u0142onek Jet Set Band prowadzonego przez Anatola Wojdyn\u0119. Poza scen\u0105 rockow\u0105 Janusz Staszek wyst\u0119powa\u0142 r\u00f3wnie\u017c w spektaklach teatralnych oraz na festiwalach piosenki aktorskiej.<\/p>\n<p class=\"Paragraph_desktopParagraph__U31Gm\">W sieci po\u017cegna\u0142 go tak\u017ce przyjaciel.<\/p>\n<p class=\"Paragraph_desktopParagraph__U31Gm\">Dzi\u0119kujemy, \u017ce przeczyta\u0142a\u015b\/e\u015b nasz artyku\u0142 do ko\u0144ca. W serwisie Plejada.pl ka\u017cdego dnia piszemy o najwa\u017cniejszych wydarzeniach show-biznesowych. B\u0105d\u017a na bie\u017c\u0105co! <a rel=\"nofollow noopener\" href=\"https:\/\/profile.google.com\/cp\/Cg0vZy8xMWJ6X19wdHBx\" id=\"76bfe4f9-ce0d-4c0e-9c8a-dc396e9f7eab\" target=\"_blank\">Obserwuj<\/a> Plejad\u0119 w Google. Odwied\u017a nas tak\u017ce na <a rel=\"nofollow noopener\" href=\"https:\/\/www.facebook.com\/plejadapl\" id=\"591260a7-f2fe-4285-b8ed-d2ed9661a2c9\" target=\"_blank\">Facebooku<\/a>, <a rel=\"nofollow noopener\" href=\"https:\/\/www.instagram.com\/plejadapl\/\" id=\"89570076-4253-4e76-8a48-01363171d9e7\" target=\"_blank\">Instagramie<\/a>, <a rel=\"nofollow noopener\" href=\"https:\/\/www.youtube.com\/c\/plejada\" id=\"fa016a7d-f331-4b7a-8080-db720599455b\" target=\"_blank\">YouTubie<\/a> oraz <a rel=\"nofollow noopener\" href=\"https:\/\/www.tiktok.com\/@plejada_pl\" id=\"eb878efc-d561-44b0-b817-d7692fc0c5c3\" target=\"_blank\">TikToku<\/a>.<\/p>\n<p class=\"Paragraph_desktopParagraph__U31Gm\">Chcesz podzieli\u0107 si\u0119 ciekawym newsem lub zaproponowa\u0107 temat? Skontaktuj si\u0119 z nami, pisz\u0105c maila na adres: <a href=\"https:\/\/www.onet.pl\/styl-zycia\/plejada\/ceniony-muzyk-janusz-staszek-nie-zyje-bol-jest-niewyobrazalny\/mailto:plejada@redakcjaonet.pl\" id=\"97e799b9-0066-41b9-aa37-1d11345fb119\" rel=\"nofollow noopener\" target=\"_blank\">plejada@redakcjaon<\/a><a rel=\"nofollow noopener\" href=\"https:\/\/et.pl\/\" id=\"1201f7e9-0cd5-4e28-aa09-5a918bd3e116\" target=\"_blank\">et.pl<\/a>.<\/p>\n<p><script async src=\"\/\/www.instagram.com\/embed.js\"><\/script><script async src=\"\/\/www.tiktok.com\/embed.js\"><\/script><\/p>\n","protected":false},"excerpt":{"rendered":"Janusz Staszek by\u0142 do\u015bwiadczonym perkusist\u0105, kt\u00f3rego ceniono za wszechstronn\u0105 dzia\u0142alno\u015b\u0107 sceniczn\u0105. Swoj\u0105 muzyczn\u0105 drog\u0119 rozpocz\u0105\u0142 w zespole Test,&hellip;\n","protected":false},"author":2,"featured_media":117043,"comment_status":"","ping_status":"","sticky":false,"template":"","format":"standard","meta":{"footnotes":""},"categories":[22],"tags":[122,261,53,52,68,51,55,42,38,40,39,41,123,47,50],"class_list":{"0":"post-117042","1":"post","2":"type-post","3":"status-publish","4":"format-standard","5":"has-post-thumbnail","7":"category-rozrywka","8":"tag-entertainment","9":"tag-kultura","10":"tag-new_header","11":"tag-onet3","12":"tag-onet3d","13":"tag-onet3d_2i","14":"tag-phx","15":"tag-pl","16":"tag-poland","17":"tag-polish","18":"tag-polska","19":"tag-polski","20":"tag-rozrywka","21":"tag-screening_general","22":"tag-v2021"},"share_on_mastodon":{"url":"https:\/\/pubeurope.com\/@pl\/115609035288237063","error":""},"_links":{"self":[{"href":"https:\/\/www.europesays.com\/pl\/wp-json\/wp\/v2\/posts\/117042","targetHints":{"allow":["GET"]}}],"collection":[{"href":"https:\/\/www.europesays.com\/pl\/wp-json\/wp\/v2\/posts"}],"about":[{"href":"https:\/\/www.europesays.com\/pl\/wp-json\/wp\/v2\/types\/post"}],"author":[{"embeddable":true,"href":"https:\/\/www.europesays.com\/pl\/wp-json\/wp\/v2\/users\/2"}],"replies":[{"embeddable":true,"href":"https:\/\/www.europesays.com\/pl\/wp-json\/wp\/v2\/comments?post=117042"}],"version-history":[{"count":0,"href":"https:\/\/www.europesays.com\/pl\/wp-json\/wp\/v2\/posts\/117042\/revisions"}],"wp:featuredmedia":[{"embeddable":true,"href":"https:\/\/www.europesays.com\/pl\/wp-json\/wp\/v2\/media\/117043"}],"wp:attachment":[{"href":"https:\/\/www.europesays.com\/pl\/wp-json\/wp\/v2\/media?parent=117042"}],"wp:term":[{"taxonomy":"category","embeddable":true,"href":"https:\/\/www.europesays.com\/pl\/wp-json\/wp\/v2\/categories?post=117042"},{"taxonomy":"post_tag","embeddable":true,"href":"https:\/\/www.europesays.com\/pl\/wp-json\/wp\/v2\/tags?post=117042"}],"curies":[{"name":"wp","href":"https:\/\/api.w.org\/{rel}","templated":true}]}}