{"id":117054,"date":"2025-11-25T07:03:10","date_gmt":"2025-11-25T07:03:10","guid":{"rendered":"https:\/\/www.europesays.com\/pl\/117054\/"},"modified":"2025-11-25T07:03:10","modified_gmt":"2025-11-25T07:03:10","slug":"nie-zyje-janusz-staszek-kolorowy-ptak-przekorny-do-konca","status":"publish","type":"post","link":"https:\/\/www.europesays.com\/pl\/117054\/","title":{"rendered":"Nie \u017cyje Janusz Staszek. &#8222;Kolorowy ptak, przekorny do ko\u0144ca&#8221;"},"content":{"rendered":"<p class=\"typography ids-typeset-body ids-typeset-body--preset-large link paragraph ids-paragraph ids-paragraph--default\">&#8222;Dzi\u015b rano, po d\u0142ugiej walce z okropnym b\u00f3lem, odszed\u0142 m\u00f3j kochany tata, Janusz, kolorowy ptak, przekorny do ko\u0144ca, rozbawiaj\u0105cy i najwy\u017cej ceni\u0105cy wolno\u015b\u0107. O ceremonii pogrzebowej dam zna\u0107. Wiem, \u017ce tata mia\u0142 wielu przyjaci\u00f3\u0142. B\u00f3l, kt\u00f3ry czujemy jest niewyobra\u017calny, nie daj\u0105cy si\u0119 z niczym porowna\u0107. Maria Staszek, moja kochana, dzielna mama, jest niezwykle silna. Jest teraz ze mn\u0105, Sebastianem i dzie\u0107mi. Wspominamy tat\u0119, kt\u00f3ry b\u0119dzie ze mn\u0105 (z nami) zawsze. Tata ceni\u0142 sobie duchowo\u015b\u0107, dlatego prosz\u0119 o modlitw\u0119 i dobr\u0105 my\u015bl&#8221; &#8211; napisa\u0142a w mediach spo\u0142eczno\u015bciowych c\u00f3rka Janusza Staszka.<\/p>\n<p class=\"typography ids-typeset-body ids-typeset-body--preset-large link paragraph ids-paragraph ids-paragraph--default\">Perkusista w po\u0142owie lat 70. pojawi\u0142 si\u0119 w sk\u0142adzie rockowej grupy Test, obok lidera Wojciecha G\u0105ssowskiego, gitarzysty Jacka Krzaklewskiego (p\u00f3\u017aniej m.in. Perfect, Nurt, Banda i Wanda) i basisty Kazimierza Cwynara (Nurt, potem 2 plus 1, Porter Band).<\/p>\n<p class=\"typography ids-typeset-body ids-typeset-body--preset-large link paragraph ids-paragraph ids-paragraph--default\">Janusz Staszek koncertowa\u0142 i nagrywa\u0142 r\u00f3wnie\u017c z takimi wykonawcami, jak m.in. Andrzej i Eliza, 2 plus 1, Lonstar, Ewa Da\u0142kowska i Piotr Fronczewski.<\/p>\n","protected":false},"excerpt":{"rendered":"&#8222;Dzi\u015b rano, po d\u0142ugiej walce z okropnym b\u00f3lem, odszed\u0142 m\u00f3j kochany tata, Janusz, kolorowy ptak, przekorny do ko\u0144ca,&hellip;\n","protected":false},"author":2,"featured_media":117055,"comment_status":"","ping_status":"","sticky":false,"template":"","format":"standard","meta":{"footnotes":""},"categories":[22],"tags":[122,42,38,40,39,41,123],"class_list":{"0":"post-117054","1":"post","2":"type-post","3":"status-publish","4":"format-standard","5":"has-post-thumbnail","7":"category-rozrywka","8":"tag-entertainment","9":"tag-pl","10":"tag-poland","11":"tag-polish","12":"tag-polska","13":"tag-polski","14":"tag-rozrywka"},"share_on_mastodon":{"url":"https:\/\/pubeurope.com\/@pl\/115609062841321779","error":""},"_links":{"self":[{"href":"https:\/\/www.europesays.com\/pl\/wp-json\/wp\/v2\/posts\/117054","targetHints":{"allow":["GET"]}}],"collection":[{"href":"https:\/\/www.europesays.com\/pl\/wp-json\/wp\/v2\/posts"}],"about":[{"href":"https:\/\/www.europesays.com\/pl\/wp-json\/wp\/v2\/types\/post"}],"author":[{"embeddable":true,"href":"https:\/\/www.europesays.com\/pl\/wp-json\/wp\/v2\/users\/2"}],"replies":[{"embeddable":true,"href":"https:\/\/www.europesays.com\/pl\/wp-json\/wp\/v2\/comments?post=117054"}],"version-history":[{"count":0,"href":"https:\/\/www.europesays.com\/pl\/wp-json\/wp\/v2\/posts\/117054\/revisions"}],"wp:featuredmedia":[{"embeddable":true,"href":"https:\/\/www.europesays.com\/pl\/wp-json\/wp\/v2\/media\/117055"}],"wp:attachment":[{"href":"https:\/\/www.europesays.com\/pl\/wp-json\/wp\/v2\/media?parent=117054"}],"wp:term":[{"taxonomy":"category","embeddable":true,"href":"https:\/\/www.europesays.com\/pl\/wp-json\/wp\/v2\/categories?post=117054"},{"taxonomy":"post_tag","embeddable":true,"href":"https:\/\/www.europesays.com\/pl\/wp-json\/wp\/v2\/tags?post=117054"}],"curies":[{"name":"wp","href":"https:\/\/api.w.org\/{rel}","templated":true}]}}