{"id":117058,"date":"2025-11-25T07:07:11","date_gmt":"2025-11-25T07:07:11","guid":{"rendered":"https:\/\/www.europesays.com\/pl\/117058\/"},"modified":"2025-11-25T07:07:11","modified_gmt":"2025-11-25T07:07:11","slug":"atak-kwasem-maslowym-pod-klinika-aborcyjna-w-warszawie-zatrzymano-ojca-i-syna-onet","status":"publish","type":"post","link":"https:\/\/www.europesays.com\/pl\/117058\/","title":{"rendered":"Atak kwasem mas\u0142owym pod klinik\u0105 aborcyjn\u0105 w Warszawie. Zatrzymano ojca i syna &#8211; Onet"},"content":{"rendered":"<ol>\n<li><a href=\"https:\/\/news.google.com\/rss\/articles\/CBMi1AFBVV95cUxNUnBrR3lZZ1FJeGFwa0Fza2JsS2g4Sm1jZnJ5bXQzekpBRHpPbktYWlpVTnd2bnhlTnJ6NktNajdiSmhtMm51R1FPSEE3OUViWWptQ3JJZFhPZ3VoU2t1eERHR0RHNldPbVpaZ19TNTNVeVBTWWhsSFllUWwzWHZSMkVnWHM4NG1hblZDeVEzWjhzX0lNNlppbVlNV3BvZmU3c1ZTSzRSN2ZPXy1TRzR0WWVCZGJDOHYyUHN3WkpKRzNhZGd1UjlVZzdtLXJ5Qk0zQWd3Mw?oc=5\" target=\"_blank\" rel=\"nofollow noopener\">Atak kwasem mas\u0142owym pod klinik\u0105 aborcyjn\u0105 w Warszawie. Zatrzymano ojca i syna<\/a>&nbsp;&nbsp;Onet<\/li>\n<li><a href=\"https:\/\/news.google.com\/rss\/articles\/CBMi1wFBVV95cUxPTG1ubS0tUm5yTkdpSnU1MmdQMU1xcW5LcFRNSDZHbnZIc1VESWdtNjNIbzJ6aWpFV1ZWYldxbVVJQU1oazZBR1BDZjZvdnNOTDBXU2NWVE0zVXJEakRselFXaElqZThZZm5NVmpEQmNxOUxBcV8wcGxOM1c2NC05VzdQczByUlJSSS1WUXJ5VW1lbFY1NElfb3p0b0hJLURLRFpCUlB0SF9OOXVGTVA5ODFVWExpX1J5clFrMWZOMHhYZkl1WnVxNll4MnowOFNWVFRLVWRQTQ?oc=5\" target=\"_blank\" rel=\"nofollow noopener\">Atak kwasem mas\u0142owym przed klinik\u0105 aborcyjn\u0105 w Warszawie. Zatrzymano ojca i syna<\/a>&nbsp;&nbsp;Onet<\/li>\n<li><a href=\"https:\/\/news.google.com\/rss\/articles\/CBMi2wFBVV95cUxOaTYtYjA2cXZUWFdnd18ycEFuQW05YVNyM0E1ZGFzaFJpV1dZNEpVeGlRSjBkZlJ5eGU5aXprU1RneHF1X3ZDWVJxTW5lQWgtV0VpQnYxRkVOQU1VLXZHWjlFdDhhSmh2MVlIakJnVlFWdm9mRVJ0ZHNQeEhic052aXFOS1pXTHdtYktvZk5YYkFxUlVSWkVMMUU4VXlKU2tvaDhaQnpWU2ZhTWNIdmlJQWItVU80cHVrZUlYdm9rVnEtZkNhbm5wTUhFWk5Td19ZMjdWLUoxQlZONWc?oc=5\" target=\"_blank\" rel=\"nofollow noopener\">Przychodnia aborcyjna oblana kwasem. Ojciec i syn us\u0142yszeli zarzuty<\/a>&nbsp;&nbsp;TVN24<\/li>\n<li><a href=\"https:\/\/news.google.com\/rss\/articles\/CBMivwFBVV95cUxOb0huWTZjQTJCN3JnOFJKYjA0ektXbklwXzR6dkRMWmNHRzJWUktEeEVlYnhRa1VaLVByOWNzZnpndy1lR3JnU0RKdk9RX18xUkJtR0tzMllMWC1GeFVBSHpUNzRfNWllaEhRWEc5MTFBcmZpNzY4UURCeVJ2ZFUxam0wZGxSeGNBaWxkVGVhZjltQ3F0WnB0b25raHFpNVJpOFFYeHNSNHhuTmdKcU5fMVY1ZVVhbFpQdkk5eEZ6cw?oc=5\" target=\"_blank\" rel=\"nofollow noopener\">Atak kwasem na przychodni\u0119. S\u0105 zatrzymani: ojciec i jego syn-maturzysta<\/a>&nbsp;&nbsp;Gazeta<\/li>\n<li><a href=\"https:\/\/news.google.com\/rss\/articles\/CBMiowFBVV95cUxQRWFXNkxZWVBjME45MWQ5QTB3QUVaa1BGYl9qY21JMVFhandFbWxhcFU2ODVxR2hXRlJzSkxmNnZiTmlYY0FZTndyS3BxYWxkQk9ndnhnRzV0WTJhM08zeWJHN1NfQkV5bE5QZzdhN2hFM2Z3QjN6R2FNUHlYMEhIeXNkd1Z5UWd4WEhLdEhaX09ZQ1BKN3Jyai1xVXpad0RIYjc4?oc=5\" target=\"_blank\" rel=\"nofollow noopener\">Ojciec i syn z zarzutami po oblaniu kwasem siedziby AboTak<\/a>&nbsp;&nbsp;WP Wiadomo\u015bci<\/li>\n<\/ol>\n","protected":false},"excerpt":{"rendered":"Atak kwasem mas\u0142owym pod klinik\u0105 aborcyjn\u0105 w Warszawie. Zatrzymano ojca i syna&nbsp;&nbsp;Onet Atak kwasem mas\u0142owym przed klinik\u0105 aborcyjn\u0105&hellip;\n","protected":false},"author":2,"featured_media":117059,"comment_status":"","ping_status":"","sticky":false,"template":"","format":"standard","meta":{"footnotes":""},"categories":[12],"tags":[10123,32,33,36,37,27,67,7394,34,35,28,31,53,25355,25,52,68,51,55,42,38,40,39,41,47,29,30,65,50,26],"class_list":{"0":"post-117058","1":"post","2":"type-post","3":"status-publish","4":"format-standard","5":"has-post-thumbnail","7":"category-polska","8":"tag-aborcja_usuwanie_ciazy","9":"tag-breaking-news","10":"tag-breakingnews","11":"tag-featured-news","12":"tag-featurednews","13":"tag-headlines","14":"tag-intextvideo_splayer","15":"tag-kaja_godek","16":"tag-latest-news","17":"tag-latestnews","18":"tag-naglowki","19":"tag-najwazniejsze-artykuly","20":"tag-new_header","21":"tag-newpremium_tst1","22":"tag-news","23":"tag-onet3","24":"tag-onet3d","25":"tag-onet3d_2i","26":"tag-phx","27":"tag-pl","28":"tag-poland","29":"tag-polish","30":"tag-polska","31":"tag-polski","32":"tag-screening_general","33":"tag-top-stories","34":"tag-topstories","35":"tag-update_me","36":"tag-v2021","37":"tag-wiadomosci"},"share_on_mastodon":{"url":"https:\/\/pubeurope.com\/@pl\/115609078574420249","error":""},"_links":{"self":[{"href":"https:\/\/www.europesays.com\/pl\/wp-json\/wp\/v2\/posts\/117058","targetHints":{"allow":["GET"]}}],"collection":[{"href":"https:\/\/www.europesays.com\/pl\/wp-json\/wp\/v2\/posts"}],"about":[{"href":"https:\/\/www.europesays.com\/pl\/wp-json\/wp\/v2\/types\/post"}],"author":[{"embeddable":true,"href":"https:\/\/www.europesays.com\/pl\/wp-json\/wp\/v2\/users\/2"}],"replies":[{"embeddable":true,"href":"https:\/\/www.europesays.com\/pl\/wp-json\/wp\/v2\/comments?post=117058"}],"version-history":[{"count":0,"href":"https:\/\/www.europesays.com\/pl\/wp-json\/wp\/v2\/posts\/117058\/revisions"}],"wp:featuredmedia":[{"embeddable":true,"href":"https:\/\/www.europesays.com\/pl\/wp-json\/wp\/v2\/media\/117059"}],"wp:attachment":[{"href":"https:\/\/www.europesays.com\/pl\/wp-json\/wp\/v2\/media?parent=117058"}],"wp:term":[{"taxonomy":"category","embeddable":true,"href":"https:\/\/www.europesays.com\/pl\/wp-json\/wp\/v2\/categories?post=117058"},{"taxonomy":"post_tag","embeddable":true,"href":"https:\/\/www.europesays.com\/pl\/wp-json\/wp\/v2\/tags?post=117058"}],"curies":[{"name":"wp","href":"https:\/\/api.w.org\/{rel}","templated":true}]}}