{"id":117064,"date":"2025-11-25T07:10:13","date_gmt":"2025-11-25T07:10:13","guid":{"rendered":"https:\/\/www.europesays.com\/pl\/117064\/"},"modified":"2025-11-25T07:10:13","modified_gmt":"2025-11-25T07:10:13","slug":"stan-zdrowia-wojciecha-morawskiego-jest-apel-o-pomoc-dla-muzyka","status":"publish","type":"post","link":"https:\/\/www.europesays.com\/pl\/117064\/","title":{"rendered":"Stan zdrowia Wojciecha Morawskiego. Jest apel o pomoc dla muzyka"},"content":{"rendered":"\n<p>&#13;<br \/>\nWojciech Morawski w\u00a01977 roku by\u0142 jednym z\u00a0<a href=\"https:\/\/dorzeczy.pl\/kraj\/186266\/perfect-konczy-dzialalnosc-po-odejsciu-markowskiego.html\" rel=\"nofollow noopener\" target=\"_blank\">za\u0142o\u017cycieli grupy Perfect<\/a>, kt\u00f3r\u0105 wsp\u00f3\u0142tworzy\u0142 na\u00a0pocz\u0105tku z\u00a0basist\u0105 Zdzis\u0142awem Zawadzkim. Wsp\u00f3\u0142pracowa\u0142 te\u017c z\u00a0takimi zespo\u0142ami jak m.in.: Breakout, \u015awiadectwo Dojrza\u0142o\u015bci oraz\u00a0Porter Band. To\u00a0ikona polskiej sceny muzycznej. &#13;\n<\/p>\n<p>&#13;<br \/>\nDawniej legendarnego perkusist\u0119 mo\u017cna by\u0142o ogl\u0105da\u0107 na\u00a0wielkich scenach, teraz mieszka w\u00a0domu pomocy spo\u0142ecznej w\u00a0Sulej\u00f3wku pod\u00a0Warszaw\u0105, gdzie odwiedzaj\u0105 go\u00a0znajomi. Morawski w\u00a0tym roku sko\u0144czy\u0142 76 lat. Stan jego zdrowia niestety nie\u00a0jest najlepszy, Muzyk ma\u00a0problemy z\u00a0pami\u0119ci\u0105. Na\u00a0co\u00a0dzie\u0144 wspiera go\u00a0Polska Fundacja Muzyczna. Ostatnio wizyt\u0119 z\u0142o\u017cy\u0142 mu Krzysztof Skiba. &#8222;Legenda perkusji Wojtek Morawski siedzi przy stoliku w\u00a0warszawskiej restauracji i\u00a0jest jakby nieobecny. Witam si\u0119 z\u00a0nim wylewnie i\u00a0weso\u0142o zagaduj\u0119. Chc\u0119 sprawi\u0107, by\u00a0ten kr\u00f3tko sp\u0119dzony, wsp\u00f3lny czas by\u0142 radosny. [&#8230;] Jaki jest problem Wojtka? Pytam go, jak mu tam jest w\u00a0tym Domu Pomocy Spo\u0142ecznej, w\u00a0kt\u00f3rym obecnie mieszka. Macha tylko r\u0119k\u0105 i\u00a0si\u0119 u\u015bmiecha, a\u00a0w\u00a0okolicy oka widz\u0119 co\u015b jakby \u0142z\u0119, ale\u00a0mo\u017ce to\u00a0tylko z\u0142udzenie&#8221; \u2013\u00a0pisa\u0142 rok temu Skiba. &#13;\n<\/p>\n<p>Stan zdrowia Wojciecha Morawskiego. Zbigniew Ho\u0142dys apeluje o\u00a0pomoc<\/p>\n<p>&#13;<br \/>\nW sobot\u0119 22 listopada Zbigniew Ho\u0142dys opublikowa\u0142 w\u00a0swoich mediach spo\u0142eczno\u015bciowych wzruszaj\u0105cy apel o\u00a0pomoc dla\u00a0swojego przyjaciela i\u00a0kolegi z\u00a0zespo\u0142u. &#13;\n<\/p>\n<p>&#13;<br \/>\n&#8222;Drodzy Przyjaciele i\u00a0ludzie mi nieznani \ud83d\ude42 \u015arodowisko muzyk\u00f3w jest niejednorodne. Gwiazdy pop to\u00a0inny \u015bwiat ni\u017c\u00a0arty\u015bci death metal czy\u00a0blues. Jazz jest na\u00a0innej planecie, klasyka tak\u017ce. To\u00a0jest koloryt \u015bwiata muzyki, nie\u00a0wada. Pod tym wzgl\u0119dem \u015bwiat teatru i\u00a0filmu ma\u00a0znacznie lepiej \u2013\u00a0s\u0105 r\u00f3\u017cni, ale\u00a0jednocz\u0105 si\u0119 i\u00a0wspieraj\u0105 w\u00a0k\u0142opocie. Polska Fundacja Muzyczna od\u00a0wielu lat stara si\u0119 pomaga\u0107 ludziom muzyki. R\u00f3\u017cnym. W\u00a0trudnych chwilach pr\u00f3bujemy si\u0119 spi\u0105\u0107, zjednoczy\u0107, doceni\u0107 przyjaci\u00f3\u0142 w\u00a0k\u0142opocie&#8221; \u2013\u00a0czytamy we\u00a0wpisie Ho\u0142dysa na\u00a0Facebooku. &#13;\n<\/p>\n<p>&#13;<br \/>\n&#8222;Teraz pr\u00f3bujemy poda\u0107 d\u0142o\u0144 wspania\u0142emu perkusi\u015bcie Wojciech Morawski, by\u0142emu b\u0119bniarzowi Klanu, Breakout\u00f3w, Perfectu, Porter Bandu, Jana Bo, sidemanowi, kt\u00f3ry nagra\u0142 ponad 100 album\u00f3w z\u00a0r\u00f3\u017cnymi artystami (m.in. z\u00a0Krystyn\u0105 Pro\u0144ko, Tadeuszem Nalep\u0105, I\u00a0Ching), postaci barwnej i\u00a0przyjaznej \u015bwiatu. Wojtek ci\u0119\u017cko choruje i\u00a0potrzebuje sta\u0142ej rehabilitacji \u2013\u00a0na\u00a0to\u00a0ciu\u0142amy kas\u0119. Je\u015bli mo\u017cecie \u2013\u00a0podajcie dalej poni\u017csze apele (czyli poprzednie posty) \u2013\u00a0Wojtek Pilichowski i\u00a0m\u00f3j. Albo napiszcie swoje w\u0142asne apele! Gdy Wojtek si\u0119 zjawia\u0142 na\u00a0scenie czy\u00a0na\u00a0pr\u00f3bie albo w\u00a0studio \u2013\u00a0\u015bwiat stawa\u0142 si\u0119 rado\u015bniejszy. Niech dzi\u015b ten \u015bwiat do\u00a0Niego te\u017c si\u0119 u\u015bmiechnie&#8221; \u2013\u00a0zaapelowa\u0142. &#13;\n<\/p>\n<p>&#13;<br \/>\nfacebookCzytaj te\u017c:<br \/><a href=\"https:\/\/rozrywka.dorzeczy.pl\/show-biznes\/810435\/joanna-krupa-apeluje-do-prezydenta-chce-podpisu-pod-ustawa.html\" rel=\"follow nofollow noopener\" data-schema=\"DORZECZY\" data-image=\"https:\/\/img.dorzeczy.pl\/_thumb\/47\/67\/d6b4974893c00fd7d067b7716f44.jpeg\" target=\"_blank\">Znana celebrytka apeluje do\u00a0prezydenta. &#8222;Bardzo prosz\u0119 o\u00a0pana podpis&#8221;<\/a>Czytaj te\u017c:<br \/><a href=\"https:\/\/rozrywka.dorzeczy.pl\/show-biznes\/810405\/bagi-ujawnia-kulisy-tanca-z-gwiazdami-pokazal-nagranie.html\" rel=\"follow nofollow noopener\" data-schema=\"DORZECZY\" data-image=\"https:\/\/img.dorzeczy.pl\/_thumb\/ea\/7f\/7dcd6611b629cc6dc389ba74f960.jpeg\" target=\"_blank\">Wygra\u0142 show a\u00a0teraz zdradza jego kulisy. Celebryta ujawni\u0142 nagranie<\/a>&#13;<\/p>\n","protected":false},"excerpt":{"rendered":"&#13; Wojciech Morawski w\u00a01977 roku by\u0142 jednym z\u00a0za\u0142o\u017cycieli grupy Perfect, kt\u00f3r\u0105 wsp\u00f3\u0142tworzy\u0142 na\u00a0pocz\u0105tku z\u00a0basist\u0105 Zdzis\u0142awem Zawadzkim. Wsp\u00f3\u0142pracowa\u0142 te\u017c&hellip;\n","protected":false},"author":2,"featured_media":117065,"comment_status":"","ping_status":"","sticky":false,"template":"","format":"standard","meta":{"footnotes":""},"categories":[22],"tags":[98,122,291,287,1252,24023,42,38,40,39,41,123,290,25357,25358],"class_list":{"0":"post-117064","1":"post","2":"type-post","3":"status-publish","4":"format-standard","5":"has-post-thumbnail","7":"category-rozrywka","8":"tag-dorzeczy","9":"tag-entertainment","10":"tag-historia","11":"tag-malgorzata-puzyr","12":"tag-muzyka","13":"tag-perfect","14":"tag-pl","15":"tag-poland","16":"tag-polish","17":"tag-polska","18":"tag-polski","19":"tag-rozrywka","20":"tag-rozrywka-do-rzeczy","21":"tag-wojciech-morawski","22":"tag-zbigniew-holdys"},"share_on_mastodon":{"url":"https:\/\/pubeurope.com\/@pl\/115609090353316747","error":""},"_links":{"self":[{"href":"https:\/\/www.europesays.com\/pl\/wp-json\/wp\/v2\/posts\/117064","targetHints":{"allow":["GET"]}}],"collection":[{"href":"https:\/\/www.europesays.com\/pl\/wp-json\/wp\/v2\/posts"}],"about":[{"href":"https:\/\/www.europesays.com\/pl\/wp-json\/wp\/v2\/types\/post"}],"author":[{"embeddable":true,"href":"https:\/\/www.europesays.com\/pl\/wp-json\/wp\/v2\/users\/2"}],"replies":[{"embeddable":true,"href":"https:\/\/www.europesays.com\/pl\/wp-json\/wp\/v2\/comments?post=117064"}],"version-history":[{"count":0,"href":"https:\/\/www.europesays.com\/pl\/wp-json\/wp\/v2\/posts\/117064\/revisions"}],"wp:featuredmedia":[{"embeddable":true,"href":"https:\/\/www.europesays.com\/pl\/wp-json\/wp\/v2\/media\/117065"}],"wp:attachment":[{"href":"https:\/\/www.europesays.com\/pl\/wp-json\/wp\/v2\/media?parent=117064"}],"wp:term":[{"taxonomy":"category","embeddable":true,"href":"https:\/\/www.europesays.com\/pl\/wp-json\/wp\/v2\/categories?post=117064"},{"taxonomy":"post_tag","embeddable":true,"href":"https:\/\/www.europesays.com\/pl\/wp-json\/wp\/v2\/tags?post=117064"}],"curies":[{"name":"wp","href":"https:\/\/api.w.org\/{rel}","templated":true}]}}