{"id":117080,"date":"2025-11-25T07:24:23","date_gmt":"2025-11-25T07:24:23","guid":{"rendered":"https:\/\/www.europesays.com\/pl\/117080\/"},"modified":"2025-11-25T07:24:23","modified_gmt":"2025-11-25T07:24:23","slug":"magda-gessler-wielka-nieobecna-na-balu-fundacji-tvn-teraz-sie-tlumaczy","status":"publish","type":"post","link":"https:\/\/www.europesays.com\/pl\/117080\/","title":{"rendered":"Magda Gessler wielk\u0105 nieobecn\u0105 na balu Fundacji TVN. Teraz si\u0119 t\u0142umaczy"},"content":{"rendered":"<p class=\"Paragraph_desktopParagraph__U31Gm\">Bal Fundacji TVN, kt\u00f3ry odby\u0142 si\u0119 w sobot\u0119 22 listopada br., przyci\u0105gn\u0105\u0142 najwi\u0119ksze gwiazdy zwi\u0105zane ze stacj\u0105. <a href=\"https:\/\/plejada.pl\/zdjecia-gwiazd\/tecza-na-balu-tvn-ewa-drzyzga-w-chlodnym-rozu-i-szkarlatna-katarzyna-warnke\/67htsx2\" id=\"1e3cbde3-603f-4242-9a00-e2fd5dec3e3e\" rel=\"nofollow noopener\" target=\"_blank\">Na czerwonym dywanie b\u0142yszcza\u0142y<\/a> m.in. Monika Olejnik w sukni projektu Gosi Baczy\u0144skiej, Paulina Krupi\u0144ska, Izabela Janachowska, Joanna Krupa oraz Martyna Wojciechowska. Ka\u017cda z obecnych pa\u0144 zachwyca\u0142a kreacj\u0105, jednak szczeg\u00f3ln\u0105 uwag\u0119 przyci\u0105ga\u0142a Ma\u0142gorzata Rozenek-Majdan, kt\u00f3ra postawi\u0142a na odwa\u017cny dodatek.<\/p>\n<p class=\"Paragraph_desktopParagraph__U31Gm\">Wiecz\u00f3r obfitowa\u0142 w niezapomniane chwile. Go\u015bcie bawili si\u0119 w wyj\u0105tkowej atmosferze, a na sto\u0142ach pojawi\u0142y si\u0119 wykwintne dania. Cezary Pazura obecny na wydarzeniu <a href=\"https:\/\/plejada.pl\/newsy\/cezary-i-edyta-pazurowie-na-balu-tvn-aktor-ujawnil-luksusowe-menu\/npsf4xl\" id=\"a054067a-1c29-4f4c-abb0-0fa25c8ee234\" rel=\"nofollow noopener\" target=\"_blank\">ujawni\u0142 luksusowe menu<\/a>, kt\u00f3re zaserwowano go\u015bciom. W\u015br\u00f3d nich nie zabrak\u0142o alternatywy dla wegetarian.<\/p>\n<ul class=\"OchatFollowUps_wrapper__1ry7X\">\n<li class=\"OchatFollowUps_item__Dhyly OchatFollowUps_itemDesktop__R6aBv\">Dlaczego Magda Gessler nie by\u0142a na balu TVN?<\/li>\n<li class=\"OchatFollowUps_item__Dhyly OchatFollowUps_itemDesktop__R6aBv\">Co Magda Gessler robi\u0142a zamiast uczestniczy\u0107 w balu?<\/li>\n<li class=\"OchatFollowUps_item__Dhyly OchatFollowUps_itemDesktop__R6aBv\">Jakie dania serwowano na balu Fundacji TVN?<\/li>\n<li class=\"OchatFollowUps_item__Dhyly OchatFollowUps_itemDesktop__R6aBv\">O kt\u00f3rej godzinie odby\u0142a si\u0119 kolacja, kt\u00f3r\u0105 przygotowywa\u0142a Gessler?<\/li>\n<\/ul>\n<p>Magda Gessler t\u0142umaczy swoj\u0105 nieobecno\u015b\u0107 na balu TVN. &#8222;Bardzo \u017ca\u0142uj\u0119&#8221; <\/p>\n<p class=\"Paragraph_desktopParagraph__U31Gm\">Pomimo obecno\u015bci wielu znanych twarzy, uwag\u0119 przyci\u0105gn\u0119\u0142a nieobecno\u015b\u0107 <a href=\"https:\/\/plejada.pl\/magda-gessler-restauratorka\" id=\"ccd5ac24-8cef-4928-b2f5-c3cb90c20d39\" rel=\"nofollow noopener\" target=\"_blank\">Magdy Gessler<\/a>, jednej z najbardziej rozpoznawalnych postaci zwi\u0105zanych ze stacj\u0105. Restauratorka od lat przyci\u0105ga przed telewizory tysi\u0105ce widz\u00f3w, dzi\u0119ki swoim &#8222;Kuchennym rewolucjom&#8221;.<\/p>\n<p class=\"Paragraph_desktopParagraph__U31Gm\">&#8222;Kr\u00f3lowa&#8221; polskiej gastronomii wyja\u015bni\u0142a powody swojej absencji za po\u015brednictwem Instagrama. Podkre\u015bli\u0142a, \u017ce zamiast uczestniczy\u0107 w balu, ratowa\u0142a kolejn\u0105 restauracj\u0119.<\/p>\n<blockquote>\n<p class=\"Paragraph_desktopParagraph__U31Gm\">Zabrak\u0142o mnie na balu Fundacji TVN. Bardzo \u017ca\u0142uj\u0119, \u017ce nie mog\u0142am by\u0107. Mia\u0142am jednak obowi\u0105zki \u2014 ratowa\u0142am kolejna restauracje i wydawa\u0142am kolacj\u0119 ponad 400 km od Warszawy<\/p>\n<\/blockquote>\n<p class=\"Paragraph_desktopParagraph__U31Gm\">\u2014 napisa\u0142a na wst\u0119pie.<\/p>\n<p class=\"Paragraph_desktopParagraph__U31Gm\">W dalszej cz\u0119\u015bci wpisu Gessler zdradzi\u0142a, \u017ce kolacja mia\u0142a miejsce w sobot\u0119 o godz. 18.00. Jak sama przyzna\u0142a, kosztowa\u0142a j\u0105 ona wiele pracy.<\/p>\n<p class=\"Paragraph_desktopParagraph__U31Gm\">&#8222;Ilo\u015b\u0107 pracy na zrealizowanie w\u0142a\u015bciwej koncepcji tego miejsca nie mia\u0142a ko\u0144ca\u2026 Cz\u0119sto rezygnacji z wymarzonych spotka\u0144, w tej sytuacji balu. Ale czego nie robi si\u0119 dla pasji i mi\u0142o\u015bci do ludzi. \u015aciskam was, Magda&#8221; \u2014 podsumowa\u0142a, dodaj\u0105c, \u017ce nowa restauracja &#8222;Oliwa sprawiedliwa&#8221; we Wschowie ma szans\u0119 na nowe \u017cycie. Tym samym zach\u0119ci\u0142a swoich obserwator\u00f3w do odwiedzania miejsca.<\/p>\n<p class=\"Paragraph_desktopParagraph__U31Gm\">Dzi\u0119kujemy, \u017ce przeczyta\u0142a\u015b\/e\u015b nasz artyku\u0142 do ko\u0144ca. W serwisie Plejada.pl ka\u017cdego dnia piszemy o najwa\u017cniejszych wydarzeniach show-biznesowych. B\u0105d\u017a na bie\u017c\u0105co! <a rel=\"nofollow noopener\" href=\"https:\/\/profile.google.com\/cp\/Cg0vZy8xMWJ6X19wdHBx\" id=\"415aee80-0958-4e63-b95f-1697d49be418\" target=\"_blank\">Obserwuj<\/a> Plejad\u0119 w Google. Odwied\u017a nas tak\u017ce na <a rel=\"nofollow noopener\" href=\"https:\/\/www.facebook.com\/plejadapl\" id=\"a0c87b55-b79c-496a-9c4b-04e80c8b3e76\" target=\"_blank\">Facebooku<\/a>, <a rel=\"nofollow noopener\" href=\"https:\/\/www.instagram.com\/plejadapl\/\" id=\"b027af4e-de49-49db-9356-4c7f6e408df6\" target=\"_blank\">Instagramie<\/a>, <a rel=\"nofollow noopener\" href=\"https:\/\/www.youtube.com\/c\/plejada\" id=\"23e950c2-f215-4288-9f78-4d7620be88eb\" target=\"_blank\">YouTubie<\/a> oraz <a rel=\"nofollow noopener\" href=\"https:\/\/www.tiktok.com\/@plejada_pl\" id=\"904d5517-7e24-49a7-9ff3-9ae907d96970\" target=\"_blank\">TikToku<\/a>.<\/p>\n<p class=\"Paragraph_desktopParagraph__U31Gm\">Chcesz podzieli\u0107 si\u0119 ciekawym newsem lub zaproponowa\u0107 temat? Skontaktuj si\u0119 z nami, pisz\u0105c maila na adres: <a href=\"https:\/\/www.onet.pl\/styl-zycia\/plejada\/magda-gessler-wielka-nieobecna-na-balu-fundacji-tvn-teraz-sie-tlumaczy\/mailto:plejada@redakcjaonet.pl\" id=\"e6e8cbb2-0564-4ed1-908d-b0e98be7c276\" rel=\"nofollow noopener\" target=\"_blank\">plejada@redakcjaon<\/a><a rel=\"nofollow noopener\" href=\"http:\/\/et.pl\" id=\"881f1772-89ef-4dc2-9a9d-07ffef5a6bbd\" target=\"_blank\">et.pl<\/a>.<\/p>\n<p><script async src=\"\/\/www.instagram.com\/embed.js\"><\/script><script async src=\"\/\/www.tiktok.com\/embed.js\"><\/script><\/p>\n","protected":false},"excerpt":{"rendered":"Bal Fundacji TVN, kt\u00f3ry odby\u0142 si\u0119 w sobot\u0119 22 listopada br., przyci\u0105gn\u0105\u0142 najwi\u0119ksze gwiazdy zwi\u0105zane ze stacj\u0105. Na&hellip;\n","protected":false},"author":2,"featured_media":117081,"comment_status":"","ping_status":"","sticky":false,"template":"","format":"standard","meta":{"footnotes":""},"categories":[22],"tags":[122,67,558,2107,53,25383,25382,52,68,51,55,42,38,40,39,41,123,47,196,1113,65,50],"class_list":{"0":"post-117080","1":"post","2":"type-post","3":"status-publish","4":"format-standard","5":"has-post-thumbnail","7":"category-rozrywka","8":"tag-entertainment","9":"tag-intextvideo_splayer","10":"tag-kuchenne_rewolucje","11":"tag-magda_gessler_restauratorka","12":"tag-new_header","13":"tag-new_layout_tst0","14":"tag-newpremium_tst0","15":"tag-onet3","16":"tag-onet3d","17":"tag-onet3d_2i","18":"tag-phx","19":"tag-pl","20":"tag-poland","21":"tag-polish","22":"tag-polska","23":"tag-polski","24":"tag-rozrywka","25":"tag-screening_general","26":"tag-styl_zycia","27":"tag-tvn_tvn24_tvn7_telewizja","28":"tag-update_me","29":"tag-v2021"},"share_on_mastodon":{"url":"https:\/\/pubeurope.com\/@pl\/115609145371955688","error":""},"_links":{"self":[{"href":"https:\/\/www.europesays.com\/pl\/wp-json\/wp\/v2\/posts\/117080","targetHints":{"allow":["GET"]}}],"collection":[{"href":"https:\/\/www.europesays.com\/pl\/wp-json\/wp\/v2\/posts"}],"about":[{"href":"https:\/\/www.europesays.com\/pl\/wp-json\/wp\/v2\/types\/post"}],"author":[{"embeddable":true,"href":"https:\/\/www.europesays.com\/pl\/wp-json\/wp\/v2\/users\/2"}],"replies":[{"embeddable":true,"href":"https:\/\/www.europesays.com\/pl\/wp-json\/wp\/v2\/comments?post=117080"}],"version-history":[{"count":0,"href":"https:\/\/www.europesays.com\/pl\/wp-json\/wp\/v2\/posts\/117080\/revisions"}],"wp:featuredmedia":[{"embeddable":true,"href":"https:\/\/www.europesays.com\/pl\/wp-json\/wp\/v2\/media\/117081"}],"wp:attachment":[{"href":"https:\/\/www.europesays.com\/pl\/wp-json\/wp\/v2\/media?parent=117080"}],"wp:term":[{"taxonomy":"category","embeddable":true,"href":"https:\/\/www.europesays.com\/pl\/wp-json\/wp\/v2\/categories?post=117080"},{"taxonomy":"post_tag","embeddable":true,"href":"https:\/\/www.europesays.com\/pl\/wp-json\/wp\/v2\/tags?post=117080"}],"curies":[{"name":"wp","href":"https:\/\/api.w.org\/{rel}","templated":true}]}}