{"id":117086,"date":"2025-11-25T07:30:11","date_gmt":"2025-11-25T07:30:11","guid":{"rendered":"https:\/\/www.europesays.com\/pl\/117086\/"},"modified":"2025-11-25T07:30:11","modified_gmt":"2025-11-25T07:30:11","slug":"bez-zludzen-w-sprawie-roberta-lewandowskiego-tak-ma-zagrac-barcelona-w-hicie-lm","status":"publish","type":"post","link":"https:\/\/www.europesays.com\/pl\/117086\/","title":{"rendered":"Bez z\u0142udze\u0144 w sprawie Roberta Lewandowskiego. Tak ma zagra\u0107 Barcelona w hicie LM"},"content":{"rendered":"<p class=\"Paragraph_desktopParagraph__Fd2e9\">Spotkanie na Stamford Bridge w Londynie zapowiada si\u0119 na jedno z najciekawszych w 5. kolejce fazy ligowej elitarnych rozgrywek. Barcelona i Chelsea maj\u0105 obecnie po siedem punkt\u00f3w, w og\u00f3lnej tabeli zajmuj\u0105 miejsca \u2014 odpowiednio \u2014 11. i 12. We wtorkowy poranek hiszpa\u0144skie media wytypowa\u0142y sk\u0142ad Barcelony na ten mecz.<\/p>\n<p class=\"VideoPlayerText_videoPlayerText__zrtJk\">Dalszy ci\u0105g materia\u0142u pod wideo<\/p>\n<p>Tak ma zagra\u0107 Barcelona z Chelsea<\/p>\n<p class=\"Paragraph_desktopParagraph__Fd2e9\">&#8222;Lamine Yamal b\u0119dzie bezsprzecznym starterem, wi\u0119c w\u0105tpliwo\u015bci le\u017c\u0105 po stronie najwa\u017cniejszego ofensywnego zawodnika: Roberta Lewandowskiego lub Ferrana Torresa. Obaj napastnicy s\u0105 w znakomitej formie. Nie zapominajmy, \u017ce zawodnik z Foios w\u0142a\u015bnie zdoby\u0142 dwie bramki przeciwko Athleticowi i ma cztery gole w ostatnich czterech meczach, podczas gdy Polak ma tyle samo goli w dw\u00f3ch ostatnich spotkaniach&#8221; \u2014 tak o napastnikach pisze katalo\u0144ski &#8222;Sport&#8221;.<\/p>\n<p class=\"Paragraph_desktopParagraph__Fd2e9\">Dziennik jednak, mimo kilku w\u0105tpliwo\u015bci, przewiduje, \u017ce Hansi Flick postawi na Lewandowskiego mi\u0119dzy Yamalem i Rashfordem.<\/p>\n<p class=\"Paragraph_desktopParagraph__Fd2e9\">Hiszpa\u0144scy dziennikarze &#8222;Sportu&#8221; s\u0105 przekonani, \u017ce dost\u0119pu do bramki Barcy b\u0119dzie broni\u0142 Joan Garcia, a nie Wojciech Szcz\u0119sny. &#8222;Garcia pozostanie mi\u0119dzy s\u0142upkami&#8221; \u2014 donosi we wtorkowy poranek gazeta.<\/p>\n<p><img decoding=\"async\" src=\"https:\/\/www.europesays.com\/pl\/wp-content\/uploads\/2025\/11\/oto-sklady-ktore-przewiduje-na-dzisiejszy-mecz-sport.png\" alt=\"Oto sk\u0142ady, kt\u00f3re przewiduje na dzisiejszy mecz &quot;Sport&quot;.\" width=\"806\" height=\"424\" loading=\"lazy\" class=\"\" \/>Oto sk\u0142ady, kt\u00f3re przewiduje na dzisiejszy mecz &#8222;Sport&#8221;. (Foto: sport.es)Niepewno\u015b\u0107 co do obsady ataku Barcy<\/p>\n<p class=\"Paragraph_desktopParagraph__Fd2e9\">Sk\u0142ady przewiduje te\u017c &#8222;AS&#8221;. Dziennikarze tego dziennika zapowiadaj\u0105 jedynie inny sk\u0142ad ataku \u2014 ich zdaniem, zamiast Rashforda na skrzydle ma zagra\u0107 Ferran Torres.<\/p>\n<p class=\"Paragraph_desktopParagraph__Fd2e9\">&#8222;Flick b\u0119dzie kontynuowa\u0142 rozwi\u0105zanie z Lewandowskim i Ferranem (dwa gole w weekend), zostawiaj\u0105c Raphinh\u0119 na \u0142awce i maj\u0105c nadziej\u0119, \u017ce Yamal poprowadzi dru\u017cyn\u0119 do wygranej&#8221;.<\/p>\n<p class=\"Paragraph_desktopParagraph__Fd2e9\">&#8222;AS&#8221; nie wspomina o Szcz\u0119snym, kt\u00f3rego typuje na \u0142awce.<\/p>\n<p><img decoding=\"async\" src=\"https:\/\/www.europesays.com\/pl\/wp-content\/uploads\/2025\/11\/sklady-na-mecz-chelsea-barcelona-jakie-typuje-as.png\" alt=\"Sk\u0142ady na mecz Chelsea - Barcelona, jakie typuje &quot;AS&quot;.\" width=\"944\" height=\"542\" loading=\"lazy\" class=\"\" \/>Sk\u0142ady na mecz Chelsea &#8211; Barcelona, jakie typuje &#8222;AS&#8221;. (Foto: as.es)<\/p>\n<p class=\"Paragraph_desktopParagraph__Fd2e9\">Identyczny sk\u0142ad typuje &#8222;Marca&#8221;, kt\u00f3ra stawia na atak z Yamalem, Lewandowskim i Torresem. W pomocy maj\u0105 zagra\u0107 Fermin Lopez, Frenkie De Jong oraz Eric Garcia, a w obronie Kounde, Araujo, Cubarsi i Balde. W bramce Joan Garcia.<\/p>\n<p>Flick komplementowa\u0142 Lewandowskiego na konferencji<\/p>\n<p class=\"Paragraph_desktopParagraph__Fd2e9\">Trener Barcelony Hansi Flick na poniedzia\u0142kowej konferencji wspomnia\u0142 m.in. o Lewandowskim, kt\u00f3ry w sobotnim meczu Barcelony \u2014 na zmodernizowanym stadionie Camp Nou z Athletic Bilbao (4:0) \u2014 strzeli\u0142 \u00f3smego gola w sezonie Primera Division, ale nie trafi\u0142 jeszcze w tej edycji Ligi Mistrz\u00f3w.<\/p>\n<p class=\"Paragraph_desktopParagraph__Fd2e9\">\u2014 Po pa\u017adziernikowej przerwie [spowodowanej kontuzj\u0105] bardzo ci\u0119\u017cko pracowa\u0142. Wr\u00f3ci\u0142 w fantastycznej formie i pokazuje to w ka\u017cdym meczu. Teraz musi strzela\u0107 gole i jest g\u0142odny, \u017ceby to zrobi\u0107 \u2014 podkre\u015bli\u0142 trener Barcelony.<\/p>\n<p class=\"Paragraph_desktopParagraph__Fd2e9\">Na temat umiej\u0119tno\u015bci 37-letniego napastnika wypowiedzia\u0142 si\u0119 r\u00f3wnie\u017c, na swojej konferencji prasowej, szkoleniowiec Chelsea.<\/p>\n<p class=\"Paragraph_desktopParagraph__Fd2e9\">\u2014 Z pewno\u015bci\u0105 Lewandowski jest fantastycznym pi\u0142karzem. Ca\u0142e \u017cycie pokazywa\u0142, \u017ce robi najwa\u017cniejsz\u0105 rzecz w pi\u0142ce no\u017cnej, czyli strzela gole. Ale oni maj\u0105 wielu \u015bwietnych zawodnik\u00f3w. Postaramy si\u0119 broni\u0107 jako dru\u017cyna, by\u0107 agresywni, tak jak zawsze \u2014 powiedzia\u0142 Maresca.<\/p>\n<p class=\"Paragraph_desktopParagraph__Fd2e9\">Bramkarzem Barcelony jest Wojciech Szcz\u0119sny, jednak ostatnio straci\u0142 miejsce w bramce, poniewa\u017c po kontuzji do gry wr\u00f3ci\u0142 Joan Garcia. Pocz\u0105tek wtorkowego meczu w Londynie o godz. 21.<\/p>\n","protected":false},"excerpt":{"rendered":"Spotkanie na Stamford Bridge w Londynie zapowiada si\u0119 na jedno z najciekawszych w 5. kolejce fazy ligowej elitarnych&hellip;\n","protected":false},"author":2,"featured_media":117087,"comment_status":"","ping_status":"","sticky":false,"template":"","format":"standard","meta":{"footnotes":""},"categories":[24],"tags":[971,303,67,299,194,42,38,40,39,41,136,128,300,47,127,135,126,1789],"class_list":{"0":"post-117086","1":"post","2":"type-post","3":"status-publish","4":"format-standard","5":"has-post-thumbnail","7":"category-sport","8":"tag-chelsea","9":"tag-fc_barcelona","10":"tag-intextvideo_splayer","11":"tag-liga_mistrzow","12":"tag-maja","13":"tag-pl","14":"tag-poland","15":"tag-polish","16":"tag-polska","17":"tag-polski","18":"tag-ps_detal_new","19":"tag-psv2","20":"tag-robert_lewandowski","21":"tag-screening_general","22":"tag-sport","23":"tag-sport_sport","24":"tag-sports","25":"tag-wojciech_szczesny"},"share_on_mastodon":{"url":"https:\/\/pubeurope.com\/@pl\/115609169253783484","error":""},"_links":{"self":[{"href":"https:\/\/www.europesays.com\/pl\/wp-json\/wp\/v2\/posts\/117086","targetHints":{"allow":["GET"]}}],"collection":[{"href":"https:\/\/www.europesays.com\/pl\/wp-json\/wp\/v2\/posts"}],"about":[{"href":"https:\/\/www.europesays.com\/pl\/wp-json\/wp\/v2\/types\/post"}],"author":[{"embeddable":true,"href":"https:\/\/www.europesays.com\/pl\/wp-json\/wp\/v2\/users\/2"}],"replies":[{"embeddable":true,"href":"https:\/\/www.europesays.com\/pl\/wp-json\/wp\/v2\/comments?post=117086"}],"version-history":[{"count":0,"href":"https:\/\/www.europesays.com\/pl\/wp-json\/wp\/v2\/posts\/117086\/revisions"}],"wp:featuredmedia":[{"embeddable":true,"href":"https:\/\/www.europesays.com\/pl\/wp-json\/wp\/v2\/media\/117087"}],"wp:attachment":[{"href":"https:\/\/www.europesays.com\/pl\/wp-json\/wp\/v2\/media?parent=117086"}],"wp:term":[{"taxonomy":"category","embeddable":true,"href":"https:\/\/www.europesays.com\/pl\/wp-json\/wp\/v2\/categories?post=117086"},{"taxonomy":"post_tag","embeddable":true,"href":"https:\/\/www.europesays.com\/pl\/wp-json\/wp\/v2\/tags?post=117086"}],"curies":[{"name":"wp","href":"https:\/\/api.w.org\/{rel}","templated":true}]}}