{"id":117088,"date":"2025-11-25T07:31:16","date_gmt":"2025-11-25T07:31:16","guid":{"rendered":"https:\/\/www.europesays.com\/pl\/117088\/"},"modified":"2025-11-25T07:31:16","modified_gmt":"2025-11-25T07:31:16","slug":"zmiany-w-pytaniu-na-sniadanie-wraca-wozniak-starak-kto-straci-posade","status":"publish","type":"post","link":"https:\/\/www.europesays.com\/pl\/117088\/","title":{"rendered":"Zmiany w \u201ePytaniu na \u015aniadanie\u201d. Wraca Wo\u017aniak-Starak! Kto straci posad\u0119?"},"content":{"rendered":"<ul>\n<li>Agnieszka Wo\u017aniak-Starak ma wr\u00f3ci\u0107 do pracy w TVP i zn\u00f3w prowadzi\u0107 \u201ePytanie na \u015aniadanie\u201d.<\/li>\n<li>W\u00a0\u201ePytaniu na \u015aniadanie\u201d zajd\u0105 zmiany w sk\u0142adzie prowadz\u0105cych. Kto straci posad\u0119?<\/li>\n<li>Tak maj\u0105 wygl\u0105da\u0107 nowe duety prowadz\u0105cych w\u00a0\u201ePytaniu na \u015aniadanie\u201d.<\/li>\n<\/ul>\n<p>\t\t\t\t                                    \t<a name=\"eztoc22641751_0_3\" id=\"eztoc22641751_0_3\"\/>Zmiany w \u201ePytaniu na \u015aniadanie\u201d. Wraca Wo\u017aniak-Starak! Kto straci posad\u0119?<\/p>\n<p>Widzowie \u201e<br \/>\n<a href=\"https:\/\/www.meloradio.pl\/tag\/kategoria\/pytanie-na-sniadanie\" target=\"_blank\" rel=\"dofollow noopener\">Pytania na \u015aniadanie<\/a>\u201d musz\u0105 przygotowa\u0107 si\u0119 na kolejne zmiany w programie. Jeszcze niedawno wszyscy m\u00f3wili o<br \/>\n<a href=\"https:\/\/www.meloradio.pl\/plotki\/roszady-w-pytaniu-na-sniadanie-jedna-z-prowadzacych-zniknie-z-anteny\" target=\"_blank\" rel=\"dofollow noopener\">zwolnieniu Joanny G\u00f3rskiej<\/a> i<br \/>\n<a href=\"https:\/\/www.meloradio.pl\/newsy\/do-pytania-na-sniadanie-wraca-stara-prowadzaca-zastapi-joanne-gorska\" target=\"_blank\" rel=\"dofollow noopener\">powrocie Marzeny Rogalskiej<\/a> do \u015bniadani\u00f3wki TVP. Wcze\u015bniej do grona gospodarzy do\u0142\u0105czyli<br \/>\n<a href=\"https:\/\/www.meloradio.pl\/newsy\/to-ona-poprowadzi-z-nim-pytanie-na-sniadanie-dostala-awans-dzieki-widzom\" target=\"_blank\" rel=\"dofollow noopener\">Anna Lewandowska i \u0141ukasz Kadziewicz<\/a>. Teraz ekip\u0119 pracuj\u0105c\u0105 przy \u201ePytaniu na \u015aniadanie\u201d czekaj\u0105 kolejne roszady, a wszystko przez<br \/>\n<a href=\"https:\/\/www.meloradio.pl\/tag\/kategoria\/agnieszka-wozniak-starak\" target=\"_blank\" rel=\"dofollow noopener\">Agnieszk\u0119 Wo\u017aniak-Starak<\/a>, kt\u00f3ra znowu ma prowadzi\u0107 poranny program Telewizji Polskiej.<\/p>\n<p><a name=\"eztoc22641751_0_4\" id=\"eztoc22641751_0_4\"\/>Krystyna Soko\u0142owska \u017cegna si\u0119 z \u201ePytaniem na \u015aniadanie\u201d. B\u0119d\u0105 nowe pary<\/p>\n<p>Wed\u0142ug plotek<br \/>\n<a href=\"https:\/\/www.meloradio.pl\/plotki\/agnieszka-wozniak-starak-wraca-do-tvp-ma-poprowadzic-pytanie-na-sniadanie\" target=\"_blank\" rel=\"dofollow noopener\">Agnieszka Wo\u017aniak-Starak wraca do pracy w TVP i zn\u00f3w poprowadzi \u201ePytanie na \u015aniadanie\u201d<\/a>. Ze wzgl\u0119du na ponowne zatrudnienie gwiazdy w \u015bniadani\u00f3wce musia\u0142o zaj\u015b\u0107 sporo zmian. Z informacji Pudelka wynika, \u017ce z redakcj\u0105 porannego programu po\u017cegna si\u0119<br \/>\n<a href=\"https:\/\/www.meloradio.pl\/plotki\/nowa-prowadzaca-pytania-na-sniadanie-kim-jest-krystyna-sokolowska\" target=\"_blank\" rel=\"dofollow noopener\">Krystyna Soko\u0142owska<\/a>. &#8211; Krysia zostaje w Telewizji Polskiej. Otrzyma\u0142a ciekaw\u0105 propozycj\u0119 i widzowie z pewno\u015bci\u0105 jeszcze o niej us\u0142ysz\u0105 &#8211; mia\u0142o powiedzie\u0107 \u017ar\u00f3d\u0142o serwisu.<\/p>\n<p>Oznacza to, \u017ce Robert Stockinger ponownie zmieni wsp\u00f3\u0142prowadz\u0105c\u0105. Od teraz podobno b\u0119dziemy go ogl\u0105da\u0107 u boku Anny Lewandowskiej, kt\u00f3ra do tej pory prowadzi\u0142a \u201ePytanie na \u015aniadanie\u201d z \u0141ukaszem Kadziewiczem. Siatkarz ma teraz wsp\u00f3\u0142pracowa\u0107 z Agnieszk\u0105 Wo\u017aniak-Starak. Mo\u017cliwe, \u017ce nowe duety zadebiutuj\u0105 na ekranie jeszcze w tym roku.<\/p>\n<blockquote class=\"blockquote\">\n<p>    Ania i Robert mieli ju\u017c okazj\u0119 sprawdzi\u0107 si\u0119 jako duet prowadz\u0105cych. Jeste\u015bmy zadowoleni z tego, jak wypadli. Niezmiennie ws\u0142uchujemy si\u0119 w g\u0142osy widz\u00f3w, bo to oni s\u0105 dla nas najwa\u017cniejsi. Staramy si\u0119 reagowa\u0107 na konstruktywn\u0105 krytyk\u0119. Je\u015bli zajdzie taka potrzeba, b\u0119dziemy wprowadza\u0107 kolejne zmiany<br \/>\n    &#8211; mia\u0142a powiedzie\u0107 w Pudelku osoba z produkcji.<\/p><\/blockquote>\n<p>\u0179r\u00f3d\u0142o: Meloradio.pl\/Pudelek<\/p>\n","protected":false},"excerpt":{"rendered":"Agnieszka Wo\u017aniak-Starak ma wr\u00f3ci\u0107 do pracy w TVP i zn\u00f3w prowadzi\u0107 \u201ePytanie na \u015aniadanie\u201d. W\u00a0\u201ePytaniu na \u015aniadanie\u201d zajd\u0105&hellip;\n","protected":false},"author":2,"featured_media":117089,"comment_status":"","ping_status":"","sticky":false,"template":"","format":"standard","meta":{"footnotes":""},"categories":[22],"tags":[22701,122,42,38,40,39,41,13771,123,506],"class_list":{"0":"post-117088","1":"post","2":"type-post","3":"status-publish","4":"format-standard","5":"has-post-thumbnail","7":"category-rozrywka","8":"tag-agnieszka-wozniak-starak","9":"tag-entertainment","10":"tag-pl","11":"tag-poland","12":"tag-polish","13":"tag-polska","14":"tag-polski","15":"tag-pytanie-na-sniadanie","16":"tag-rozrywka","17":"tag-tvp"},"share_on_mastodon":{"url":"https:\/\/pubeurope.com\/@pl\/115609172879417043","error":""},"_links":{"self":[{"href":"https:\/\/www.europesays.com\/pl\/wp-json\/wp\/v2\/posts\/117088","targetHints":{"allow":["GET"]}}],"collection":[{"href":"https:\/\/www.europesays.com\/pl\/wp-json\/wp\/v2\/posts"}],"about":[{"href":"https:\/\/www.europesays.com\/pl\/wp-json\/wp\/v2\/types\/post"}],"author":[{"embeddable":true,"href":"https:\/\/www.europesays.com\/pl\/wp-json\/wp\/v2\/users\/2"}],"replies":[{"embeddable":true,"href":"https:\/\/www.europesays.com\/pl\/wp-json\/wp\/v2\/comments?post=117088"}],"version-history":[{"count":0,"href":"https:\/\/www.europesays.com\/pl\/wp-json\/wp\/v2\/posts\/117088\/revisions"}],"wp:featuredmedia":[{"embeddable":true,"href":"https:\/\/www.europesays.com\/pl\/wp-json\/wp\/v2\/media\/117089"}],"wp:attachment":[{"href":"https:\/\/www.europesays.com\/pl\/wp-json\/wp\/v2\/media?parent=117088"}],"wp:term":[{"taxonomy":"category","embeddable":true,"href":"https:\/\/www.europesays.com\/pl\/wp-json\/wp\/v2\/categories?post=117088"},{"taxonomy":"post_tag","embeddable":true,"href":"https:\/\/www.europesays.com\/pl\/wp-json\/wp\/v2\/tags?post=117088"}],"curies":[{"name":"wp","href":"https:\/\/api.w.org\/{rel}","templated":true}]}}