{"id":117163,"date":"2025-11-25T08:34:09","date_gmt":"2025-11-25T08:34:09","guid":{"rendered":"https:\/\/www.europesays.com\/pl\/117163\/"},"modified":"2025-11-25T08:34:09","modified_gmt":"2025-11-25T08:34:09","slug":"barwy-szczescia-odcinek-3264-przestanie-mu-ufac-dowody-leza-na-stole","status":"publish","type":"post","link":"https:\/\/www.europesays.com\/pl\/117163\/","title":{"rendered":"&#8222;Barwy szcz\u0119\u015bcia&#8221; odcinek 3264: przestanie mu ufa\u0107? Dowody le\u017c\u0105 na stole!"},"content":{"rendered":"<p>W 3264. odcinku serialu\u00a0<a href=\"https:\/\/swiatseriali.interia.pl\/newsy\/seriale\/barwy-szczescia-372\" target=\"_blank\" rel=\"noreferrer noopener nofollow\">&#8222;Barwy szcz\u0119\u015bcia&#8221;<\/a> intryga Stefaniaka o ma\u0142o nie wyjdzie na jaw, gdy Sonia zauwa\u017cy w domu \u015blady po &#8222;imprezie&#8221; z udzia\u0142em Bazylowa. \u00a0<\/p>\n<p>&#8222;- Mieli\u015bmy wczoraj go\u015bci?\u00a0<\/p>\n<p>&#8211; Nie, to moja sprawka&#8230; \u00a0<\/p>\n<p>&#8211; Sam? W trzech kieliszkach? \u00a0<\/p>\n<p>&#8211; Nie mog\u0142em zasn\u0105\u0107 i wypi\u0142em kilka r\u00f3\u017cnych drink\u00f3w&#8230; \u00a0<\/p>\n<p>&#8211; A ja&#8230; pi\u0142am z tob\u0105? Bo tak si\u0119 czuj\u0119&#8230; Kr\u0119ci mi si\u0119 w g\u0142owie i znowu nie pami\u0119tam wieczoru&#8230;&#8221;\u00a0<\/p>\n<p>Naiwna kobieta ponownie uwierzy w k\u0142amstwa m\u0119\u017cczyzny. Przez my\u015bl jej nie przejdzie, \u017ce Stefaniak m\u00f3g\u0142by j\u0105 oszuka\u0107. A co wi\u0119cej, nawet i da\u0107 tak wykorzysta\u0107!\u00a0<\/p>\n<p>M\u0119\u017cczyzna zaskoczony zachowanie Soni oraz jej pr\u00f3bami odm\u00f3wienia podsuwanych napoj\u00f3w, b\u0119dzie pr\u00f3bowa\u0142 targowa\u0107 si\u0119 z Bazylowem.\u00a0<\/p>\n<p>Bandzior b\u0119dzie mia\u0142 Stefaniaka w gar\u015bci i oczywi\u015bcie nie zamierza z tego nie skorzysta\u0107. Gangster przedstawi mu nowe warunki ich umowy i da mu jasno do zrozumienia, \u017ce je\u015bli na nie nie przystanie, to on powie o wszystkim Soni, kt\u00f3ra w ko\u0144cu dowie si\u0119, jak jest nie tylko przez nich, ale i przez niego brutalnie wykorzystywana!\u00a0<\/p>\n<p>&#8222;Nie znasz si\u0119 na interesach. Stali klienci zas\u0142uguj\u0105 na specjalne traktowanie i dobre rabaty. Tym bardziej \u017ce prowadzimy wsp\u00f3lne interesy. A dzi\u0119ki mnie tw\u00f3j interes naprawd\u0119 dobrze si\u0119 kr\u0119ci i wystarczy jedno s\u0142owo pewnej pi\u0119knej, zmys\u0142owej dziewczynie i przestanie&#8221;\u00a0&#8211; zagrozi mu Bazylow, tym samym daj\u0105c mu do zrozumienia, ze ta historia pr\u0119dko si\u0119 nie sko\u0144czy.\u00a0<\/p>\n<p>Premierowe odcinki &#8222;Barw szcz\u0119\u015bcia&#8221; mo\u017cna zobaczy\u0107 na antenie TVP2 o godzinie 20:05.<\/p>\n<p>&#13;<br \/>\n    &#13;<br \/>\n            Wideo&#13;<\/p>\n<p>        &#13;<br \/>\n&#13;<br \/>\n    &#13;<br \/>\n        &#13;<br \/>\n                &#13;<\/p>\n<p>&#13;<br \/>\n                                        &#8222;The Office PL&#8221;, sezon pi\u0105ty. Piotr Polak szczerze: &#8222;Micha\u0142 Holc ma wi\u0119ksze serce ni\u017c m\u00f3zg&#8221;&#13;<br \/>\n                                        INTERIA.PL&#13;\n                    <\/p>\n<p>&#13;<\/p>\n<p>                    &#13;<br \/>\n        &#13;<\/p>\n<p>                                    www.barwyszczescia.tvp.pl\/                                <\/p>\n<p>        &#13;<br \/>\n&#13;<br \/>\n    &#13;<\/p>\n<p>    &#13;<br \/>\n    &#13;<br \/>\n            &#13;<br \/>\n        &#13;<\/p>\n","protected":false},"excerpt":{"rendered":"W 3264. odcinku serialu\u00a0&#8222;Barwy szcz\u0119\u015bcia&#8221; intryga Stefaniaka o ma\u0142o nie wyjdzie na jaw, gdy Sonia zauwa\u017cy w domu&hellip;\n","protected":false},"author":2,"featured_media":117164,"comment_status":"","ping_status":"","sticky":false,"template":"","format":"standard","meta":{"footnotes":""},"categories":[22],"tags":[122,42,38,40,39,41,123],"class_list":{"0":"post-117163","1":"post","2":"type-post","3":"status-publish","4":"format-standard","5":"has-post-thumbnail","7":"category-rozrywka","8":"tag-entertainment","9":"tag-pl","10":"tag-poland","11":"tag-polish","12":"tag-polska","13":"tag-polski","14":"tag-rozrywka"},"share_on_mastodon":{"url":"https:\/\/pubeurope.com\/@pl\/115609420646143783","error":""},"_links":{"self":[{"href":"https:\/\/www.europesays.com\/pl\/wp-json\/wp\/v2\/posts\/117163","targetHints":{"allow":["GET"]}}],"collection":[{"href":"https:\/\/www.europesays.com\/pl\/wp-json\/wp\/v2\/posts"}],"about":[{"href":"https:\/\/www.europesays.com\/pl\/wp-json\/wp\/v2\/types\/post"}],"author":[{"embeddable":true,"href":"https:\/\/www.europesays.com\/pl\/wp-json\/wp\/v2\/users\/2"}],"replies":[{"embeddable":true,"href":"https:\/\/www.europesays.com\/pl\/wp-json\/wp\/v2\/comments?post=117163"}],"version-history":[{"count":0,"href":"https:\/\/www.europesays.com\/pl\/wp-json\/wp\/v2\/posts\/117163\/revisions"}],"wp:featuredmedia":[{"embeddable":true,"href":"https:\/\/www.europesays.com\/pl\/wp-json\/wp\/v2\/media\/117164"}],"wp:attachment":[{"href":"https:\/\/www.europesays.com\/pl\/wp-json\/wp\/v2\/media?parent=117163"}],"wp:term":[{"taxonomy":"category","embeddable":true,"href":"https:\/\/www.europesays.com\/pl\/wp-json\/wp\/v2\/categories?post=117163"},{"taxonomy":"post_tag","embeddable":true,"href":"https:\/\/www.europesays.com\/pl\/wp-json\/wp\/v2\/tags?post=117163"}],"curies":[{"name":"wp","href":"https:\/\/api.w.org\/{rel}","templated":true}]}}