{"id":117190,"date":"2025-11-25T09:02:11","date_gmt":"2025-11-25T09:02:11","guid":{"rendered":"https:\/\/www.europesays.com\/pl\/117190\/"},"modified":"2025-11-25T09:02:11","modified_gmt":"2025-11-25T09:02:11","slug":"to-nie-jest-prawda-to-nie-ma-sensu-viki-gabor-reaguje-na-slowa-dody","status":"publish","type":"post","link":"https:\/\/www.europesays.com\/pl\/117190\/","title":{"rendered":"&#8222;To nie jest prawda, to nie ma sensu&#8221;. Viki Gabor reaguje na s\u0142owa Dody"},"content":{"rendered":"<p>W m\u0142odym wieku karier\u0119 rozpocz\u0119\u0142y m.in. Sara James, Roksana W\u0119giel i\u00a0Viki Gabor. Z\u00a0kolei Doda mia\u0142a 15 lat, gdy stawia\u0142a pierwsze kroki na scenie. Ten okres najwyra\u017aniej by\u0142 dla niej bardzo wymagaj\u0105cy, bo wyrobi\u0142a sobie zdanie na temat artyst\u00f3w, kt\u00f3rzy wkraczaj\u0105 do show-biznesu w\u00a0m\u0142odym wieku.<\/p>\n<p>Oznajmi\u0142a, \u017ce &#8222;ka\u017cda z\u00a0takich os\u00f3b b\u0119dzie mia\u0142a du\u017ce problemy psychiczne&#8221; i\u00a0nie da si\u0119 przed nimi uchroni\u0107. Piosenkark\u0105, kt\u00f3ra postara\u0142a si\u0119 o\u00a0to, by tego unikn\u0105\u0107, zdaniem Dody jest Roksana W\u0119giel.<\/p>\n<p>Mia\u0142a czerwone \u015bwiat\u0142o. Nie zatrzyma\u0142a si\u0119. Dramatyczne nagranie <\/p>\n<p>To za\u0142o\u017cenie nie spodoba\u0142o si\u0119 Viki Gabor. Nie zgodzi\u0142a si\u0119 ze s\u0142owami do\u015bwiadczonej wokalistki, jakoby wczesny start w\u00a0bran\u017cy rozrywkowej z\u00a0automatu skutkowa\u0142 problemami natury psychicznej.<\/p>\n<p>Zwyci\u0119\u017cczyni Eurowizji Junior z\u00a02019 roku poda\u0142a sw\u00f3j przyk\u0142ad. Uwa\u017ca bowiem, \u017ce je\u015bli rzeczywi\u015bcie boryka\u0142aby si\u0119 z\u00a0problemami, nie by\u0142aby w\u00a0stanie wci\u0105\u017c wyst\u0119powa\u0107 na scenie i utrzymywa\u0107 kontaktu z\u00a0fanami.<\/p>\n<p>Viki Gabor zaapelowa\u0142a do fan\u00f3w, by si\u0119gali po pomoc i\u00a0rozmawiali o\u00a0swoich prze\u017cyciach, np. z\u00a0najbli\u017cszymi. To, jak twierdzi, &#8222;du\u017co daje&#8221;. Nastolatka stara si\u0119 regularnie informowa\u0107, jak istotna jest dba\u0142o\u015b\u0107 o\u00a0zdrowie psychiczne.<\/p>\n","protected":false},"excerpt":{"rendered":"W m\u0142odym wieku karier\u0119 rozpocz\u0119\u0142y m.in. Sara James, Roksana W\u0119giel i\u00a0Viki Gabor. Z\u00a0kolei Doda mia\u0142a 15 lat, gdy&hellip;\n","protected":false},"author":2,"featured_media":117191,"comment_status":"","ping_status":"","sticky":false,"template":"","format":"standard","meta":{"footnotes":""},"categories":[22],"tags":[122,42,38,40,39,41,123],"class_list":{"0":"post-117190","1":"post","2":"type-post","3":"status-publish","4":"format-standard","5":"has-post-thumbnail","7":"category-rozrywka","8":"tag-entertainment","9":"tag-pl","10":"tag-poland","11":"tag-polish","12":"tag-polska","13":"tag-polski","14":"tag-rozrywka"},"share_on_mastodon":{"url":"https:\/\/pubeurope.com\/@pl\/115609530705926647","error":""},"_links":{"self":[{"href":"https:\/\/www.europesays.com\/pl\/wp-json\/wp\/v2\/posts\/117190","targetHints":{"allow":["GET"]}}],"collection":[{"href":"https:\/\/www.europesays.com\/pl\/wp-json\/wp\/v2\/posts"}],"about":[{"href":"https:\/\/www.europesays.com\/pl\/wp-json\/wp\/v2\/types\/post"}],"author":[{"embeddable":true,"href":"https:\/\/www.europesays.com\/pl\/wp-json\/wp\/v2\/users\/2"}],"replies":[{"embeddable":true,"href":"https:\/\/www.europesays.com\/pl\/wp-json\/wp\/v2\/comments?post=117190"}],"version-history":[{"count":0,"href":"https:\/\/www.europesays.com\/pl\/wp-json\/wp\/v2\/posts\/117190\/revisions"}],"wp:featuredmedia":[{"embeddable":true,"href":"https:\/\/www.europesays.com\/pl\/wp-json\/wp\/v2\/media\/117191"}],"wp:attachment":[{"href":"https:\/\/www.europesays.com\/pl\/wp-json\/wp\/v2\/media?parent=117190"}],"wp:term":[{"taxonomy":"category","embeddable":true,"href":"https:\/\/www.europesays.com\/pl\/wp-json\/wp\/v2\/categories?post=117190"},{"taxonomy":"post_tag","embeddable":true,"href":"https:\/\/www.europesays.com\/pl\/wp-json\/wp\/v2\/tags?post=117190"}],"curies":[{"name":"wp","href":"https:\/\/api.w.org\/{rel}","templated":true}]}}