{"id":117318,"date":"2025-11-25T10:23:12","date_gmt":"2025-11-25T10:23:12","guid":{"rendered":"https:\/\/www.europesays.com\/pl\/117318\/"},"modified":"2025-11-25T10:23:12","modified_gmt":"2025-11-25T10:23:12","slug":"tak-wyglada-bieda-w-polsce-szlachetna-paczka-publikuje-raport-o-biedzie","status":"publish","type":"post","link":"https:\/\/www.europesays.com\/pl\/117318\/","title":{"rendered":"Tak wygl\u0105da bieda w Polsce. Szlachetna Paczka publikuje Raport o biedzie"},"content":{"rendered":"<p class=\"Paragraph_desktopParagraph__U31Gm\">By opowiedzie\u0107 o problemie i skali biedy w Polsce, autorzy publikacji si\u0119gaj\u0105 po metafor\u0119 Bieda\u0144ska. Gdyby w tej hipotetycznej metropolii zebrano wszystkich Polak\u00f3w \u017cyj\u0105cych w skrajnym ub\u00f3stwie, Bieda\u0144sk by\u0142by najwi\u0119kszym miastem w naszym kraju. Dane s\u0105 alarmuj\u0105ce, bo cho\u0107 liczba skrajnie ubogich rok do roku zmniejszy\u0142a si\u0119, to przyby\u0142o Polak\u00f3w \u017cyj\u0105cych w tzw. ub\u00f3stwie relatywnym, co oznacza, \u017ce bieda w Polsce ma dzisiaj rozmiary aglomeracji na miar\u0119 Madrytu czy Toronto.<\/p>\n<ul class=\"OchatFollowUps_wrapper__1ry7X\">\n<li class=\"OchatFollowUps_item__Dhyly OchatFollowUps_itemDesktop__R6aBv\">Ile os\u00f3b w Polsce \u017cyje w skrajnym ub\u00f3stwie?<\/li>\n<li class=\"OchatFollowUps_item__Dhyly OchatFollowUps_itemDesktop__R6aBv\">Co to jest Bieda\u0144sk?<\/li>\n<li class=\"OchatFollowUps_item__Dhyly OchatFollowUps_itemDesktop__R6aBv\">Jak zmieni\u0142a si\u0119 liczba skrajnie ubogich w Polsce w ostatnim roku?<\/li>\n<li class=\"OchatFollowUps_item__Dhyly OchatFollowUps_itemDesktop__R6aBv\">Kto nale\u017cy do mieszka\u0144c\u00f3w Bieda\u0144ska?<\/li>\n<\/ul>\n<p class=\"Paragraph_desktopParagraph__U31Gm\">Liczba os\u00f3b skrajnie ubogich zmniejszy\u0142a si\u0119 rok do roku z 6,6 proc. do 5,2 proc. Z\u202fBieda\u0144ska\u202fwyjecha\u0142 co czwarty mieszkaniec, a pomimo tego nadal pozostaje on najwi\u0119kszym miastem w Polsce. \u2013 Paradoks polega na tym, \u017ce Polska \u2013 kraj zaliczany dzi\u015b do 20 najbogatszych pa\u0144stw \u015bwiata \u2013 wci\u0105\u017c zmaga si\u0119 z ub\u00f3stwem, bezdomno\u015bci\u0105, brakiem dost\u0119pu do leczenia i edukacji. To pokazuje, \u017ce rozw\u00f3j gospodarczy nie zawsze idzie w parze z rozwojem spo\u0142ecznym. By\u0107 mo\u017ce wi\u0119c najwi\u0119kszym problemem nie s\u0105 same nier\u00f3wno\u015bci, lecz to, jak bardzo si\u0119 do nich przyzwyczaili\u015bmy\u202f\u2013\u202fm\u00f3wi Joanna Sadzik, prezeska Stowarzyszenia WIOSNA, kt\u00f3re organizuje Szlachetn\u0105 Paczk\u0119.<\/p>\n<p>Zbyt bogaci, zbyt biedni \u2013 1 mln Polak\u00f3w <\/p>\n<p class=\"Paragraph_desktopParagraph__U31Gm\">Kolejny rok obserwujemy szar\u0105 stref\u0119 biedy \u2013 ponad 1 mln Polak\u00f3w, kt\u00f3rzy s\u0105 zbyt bogaci, by kwalifikowa\u0107 si\u0119 na pomoc spo\u0142eczn\u0105, ale zbyt biedni, by godnie \u017cy\u0107. W\u015br\u00f3d mieszka\u0144c\u00f3w\u202fBieda\u0144ska\u202fponad 400 tys. to seniorzy pobieraj\u0105cy cz\u0119sto emerytury ni\u017csze ni\u017c te minimalne. 364 tys. to dzieci \u2013 \u017cyj\u0105ce ju\u017c nie tylko w wielodzietnych rodzinach. To te\u017c gospodarstwa domowe, w kt\u00f3rych jest przynajmniej jedna osoba z niepe\u0142nosprawno\u015bci\u0105. To r\u00f3wnie\u017c osoby, kt\u00f3re nie mog\u0105 utrzymywa\u0107 si\u0119 z pracy i korzystaj\u0105 z pomocy socjalnej.<\/p>\n<p class=\"Paragraph_desktopParagraph__U31Gm\">Za ka\u017cd\u0105 liczb\u0105 kryje si\u0119 prawdziwa i bolesna historia ludzi, kt\u00f3rych\u202fSzlachetna Paczka\u202fzna z imienia. Od 25 lat\u202fwidzi, opisuje i odwiedza\u202fBieda\u0144sk, by nie\u015b\u0107 realn\u0105 pomoc. Tegoroczny\u202fRaport o biedzie\u202fjest zaproszeniem, by da\u0107 si\u0119 oprowadzi\u0107 po mie\u015bcie, poruszy\u0107 losem jego prawdziwych mieszka\u0144c\u00f3w i pom\u00f3c w zmianie na dobre. Bo ze wszystkich rzeczy, na kt\u00f3re nie sta\u0107 mieszka\u0144c\u00f3w\u202fBieda\u0144ska, nadzieja jest by\u0107 mo\u017ce t\u0105 najcenniejsz\u0105\u202f\u2013\u202fapeluj\u0105 autorzy tegorocznego raportu.<\/p>\n<p><img decoding=\"async\" class=\"Image_image__0tuHp Image_autoHeight__f2n87 \" height=\"321\" width=\"572\" src=\"https:\/\/www.europesays.com\/pl\/wp-content\/uploads\/2025\/11\/m7wk9kpTURBXy8wN2NmZWUxNmUzMjMyYmI5ZTE1N2ZkYzM0NDFiYzJiNy5qcGeSlQLNAjwAwsOVAgDNAtDCw94AA6EwAaExAaEzw.jpeg\" alt=\"Raport o Biedzie Szlachetnej Paczki \" loading=\"lazy\" \/>Szlachetna Paczka<img decoding=\"async\" class=\"Image_image__0tuHp Image_autoHeight__f2n87 \" height=\"321\" width=\"572\" src=\"https:\/\/www.europesays.com\/pl\/wp-content\/uploads\/2025\/11\/K-9k9kpTURBXy82NWE1OTM5MGI1ZGJkOGFmMjliNjY1ZjZjNDhlNWE3ZS5qcGeSlQLNAjwAwsOVAgDNAtDCw94AA6EwAaExAaEzw.jpeg\" alt=\"Raport o Biedzie Szlachetnej Paczki \" loading=\"lazy\" \/>Szlachetna Paczka<\/p>\n","protected":false},"excerpt":{"rendered":"By opowiedzie\u0107 o problemie i skali biedy w Polsce, autorzy publikacji si\u0119gaj\u0105 po metafor\u0119 Bieda\u0144ska. Gdyby w tej&hellip;\n","protected":false},"author":2,"featured_media":117319,"comment_status":"","ping_status":"","sticky":false,"template":"","format":"standard","meta":{"footnotes":""},"categories":[12],"tags":[3487,32,33,36,37,27,34,35,28,31,53,25,52,68,51,55,42,38,40,39,41,22979,90,47,25415,18306,29,30,50,26],"class_list":{"0":"post-117318","1":"post","2":"type-post","3":"status-publish","4":"format-standard","5":"has-post-thumbnail","7":"category-polska","8":"tag-bieda","9":"tag-breaking-news","10":"tag-breakingnews","11":"tag-featured-news","12":"tag-featurednews","13":"tag-headlines","14":"tag-latest-news","15":"tag-latestnews","16":"tag-naglowki","17":"tag-najwazniejsze-artykuly","18":"tag-new_header","19":"tag-news","20":"tag-onet3","21":"tag-onet3d","22":"tag-onet3d_2i","23":"tag-phx","24":"tag-pl","25":"tag-poland","26":"tag-polish","27":"tag-polska","28":"tag-polski","29":"tag-pomaganie","30":"tag-raport","31":"tag-screening_general","32":"tag-skrajne_ubostwo","33":"tag-szlachetna_paczka","34":"tag-top-stories","35":"tag-topstories","36":"tag-v2021","37":"tag-wiadomosci"},"share_on_mastodon":{"url":"https:\/\/pubeurope.com\/@pl\/115609849616916648","error":""},"_links":{"self":[{"href":"https:\/\/www.europesays.com\/pl\/wp-json\/wp\/v2\/posts\/117318","targetHints":{"allow":["GET"]}}],"collection":[{"href":"https:\/\/www.europesays.com\/pl\/wp-json\/wp\/v2\/posts"}],"about":[{"href":"https:\/\/www.europesays.com\/pl\/wp-json\/wp\/v2\/types\/post"}],"author":[{"embeddable":true,"href":"https:\/\/www.europesays.com\/pl\/wp-json\/wp\/v2\/users\/2"}],"replies":[{"embeddable":true,"href":"https:\/\/www.europesays.com\/pl\/wp-json\/wp\/v2\/comments?post=117318"}],"version-history":[{"count":0,"href":"https:\/\/www.europesays.com\/pl\/wp-json\/wp\/v2\/posts\/117318\/revisions"}],"wp:featuredmedia":[{"embeddable":true,"href":"https:\/\/www.europesays.com\/pl\/wp-json\/wp\/v2\/media\/117319"}],"wp:attachment":[{"href":"https:\/\/www.europesays.com\/pl\/wp-json\/wp\/v2\/media?parent=117318"}],"wp:term":[{"taxonomy":"category","embeddable":true,"href":"https:\/\/www.europesays.com\/pl\/wp-json\/wp\/v2\/categories?post=117318"},{"taxonomy":"post_tag","embeddable":true,"href":"https:\/\/www.europesays.com\/pl\/wp-json\/wp\/v2\/tags?post=117318"}],"curies":[{"name":"wp","href":"https:\/\/api.w.org\/{rel}","templated":true}]}}