{"id":117320,"date":"2025-11-25T10:24:20","date_gmt":"2025-11-25T10:24:20","guid":{"rendered":"https:\/\/www.europesays.com\/pl\/117320\/"},"modified":"2025-11-25T10:24:20","modified_gmt":"2025-11-25T10:24:20","slug":"raport-o-biedzie-szlachetnej-paczki-ukazuje-biedansk-najwieksze-miasto-w-polsce","status":"publish","type":"post","link":"https:\/\/www.europesays.com\/pl\/117320\/","title":{"rendered":"Raport o biedzie Szlachetnej Paczki ukazuje Bieda\u0144sk \u2014 najwi\u0119ksze miasto w Polsce"},"content":{"rendered":"<p class=\"ods-c-paragraph \">By opowiedzie\u0107 o problemie i skali biedy w Polsce, autorzy publikacji si\u0119gaj\u0105 po metafor\u0119 Bieda\u0144ska. Gdyby w tej hipotetycznej metropolii zebrano wszystkich Polak\u00f3w \u017cyj\u0105cych w skrajnym ub\u00f3stwie, Bieda\u0144sk by\u0142by najwi\u0119kszym miastem w naszym kraju. Dane s\u0105 alarmuj\u0105ce, bo cho\u0107 liczba skrajnie ubogich rok do roku zmniejszy\u0142a si\u0119, to przyby\u0142o Polak\u00f3w \u017cyj\u0105cych w tzw. ub\u00f3stwie relatywnym, co oznacza, \u017ce bieda w Polsce ma dzisiaj rozmiary aglomeracji na miar\u0119 Madrytu czy Toronto.<\/p>\n<p> Ile os\u00f3b \u017cyje w skrajnym ub\u00f3stwie w Polsce? <\/p>\n<p> Jak wygl\u0105da sytuacja dzieci zagro\u017conych bied\u0105? <\/p>\n<p> Co oznacza ub\u00f3stwo relatywne? <\/p>\n<p> Jakie s\u0105 warunki \u017cycia os\u00f3b w Bieda\u0144sku? <\/p>\n<p class=\"ods-c-paragraph \">&#8222;Reporta\u017c z Bieda\u0144ska&#8221; stanowi fragment Raportu o biedzie Szlachetnej Paczki. <a rel=\"nofollow noopener\" href=\"https:\/\/www.szlachetnapaczka.pl\/raport-o-biedzie\/?utm_source=onet.pl&amp;utm_medium=referral&amp;utm_campaign=paczka2025\" id=\"c9d6b3a4-2ddc-4039-b39f-faf920ea52ca\" target=\"_blank\">Ca\u0142y raport przeczytasz TUTAJ<\/a><\/p>\n<p>   Ju\u017c nie miasto, a aglomeracja biedy<\/p>\n<p class=\"ods-c-paragraph \">Na ten moment polskie miasta czekaj\u0105 niecierpliwie ka\u017cdego roku. Rankingi. Uwielbiamy je, bo pozwalaj\u0105 nam poczu\u0107 presti\u017c, wyr\u00f3\u017cni\u0107 si\u0119 z t\u0142umu. Za rok 2024 potr\u00f3jna palma pierwsze\u0144stwa kolejny raz trafi\u0142a do najwi\u0119kszego miasta w Polsce.<\/p>\n<blockquote class=\"ods-o-quota\">\n<p class=\"ods-o-quota__paragraph\">&#8222;Bieda\u0144sk ponownie najgorszym miastem pod wzgl\u0119dem jako\u015bci \u017cycia! Gratulujemy&#8221;<\/p>\n<p class=\"ods-o-quota__paragraph\">&#8222;Tu rozw\u00f3j nie istnieje. Bieda\u0144sk broni tytu\u0142u i deklasuje konkurencj\u0119&#8221;<\/p>\n<p class=\"ods-o-quota__paragraph\">&#8222;W rankingu Braku Perspektyw bieda\u0144skie uczelnie nie maj\u0105 sobie r\u00f3wnych&#8221;<\/p>\n<\/blockquote>\n<p class=\"ods-c-paragraph \">Informacji o tym nie znajdziesz jednak na pierwszych stronach gazet. Bieda razi, bieda si\u0119 nie sprzedaje. Istnienie Bieda\u0144ska okrywa zas\u0142ona milczenia. \u017byje za ni\u0105 1,9 mln ludzi, dla kt\u00f3rych mieszkanie w nim to konieczno\u015b\u0107. Tylu Polak\u00f3w do\u015bwiadcza bowiem skrajnego ub\u00f3stwa. To wci\u0105\u017c wi\u0119cej mieszka\u0144c\u00f3w ni\u017c liczy sobie Warszawa.<\/p>\n<p>   Byli\u015bmy tu rok temu. Co si\u0119 zmieni\u0142o?<\/p>\n<p class=\"ods-c-paragraph \">W stosunku do roku wcze\u015bniejszego liczebno\u015b\u0107 Bieda\u0144ska \u2014 fikcyjnego miasta prawdziwych ludzi, stworzonego do opisu i zwr\u00f3cenia uwagi na problem ub\u00f3stwa w Polsce \u2014 zmniejszy\u0142a si\u0119 o blisko 600 tys. os\u00f3b. Zanim si\u0119 jednak ucieszymy t\u0105 liczb\u0105, sp\u00f3jrzmy na map\u0119 miasta i okolic. Bieda\u0144sk nie jest ju\u017c samotn\u0105 wysp\u0105, ale sta\u0142 si\u0119 aglomeracj\u0105. Otacza go obwarzanek intensywnie rozrastaj\u0105cych si\u0119 mniejszych miejscowo\u015bci stworzonych dla ludzi \u017cyj\u0105cych w zasi\u0119gu ub\u00f3stwa relatywnego \u2014 to ponad 13 proc. Polak\u00f3w, czyli blisko 5 mln os\u00f3b. Z takimi wynikami bieda\u0144ska aglomeracja mo\u017ce konkurowa\u0107 nawet z najwi\u0119kszymi \u015bwiatowymi metropoliami, wyprzedzaj\u0105c Madryt lub Toronto. Miliony ludzi \u017cyj\u0105cych w ub\u00f3stwie lub jego zasi\u0119gu.<\/p>\n<p class=\"ods-c-paragraph \">Czym jest ub\u00f3stwo relatywne? To takie naukowe okre\u015blenie na tych, kt\u00f3rym wiedzie si\u0119 troch\u0119 lepiej. Mog\u0105 sobie pozwoli\u0107 na codzienny zakup np. 20 dag \u017c\u00f3\u0142tego sera, bo jego r\u00f3wnowarto\u015b\u0107 wynosi tyle, ile r\u00f3\u017cnica w portfelach, dzi\u0119ki kt\u00f3rej nie s\u0105 ju\u017c skrajnie ubodzy, a &#8222;tylko&#8221; relatywnie. 300 z\u0142 miesi\u0119cznie \u2014 czy mo\u017ce dosadniej 10 z\u0142 dziennie \u2014 decyduje o ich \u017cyciu nad kresk\u0105. To dok\u0142adnie tyle, o ile wzros\u0142o \u015bwiadczenie 500+.<\/p>\n<p class=\"ods-c-paragraph \"><a href=\"https:\/\/kobieta.onet.pl\/rodzina\/prezeska-szlachetnej-paczki-o-biedzie-w-polsce\/lssbz88\" id=\"2bbaa18f-cafd-4475-8d16-4a6ff59f9db6\" rel=\"nofollow noopener\" target=\"_blank\">Joanna Sadzik: W Polsce bogatsi wydaj\u0105 coraz wi\u0119cej, a biedniejsi nie maj\u0105 na chleb<\/a><\/p>\n<p class=\"ods-c-paragraph \">W takich domach danych o inflacji oczekuje si\u0119 jak d\u0142ugoterminowej prognozy pogody. Nie zadajesz sobie pytania o to, czy czeka ci\u0119 och\u0142odzenie, ale kiedy nadejdzie. A \u017cycie dostarcza ci nag\u0142ych zjawisk, o kt\u00f3rych dowiadujesz si\u0119 ju\u017c po fakcie. Z alertu RCB, kt\u00f3ry przyszed\u0142 za p\u00f3\u017ano.<\/p>\n<p class=\"ods-c-paragraph \">Niedosyt, Podkreska, Chorowite to sypialnie Bieda\u0144ska. I jak to bywa w tego typu miejscowo\u015bciach, \u017cyje si\u0119 w nich w cieniu wielkiego miasta. Wpada si\u0119 do niego zazwyczaj tylko na chwil\u0119, do pracy, do szko\u0142y, po rozrywk\u0119. Mo\u017ce lod\u00f3wka nie \u015bwieci na co dzie\u0144 pustkami, ale nie wystarcza ju\u017c na edukacj\u0119 dzieci. Mo\u017ce zdrowie dopisuje, ale codziennie ryzykujesz jego stan ubraniami niedostosowanymi do pory roku.<\/p>\n<p class=\"ods-c-paragraph \">Dla takich ludzi w\u0142a\u015bnie powsta\u0142 przytulny podmiejski kompleks mieszkalny Z\u0142udne Tarasy. To adres presti\u017cu, w kt\u00f3rym na chwil\u0119 mo\u017cna zapomnie\u0107 o niedostatkach. Ale meldunek jest tu tylko czasowy \u2014 do nast\u0119pnej wyp\u0142aty.<\/p>\n<p class=\"ods-c-paragraph \">Mieszka\u0144cy bieda\u0144skiego obwarzanka tak\u017ce do\u015bwiadczaj\u0105 biedy, ale troch\u0119 bardziej zno\u015bnej. Takiej, kt\u00f3r\u0105 da si\u0119 jeszcze jako\u015b za\u0142ata\u0107 samemu, przenosz\u0105c skromny bud\u017cet z jednej kupki na drug\u0105. To jak zapo\u017cyczanie si\u0119 u samego siebie \u2014 kosztem zdrowia, uczucia syto\u015bci, poczucia w\u0142asnej warto\u015bci. Ale jeszcze jako\u015b idzie do przodu. JESZCZE to s\u0142owo klucz. Bo Bieda\u0144sk ca\u0142y czas ma ci\u0119 na oku i je\u015bli jakim\u015b cudem uda ci si\u0119 z niego wyrwa\u0107, na po\u017cegnanie i tak dostaniesz bilet powrotny in blanco, kt\u00f3ry mo\u017cesz wykorzysta\u0107 w ka\u017cdej chwili.<\/p>\n<p><img decoding=\"async\" src=\"https:\/\/www.europesays.com\/pl\/wp-content\/uploads\/2025\/11\/8fek9lBaHR0cHM6Ly9vY2RuLmV1L3B1bHNjbXMvTURBXy9iOGUyMjcwZmFkYTViYjgwMDlmNTRkZTA3ZTU4YTZkMy5wbmeRlQLNB.jpeg\" height=\"627\" width=\"940\" alt=\"Bieda\u0144sk\" loading=\"lazy\" class=\"ods-c-image__img ods-c-image__img--viewport-width\"\/><\/p>\n<p>Bieda\u0144skSzlachetna Paczka<\/p>\n<p class=\"ods-c-paragraph \">Te 600 tys. pozornie opuszczonych mieszka\u0144 w Bieda\u0144sku to pustostany, kt\u00f3re wci\u0105\u017c czekaj\u0105 na powr\u00f3t swoich lokator\u00f3w. Wyjechali z ma\u0142ymi walizkami, ale zosta\u0142y ich gorzkie wspomnienia, znoszone ubrania i zniszczone zabawki. Gdy tylko noga im si\u0119 powinie, b\u0119d\u0105 mieli, dok\u0105d wraca\u0107. W\u0142odarze miasta wiedz\u0105 o tym doskonale, dlatego inwestuj\u0105 tak\u017ce w nowe budownictwo. Bied-BUD jako najwi\u0119kszy lokalny deweloper ju\u017c zapowiedzia\u0142 powstanie 5000 niedostosowanych mieszka\u0144. Powstan\u0105 z naruszeniem norm, aby by\u0142y jak najszybciej gotowe zapewni\u0107 nowym lokatorom symboliczny dach nad g\u0142ow\u0105. Wersja dla singla: 6 m kw. w stylu loft, czyli zimny beton i paleta zamiast \u0142\u00f3\u017cka. Z kart\u0105 du\u017cej rodziny zas\u0142u\u017cysz na apartament 12 m kw. \u2014 ale musisz liczy\u0107 si\u0119 ze skosami.<\/p>\n<p class=\"ods-c-paragraph \">Stan surowy to najlepsze, co mo\u017cesz dosta\u0107. Niegdy\u015b modny skandynawski minimalizm zosta\u0142 w Bieda\u0144sku doprowadzony do perfekcji i jest dzi\u015b znakiem rozpoznawczym tutejszej architektury miejskiej. Go\u0142y beton, okna ze sklejki, \u015bciany bielone wapnem, wsp\u00f3lne \u0142\u00f3\u017cko dla du\u017cych rodzin, by zacie\u015bnia\u0107 wi\u0119zi. Tak niewiele wystarczy do \u017cycia. Dop\u00f3ki skrajne ub\u00f3stwo z roku na rok wyprzedza ustawowe, klient\u00f3w nie zabraknie. Bo to oznacza, \u017ce wci\u0105\u017c mamy wi\u0119cej potrzebuj\u0105cych ni\u017c tych, kt\u00f3rym system by\u0142 w stanie pom\u00f3c. \u017be wci\u0105\u017c jest zbyt wiele os\u00f3b, kt\u00f3re pozostaj\u0105 dla niego niewidoczne. A tak jest od 2023 r.<\/p>\n<p class=\"ods-c-paragraph \">Bieda\u0144sk nadal oferuje szeroki wachlarz wyklucze\u0144 dostosowany do globalnych zmian. Jest niemal pewne, \u017ce je\u017celi \u015bwiat co\u015b odkryje, tu tego nie znajdziesz. Nowy skuteczny lek lub standard opieki zdrowotnej? U\u0142atwienia dla senior\u00f3w i ochrona praw lokator\u00f3w? A mo\u017ce indywidualna \u015bcie\u017cka kszta\u0142cenia dla zdolnych dzieci? &#8222;Jeste\u015b ostatni w kolejce. Prosimy o cierpliwo\u015b\u0107&#8221; \u2014 to najcz\u0119stszy komunikat, jaki mo\u017cesz us\u0142ysze\u0107, gdy zadajesz pytanie: Jak \u017cy\u0107?<\/p>\n<p class=\"ods-c-paragraph \">O to, by\u015b przypadkiem nie poczu\u0142 si\u0119 zbyt pewnie, dbaj\u0105 progi zwalniaj\u0105ce dost\u0119pne nie tylko na ulicach. Maj\u0105 je te\u017c chodniki, parkowe \u015bcie\u017cki, deptaki, klatki schodowe, szkolne klasy i mieszkania. Potykaj\u0105c si\u0119 o taki, zerknij na buduj\u0105cy napis na nim:<\/p>\n<blockquote class=\"ods-o-quota\">\n<p class=\"ods-o-quota__paragraph\">&#8222;Inni maj\u0105 gorzej&#8221;<\/p>\n<p class=\"ods-o-quota__paragraph\">&#8222;Dobrze, \u017ce jeszcze (tu wymie\u0144 cokolwiek) dopisuje&#8221;<\/p>\n<\/blockquote>\n<p class=\"ods-c-paragraph \">Bo dop\u00f3ki wszyscy mieszka\u0144cy \u017cyj\u0105 w przekonaniu, \u017ce dziel\u0105 ten sam los, w mie\u015bcie panuje wzgl\u0119dny spok\u00f3j. Strach pomy\u015ble\u0107, co by by\u0142o, gdyby kto\u015b poczu\u0142 nadziej\u0119 na zmian\u0119 i zarazi\u0142 ni\u0105 innych. Takie rewolucyjne my\u015blenie jest tu zakazane. Zadaje wy\u0142\u0105cznie niepotrzebne cierpienie.<\/p>\n<p class=\"ods-c-paragraph \">Bilboardy najnowszej kampanii reklamuj\u0105cej miasto zdobi has\u0142o &#8222;Jako\u015b si\u0119 \u017cyje&#8221;. System dba o to, by tak zosta\u0142o.<\/p>\n<p class=\"ods-c-paragraph \">Za ka\u017cd\u0105 liczb\u0105 kryje si\u0119 prawdziwa i bolesna historia ludzi, kt\u00f3rych znamy po imieniu. Od ponad 20 lat widzimy, opisujemy i odwiedzamy Bieda\u0144sk, by nie\u015b\u0107 realn\u0105 pomoc. Tegoroczny &#8222;Raport o biedzie&#8221; jest zaproszeniem dla ciebie. Daj si\u0119 oprowadzi\u0107 po mie\u015bcie, poruszy\u0107 losem jego prawdziwych mieszka\u0144c\u00f3w i b\u0105d\u017a zmian\u0105 na dobre. Bo ze wszystkich rzeczy, na jakie nie sta\u0107 mieszka\u0144c\u00f3w Bieda\u0144ska, nadzieja jest by\u0107 mo\u017ce t\u0105 najcenniejsz\u0105. Od niej zaczyna si\u0119 zmiana.<\/p>\n<p class=\"ods-c-paragraph \">Nawet najmniejsza pomoc mo\u017ce by\u0107 prawdziw\u0105 rewolucj\u0105 w \u017cyciu wielu os\u00f3b. Twoja niezgoda na istnienie Bieda\u0144ska mo\u017ce wp\u0142yn\u0105\u0107 na to, \u017ce kiedy\u015b zniknie z mapy Polski.<\/p>\n<p> Przedmie\u015bcia Bieda\u0144ska<\/p>\n<p class=\"ods-c-paragraph \">Zaczyna si\u0119 od \u017cycia w sferze niedostatku, czyli poni\u017cej minimum socjalnego \u2014 progu, kt\u00f3ry wyznacza granic\u0119 mi\u0119dzy skromnym, ale wystarczaj\u0105cym zaspokajaniem potrzeb, a coraz wi\u0119kszym brakiem mo\u017cliwo\u015bci ich zaspokajania.<\/p>\n<p class=\"ods-c-paragraph \">Minimum socjalne okre\u015bla poziom umo\u017cliwiaj\u0105cy pokrycie podstawowych koszt\u00f3w \u017cycia, pracy, edukacji, utrzymywania wi\u0119zi spo\u0142ecznych czy uczestnictwa w kulturze. Poni\u017cej tej granicy zaczyna si\u0119 niedostatek \u2014 codzienno\u015b\u0107, w kt\u00f3rej zaczynaj\u0105 si\u0119 trudne wybory co ograniczy\u0107, z czego zrezygnowa\u0107, co odpu\u015bci\u0107.<\/p>\n<ul class=\"ods-m-bullet-list\">\n<li class=\"ods-a-bullet ods-a-bullet--normal\"> W Polsce poni\u017cej tej granicy \u017cyje a\u017c 41,3 proc. gospodarstw domowych. <\/li>\n<\/ul>\n<p class=\"ods-c-paragraph \">St\u0105d ju\u017c prosta droga do tzw. ub\u00f3stwa relatywnego, czyli miejsca, w kt\u00f3rym standard \u017cycia zaczyna coraz bardziej odbiega\u0107 od poziomu przeci\u0119tnego \u017cycia w Polsce. Ub\u00f3stwo relatywne mierzy dystans mi\u0119dzy osobami nim dotkni\u0119tymi a reszt\u0105 spo\u0142ecze\u0144stwa. Masz prac\u0119, dach nad g\u0142ow\u0105, ale zaczynasz by\u0107 za peletonem \u2014 nie doganiasz ju\u017c po\u0142owy spo\u0142ecze\u0144stwa, a oni oddalaj\u0105 si\u0119 coraz szybciej.<\/p>\n<ul class=\"ods-m-bullet-list\">\n<li class=\"ods-a-bullet ods-a-bullet--normal\">  Stopa ub\u00f3stwa relatywnego w Polsce w 2024 roku wynios\u0142a oko\u0142o 13 proc. <\/li>\n<\/ul>\n<p class=\"ods-c-paragraph \">St\u0105d ju\u017c prosta droga do Miasta Biedy.<\/p>\n<p><img decoding=\"async\" src=\"https:\/\/www.europesays.com\/pl\/wp-content\/uploads\/2025\/11\/Elmk9lBaHR0cHM6Ly9vY2RuLmV1L3B1bHNjbXMvTURBXy8yODQ4M2YzNjg0YjVjNTMxZDQ5NjBjNDBlNzliY2U2YS5qcGeRlQLNB.jpeg\" height=\"529\" width=\"940\" alt=\"Bieda\u0144sk\" loading=\"lazy\" class=\"ods-c-image__img ods-c-image__img--viewport-width\"\/><\/p>\n<p>Bieda\u0144skSzlachetna Paczka<\/p>\n<p> Bieda\u0144sk<\/p>\n<p class=\"ods-c-paragraph \">Skrajne ub\u00f3stwo to sytuacja, w kt\u00f3rej wydatki gospodarstwa domowego s\u0105 tak niskie, \u017ce zagra\u017caj\u0105 zdrowiu i \u017cyciu os\u00f3b tworz\u0105cych je. W 2024 r. dotkni\u0119tych nim by\u0142o 5,2 proc. Polak\u00f3w, czyli blisko 2 mln os\u00f3b.<\/p>\n<ul class=\"ods-m-bullet-list\">\n<li class=\"ods-a-bullet ods-a-bullet--normal\">  Zmniejszy\u0142o si\u0119 ub\u00f3stwo skrajne w\u015br\u00f3d najm\u0142odszych, jednak nadal zagro\u017conych bied\u0105 jest 364 tys. dzieci. <\/li>\n<li class=\"ods-a-bullet ods-a-bullet--normal\"> Zasi\u0119g ub\u00f3stwa w\u015br\u00f3d senior\u00f3w pozostaje na podobnym poziomie \u2014 nadal to ponad 400 tys. os\u00f3b. <\/li>\n<\/ul>\n<p class=\"ods-c-paragraph \">W 2024 r. w Polsce granic\u0105 ub\u00f3stwa skrajnego dla osoby \u017cyj\u0105cej samotnie by\u0142o 972 z\u0142. Tyle wed\u0142ug teorii powinno wystarczy\u0107 miesi\u0119cznie do zaspokojenia podstawowych potrzeb. Kwota ta wyznacza jednak maksymalny pu\u0142ap, a wiele os\u00f3b do\u015bwiadczaj\u0105cych biedy \u017cyje za zdecydowanie mniej.<\/p>\n<p class=\"ods-c-paragraph \">Skrajna bieda po raz drugi w historii wyprzedzi\u0142a ub\u00f3stwo ustawowe. Liczba os\u00f3b \u017cyj\u0105cych w dramatycznej sytuacji jest dzi\u015b wi\u0119ksza ni\u017c tych, kt\u00f3re kwalifikuj\u0105 si\u0119 do pomocy spo\u0142ecznej. Oznacza to, \u017ce w Polsce ju\u017c drugi rok utrzymuje si\u0119 szara strefa ub\u00f3stwa, w takim zawieszeniu \u017cyje ponad milion ludzi \u2014 za bogatych na wsparcie socjalne, ale za biednych, by godnie \u017cy\u0107.<\/p>\n<p class=\"ods-c-paragraph \">Dla nich ka\u017cdy nieprzewidziany wydatek, zdarzenie losowe lub choroba, mog\u0105 okaza\u0107 si\u0119 ci\u0119\u017carem ponad si\u0142y, zmieniaj\u0105cym trwale zasady funkcjonowania:<\/p>\n<ul class=\"ods-m-bullet-list\">\n<li class=\"ods-a-bullet ods-a-bullet--normal\">  Stopa zagro\u017cenia ub\u00f3stwem w domach, w kt\u00f3rych jest przynajmniej jedna osoba z orzeczeniem o niepe\u0142nosprawno\u015bci, wynosi 7 proc. <\/li>\n<li class=\"ods-a-bullet ods-a-bullet--normal\"> W Polsce w 2024 r. niemal 4 mln os\u00f3b mia\u0142o orzeczenie o niepe\u0142nosprawno\u015bci. <\/li>\n<li class=\"ods-a-bullet ods-a-bullet--normal\">  Na 523 mln wystawionych recept, 78 mln pozostaje niezrealizowanych. <\/li>\n<li class=\"ods-a-bullet ods-a-bullet--normal\"> Niemal co dwudziesty Polak \u017cyje w lokalu, kt\u00f3ry nie nadaje si\u0119 do mieszkania ze wzgl\u0119du na z\u0142e warunki (przeciekaj\u0105cy dach, wilgo\u0107, zagrzybienie). <\/li>\n<li class=\"ods-a-bullet ods-a-bullet--normal\"> 1,1 mln os\u00f3b w Polsce nie sta\u0107 na zapewnienie odpowiedniego ciep\u0142a w swoim domu. <\/li>\n<li class=\"ods-a-bullet ods-a-bullet--normal\"> 5 na 100 mieszka\u0144 nie posiada toalety. <\/li>\n<\/ul>\n<p><img decoding=\"async\" src=\"https:\/\/www.europesays.com\/pl\/wp-content\/uploads\/2025\/11\/I6nk9lBaHR0cHM6Ly9vY2RuLmV1L3B1bHNjbXMvTURBXy9hMWE2ZWJlMTgwZDJkNzY2NzdhMDNhMDZjYmY4MzUzNi5qcGeRlQLNB.jpeg\" height=\"529\" width=\"940\" alt=\"Bieda\u0144sk\" loading=\"lazy\" class=\"ods-c-image__img ods-c-image__img--viewport-width\"\/><\/p>\n<p>Bieda\u0144skSzlachetna Paczka<\/p>\n<p> Bieda nie jest wyborem<\/p>\n<p class=\"ods-c-paragraph \">Czasem o tym, czy jeste\u015b biedny, mo\u017ce zdecydowa\u0107 te\u017c miejsce, w kt\u00f3rym \u017cyjesz. Skazuj\u0105c ci\u0119 na nier\u00f3wno\u015bci takie jak wykluczenie komunikacyjne, gorszy poziom edukacji, brak perspektyw rozwoju, pracy i dost\u0119pu do specjalistycznej opieki.<\/p>\n<ul class=\"ods-m-bullet-list\">\n<li class=\"ods-a-bullet ods-a-bullet--normal\"> Niezmiennie od lat najbardziej zagro\u017cone skrajnym ub\u00f3stwem s\u0105 osoby utrzymuj\u0105ce si\u0119 z rolnictwa (11,4 proc.) oraz ze wsparcia socjalnego (10,8 proc). <\/li>\n<li class=\"ods-a-bullet ods-a-bullet--normal\"> \u015aredni czas oczekiwania na realizacj\u0119 \u015bwiadcze\u0144 zdrowotnych wzr\u00f3s\u0142 do rekordowych 4,2 miesi\u0105ca. <\/li>\n<li class=\"ods-a-bullet ods-a-bullet--normal\"> G\u0142\u00f3wnymi przyczynami zgon\u00f3w Polek i Polak\u00f3w w 2023 r. by\u0142y problemy uk\u0142adu kr\u0105\u017cenia (36,9 proc.) i nowotwory z\u0142o\u015bliwe (24,4 proc.), czyli choroby, w kt\u00f3rych diagnostyce i leczeniu czas ma ogromne znaczenie, dla ich zdrowia i przysz\u0142ego funkcjonowania. <\/li>\n<\/ul>\n<p class=\"ods-c-paragraph \">W starzej\u0105cym si\u0119 spo\u0142ecze\u0144stwie wiek staje si\u0119 dodatkowym czynnikiem ryzyka do\u015bwiadczenia biedy. Ograniczone mo\u017cliwo\u015bci pracy zarobkowej, niskie \u015bwiadczenia spo\u0142eczne, samotno\u015b\u0107 i niesamodzielno\u015b\u0107, brak wsparcia psychicznego to coraz cz\u0119stsza rzeczywisto\u015b\u0107 senior\u00f3w w Polsce.<\/p>\n<ul class=\"ods-m-bullet-list\">\n<li class=\"ods-a-bullet ods-a-bullet--normal\"> 433,1 tys. os\u00f3b pobiera\u0142o tzw. emerytur\u0119 g\u0142odow\u0105 ni\u017csz\u0105 ni\u017c najni\u017csza emerytura przewidziana prawem (1789,96 z\u0142). Od grudnia 2011 r. ich liczba zwi\u0119kszy\u0142a si\u0119 18-krotnie. <\/li>\n<li class=\"ods-a-bullet ods-a-bullet--normal\"> Czterech na dziesi\u0119ciu polskich senior\u00f3w odczuwa izolacj\u0119 spo\u0142eczn\u0105, a ponad po\u0142owa os\u00f3b powy\u017cej 60. roku \u017cycia mieszka samotnie. <\/li>\n<li class=\"ods-a-bullet ods-a-bullet--normal\"> Co pi\u0105ta starsza osoba jest w Polsce niedo\u017cywiona. <\/li>\n<\/ul>\n<p> <img decoding=\"async\" src=\"https:\/\/www.europesays.com\/pl\/wp-content\/uploads\/2025\/11\/xalk9lBaHR0cHM6Ly9vY2RuLmV1L3B1bHNjbXMvTURBXy8yNTE3MGE3MTdiMDc0NzNiMDQ5YWE3MzQ5MWM1MTQ5Yi5qcGeRlQLNB.jpeg\" height=\"529\" width=\"940\" alt=\"Bieda\u0144sk\" loading=\"lazy\" class=\"ods-c-image__img ods-c-image__img--viewport-width\"\/><\/p>\n<p>Bieda\u0144skSzlachetna Paczka<\/p>\n<p class=\"ods-c-paragraph \">Wynagrodzenia oraz \u015bwiadczenia wspieraj\u0105ce rodziny nie waloryzuj\u0105 si\u0119 tak szybko, jak rosn\u0105 koszty \u017cycia. Oznacza to, \u017ce z ka\u017cdym miesi\u0105cem realnie tracimy. Im mniej mamy, tym bardziej czujemy ten ubytek, bo stanowi wi\u0119ksz\u0105 cz\u0119\u015b\u0107 naszego domowego bud\u017cetu:<\/p>\n<ul class=\"ods-m-bullet-list\">\n<li class=\"ods-a-bullet ods-a-bullet--normal\"> Dla niemal po\u0142owy rodzic\u00f3w wyprawka szkolna oznacza wydatek ponad 500 z\u0142. Co pi\u0105ty wyda wi\u0119cej ni\u017c 700 z\u0142, a zaledwie 13 proc. zmie\u015bci si\u0119 w kwocie do 300 z\u0142, odpowiadaj\u0105cej wysoko\u015bci \u015bwiadczenia z programu &#8222;Dobry Start&#8221;. <\/li>\n<li class=\"ods-a-bullet ods-a-bullet--normal\"> 1\/3 uczni\u00f3w nie wyjecha\u0142a na wakacje w 2024 roku. W\u015br\u00f3d nich 44 proc. ze wzgl\u0119du na brak funduszy na wyjazd. <\/li>\n<\/ul>\n<p class=\"ods-c-paragraph \">W 2024 r. w granicach skrajnego ub\u00f3stwa \u017cy\u0142o w Polsce niemal 2 mln ludzi. To wi\u0119cej ni\u017c mieszka w Warszawie.<\/p>\n<p> <img decoding=\"async\" src=\"https:\/\/www.europesays.com\/pl\/wp-content\/uploads\/2025\/11\/COGk9lBaHR0cHM6Ly9vY2RuLmV1L3B1bHNjbXMvTURBXy9lZWY2MWZiZDIwMTIwZWYzYmRkMmI4MzJkZWViNzc1ZC5qcGeRlQLNB.jpeg\" height=\"529\" width=\"940\" alt=\"Bieda\u0144sk\" loading=\"lazy\" class=\"ods-c-image__img ods-c-image__img--viewport-width\"\/><\/p>\n<p>Bieda\u0144skSzlachetna Paczka<\/p>\n<p class=\"ods-c-paragraph \"><a rel=\"nofollow noopener\" href=\"https:\/\/www.szlachetnapaczka.pl\/\" id=\"d5a00fce-89c5-40a4-8b0a-a10de1050571\" target=\"_blank\">Wejd\u017a na stron\u0119 Szlachetnej Paczki, przeczytaj ca\u0142y Raport o biedzie i wesprzyj potrzebuj\u0105cych.<\/a><\/p>\n","protected":false},"excerpt":{"rendered":"By opowiedzie\u0107 o problemie i skali biedy w Polsce, autorzy publikacji si\u0119gaj\u0105 po metafor\u0119 Bieda\u0144ska. Gdyby w tej&hellip;\n","protected":false},"author":2,"featured_media":117321,"comment_status":"","ping_status":"","sticky":false,"template":"","format":"standard","meta":{"footnotes":"","_share_on_mastodon":"0"},"categories":[5],"tags":[3487,32,33,36,37,27,34,35,28,31,48,25,46,42,38,40,39,41,22979,7623,2612,47,25415,18306,29,30,4436,26],"class_list":["post-117320","post","type-post","status-publish","format-standard","has-post-thumbnail","category-naglowki","tag-bieda","tag-breaking-news","tag-breakingnews","tag-featured-news","tag-featurednews","tag-headlines","tag-latest-news","tag-latestnews","tag-naglowki","tag-najwazniejsze-artykuly","tag-nat_styl","tag-news","tag-omp","tag-pl","tag-poland","tag-polish","tag-polska","tag-polski","tag-pomaganie","tag-pomoc","tag-rodzina","tag-screening_general","tag-skrajne_ubostwo","tag-szlachetna_paczka","tag-top-stories","tag-topstories","tag-ubostwo","tag-wiadomosci"],"share_on_mastodon":{"url":"https:\/\/pubeurope.com\/@pl\/115609853525269410","error":""},"_links":{"self":[{"href":"https:\/\/www.europesays.com\/pl\/wp-json\/wp\/v2\/posts\/117320","targetHints":{"allow":["GET"]}}],"collection":[{"href":"https:\/\/www.europesays.com\/pl\/wp-json\/wp\/v2\/posts"}],"about":[{"href":"https:\/\/www.europesays.com\/pl\/wp-json\/wp\/v2\/types\/post"}],"author":[{"embeddable":true,"href":"https:\/\/www.europesays.com\/pl\/wp-json\/wp\/v2\/users\/2"}],"replies":[{"embeddable":true,"href":"https:\/\/www.europesays.com\/pl\/wp-json\/wp\/v2\/comments?post=117320"}],"version-history":[{"count":0,"href":"https:\/\/www.europesays.com\/pl\/wp-json\/wp\/v2\/posts\/117320\/revisions"}],"wp:featuredmedia":[{"embeddable":true,"href":"https:\/\/www.europesays.com\/pl\/wp-json\/wp\/v2\/media\/117321"}],"wp:attachment":[{"href":"https:\/\/www.europesays.com\/pl\/wp-json\/wp\/v2\/media?parent=117320"}],"wp:term":[{"taxonomy":"category","embeddable":true,"href":"https:\/\/www.europesays.com\/pl\/wp-json\/wp\/v2\/categories?post=117320"},{"taxonomy":"post_tag","embeddable":true,"href":"https:\/\/www.europesays.com\/pl\/wp-json\/wp\/v2\/tags?post=117320"}],"curies":[{"name":"wp","href":"https:\/\/api.w.org\/{rel}","templated":true}]}}