{"id":11741,"date":"2025-09-23T14:57:07","date_gmt":"2025-09-23T14:57:07","guid":{"rendered":"https:\/\/www.europesays.com\/pl\/11741\/"},"modified":"2025-09-23T14:57:07","modified_gmt":"2025-09-23T14:57:07","slug":"nowy-jork-macron-zablokowany-przez-kolumne-samochodow-trumpa","status":"publish","type":"post","link":"https:\/\/www.europesays.com\/pl\/11741\/","title":{"rendered":"Nowy Jork. Macron zablokowany przez kolumn\u0119 samochod\u00f3w Trumpa"},"content":{"rendered":"\n<p>&#13;<br \/>\nDo nietypowej sytuacji dosz\u0142o w\u00a0poniedzia\u0142ek wieczorem, gdy Macron opuszcza\u0142 siedzib\u0119 ONZ po\u00a0swoim przem\u00f3wieniu, w\u00a0kt\u00f3rym og\u0142osi\u0142, \u017ce\u00a0<a href=\"https:\/\/dorzeczy.pl\/swiat\/782865\/macron-francja-oficjalnie-uznaje-panstwo-palestynskie.html\" rel=\"nofollow noopener\" target=\"_blank\">Francja uznaje pa\u0144stwowo\u015b\u0107 Palestyny<\/a>. &#13;\n<\/p>\n<p>Trump jedzie, Macron musi czeka\u0107. Nagranie z\u00a0Nowego Jorku hitem internetu <\/p>\n<p>&#13;<br \/>\nNagranie kr\u0105\u017c\u0105ce w\u00a0mediach spo\u0142eczno\u015bciowych pokazuje, jak francuski prezydent wraz ze\u00a0swoj\u0105 delegacj\u0105 stoi na\u00a0poboczu zablokowanego skrzy\u017cowania i\u00a0rozmawia z\u00a0policjantem. Funkcjonariusz kilkakrotnie przeprasza Macrona, wyja\u015bniaj\u0105c, \u017ce\u00a0ca\u0142y ruch jest zablokowany. &#13;\n<\/p>\n<p>&#13;<br \/>\nNast\u0119pnie na\u00a0nagraniu wida\u0107 jak prezydent Francji dzwoni do\u00a0kogo\u015b, prawdopodobnie do\u00a0Trumpa. \u2013\u00a0Wyobra\u017a sobie, \u017ce\u00a0czekam teraz na\u00a0ulicy, bo\u00a0wszystko jest zablokowane przez ciebie \u2013\u00a0m\u00f3wi Macron do\u00a0telefonu. &#13;\n<\/p>\n<p>&#13;<br \/>\nPo kilku minutach oczekiwania ulica zosta\u0142a odblokowana, ale\u00a0tylko dla\u00a0pieszych. Kolejne uj\u0119cia pokazuj\u0105 francuskiego przyw\u00f3dc\u0119 id\u0105cego chodnikiem i\u00a0ludzi, kt\u00f3rzy robi\u0105 sobie z\u00a0nim zdj\u0119cie. &#13;\n<\/p>\n<p>&#13;<br \/>\ntwitter&#13;\n<\/p>\n<p>&#13;<br \/>\nWed\u0142ug doniesie\u0144 zagranicznych medi\u00f3w Macron zmierza\u0142 w\u00a0kierunku ambasady Francji. &#13;\n<\/p>\n<p>Nawrocki w\u00a0ONZ <\/p>\n<p>&#13;<br \/>\n80. rocznicowa sesja Zgromadzenia Og\u00f3lnego ONZ potrwa od\u00a023 do\u00a029 wrze\u015bnia. W\u00a0wydarzeniu bierze udzia\u0142 ponad 100 g\u0142\u00f3w pa\u0144stw, w\u00a0tym prezydent Polski Karol Nawrocki. Jego wyst\u0105pienie podczas debaty generalnej planowane jest we\u00a0wtorek p\u00f3\u017anym wieczorem czasu polskiego. &#13;\n<\/p>\n<p>&#13;<br \/>\nW poniedzia\u0142ek Nawrocki odby\u0142 spotkania m.in. z\u00a0sekretarzem generalnym ONZ, prezydentami Litwy, \u0141otwy i\u00a0Estonii, a\u00a0tak\u017ce z\u00a0przedstawicielk\u0105 firmy Google. Prezydent odwiedzi\u0142 r\u00f3wnie\u017c tzw. Ameryka\u0144sk\u0105 Cz\u0119stochow\u0119 (w Doylestown w\u00a0stanie Pensylwania), gdzie spotka\u0142 si\u0119 z\u00a0Poloni\u0105 i\u00a0wr\u0119czy\u0142 odznaczenia pa\u0144stwowe zas\u0142u\u017conym dzia\u0142aczom polonijnym. Prezydentowi towarzyszy\u0142a pierwsza dama Marta Nawrocka. &#13;\n<\/p>\n<p>&#13;<br \/>\nCzytaj te\u017c:<br \/><a href=\"https:\/\/dorzeczy.pl\/kraj\/782544\/nawrocka-zlozyla-zyczenia-funkcjonariuszom-krajowej-administracji-skarbowej.html\" rel=\"follow nofollow noopener\" data-schema=\"DORZECZY\" data-image=\"https:\/\/img.dorzeczy.pl\/_thumb\/28\/32\/d39f8f63eeb6ec0b375e337890a9.jpeg\" target=\"_blank\">Nawrocka z\u0142o\u017cy\u0142a \u017cyczenia kolegom &#8222;z\u00a0bran\u017cy&#8221;. &#8222;Kluczowe znaczenie&#8221;<\/a>&#13;<\/p>\n","protected":false},"excerpt":{"rendered":"&#13; Do nietypowej sytuacji dosz\u0142o w\u00a0poniedzia\u0142ek wieczorem, gdy Macron opuszcza\u0142 siedzib\u0119 ONZ po\u00a0swoim przem\u00f3wieniu, w\u00a0kt\u00f3rym og\u0142osi\u0142, \u017ce\u00a0Francja uznaje&hellip;\n","protected":false},"author":2,"featured_media":11742,"comment_status":"","ping_status":"","sticky":false,"template":"","format":"standard","meta":{"footnotes":""},"categories":[5],"tags":[32,33,1347,1835,98,1927,36,37,27,34,35,28,31,25,2384,103,42,38,40,39,41,80,29,30,26],"class_list":{"0":"post-11741","1":"post","2":"type-post","3":"status-publish","4":"format-standard","5":"has-post-thumbnail","7":"category-naglowki","8":"tag-breaking-news","9":"tag-breakingnews","10":"tag-damian-cygan","11":"tag-donald-trump","12":"tag-dorzeczy","13":"tag-emmanuel-macron","14":"tag-featured-news","15":"tag-featurednews","16":"tag-headlines","17":"tag-latest-news","18":"tag-latestnews","19":"tag-naglowki","20":"tag-najwazniejsze-artykuly","21":"tag-news","22":"tag-nowy-jork","23":"tag-obserwator-mediow","24":"tag-pl","25":"tag-poland","26":"tag-polish","27":"tag-polska","28":"tag-polski","29":"tag-swiat","30":"tag-top-stories","31":"tag-topstories","32":"tag-wiadomosci"},"share_on_mastodon":{"url":"","error":""},"_links":{"self":[{"href":"https:\/\/www.europesays.com\/pl\/wp-json\/wp\/v2\/posts\/11741","targetHints":{"allow":["GET"]}}],"collection":[{"href":"https:\/\/www.europesays.com\/pl\/wp-json\/wp\/v2\/posts"}],"about":[{"href":"https:\/\/www.europesays.com\/pl\/wp-json\/wp\/v2\/types\/post"}],"author":[{"embeddable":true,"href":"https:\/\/www.europesays.com\/pl\/wp-json\/wp\/v2\/users\/2"}],"replies":[{"embeddable":true,"href":"https:\/\/www.europesays.com\/pl\/wp-json\/wp\/v2\/comments?post=11741"}],"version-history":[{"count":0,"href":"https:\/\/www.europesays.com\/pl\/wp-json\/wp\/v2\/posts\/11741\/revisions"}],"wp:featuredmedia":[{"embeddable":true,"href":"https:\/\/www.europesays.com\/pl\/wp-json\/wp\/v2\/media\/11742"}],"wp:attachment":[{"href":"https:\/\/www.europesays.com\/pl\/wp-json\/wp\/v2\/media?parent=11741"}],"wp:term":[{"taxonomy":"category","embeddable":true,"href":"https:\/\/www.europesays.com\/pl\/wp-json\/wp\/v2\/categories?post=11741"},{"taxonomy":"post_tag","embeddable":true,"href":"https:\/\/www.europesays.com\/pl\/wp-json\/wp\/v2\/tags?post=11741"}],"curies":[{"name":"wp","href":"https:\/\/api.w.org\/{rel}","templated":true}]}}