{"id":117421,"date":"2025-11-25T11:24:12","date_gmt":"2025-11-25T11:24:12","guid":{"rendered":"https:\/\/www.europesays.com\/pl\/117421\/"},"modified":"2025-11-25T11:24:12","modified_gmt":"2025-11-25T11:24:12","slug":"gis-ostrzega-przed-maka-jaglana-pestycyd-w-popularnym-produkcie","status":"publish","type":"post","link":"https:\/\/www.europesays.com\/pl\/117421\/","title":{"rendered":"GIS ostrzega przed m\u0105k\u0105 jaglan\u0105. Pestycyd w popularnym produkcie"},"content":{"rendered":"<p class=\"Paragraph_desktopParagraph__U31Gm\">W wyniku urz\u0119dowej kontroli przeprowadzonej przez Pa\u0144stwow\u0105 Inspekcj\u0119 Sanitarn\u0105 stwierdzono, \u017ce w partii m\u0105ki jaglanej przekroczono najwy\u017cszy dopuszczalny poziom chlorpiryfosu \u2013 pestycydu, kt\u00f3ry w nadmiarze mo\u017ce by\u0107 szkodliwy dla zdrowia. Eksperci Narodowego Instytutu Zdrowia Publicznego PZH \u2013 Pa\u0144stwowego Instytutu Badawczego podkre\u015blaj\u0105, \u017ce ka\u017cde przekroczenie dopuszczalnych norm mo\u017ce potencjalnie stanowi\u0107 zagro\u017cenie dla konsument\u00f3w.<\/p>\n<ul class=\"OchatFollowUps_wrapper__1ry7X\">\n<li class=\"OchatFollowUps_item__Dhyly OchatFollowUps_itemDesktop__R6aBv\">Jakie s\u0105 szczeg\u00f3\u0142y dotycz\u0105ce wycofanej m\u0105ki jaglanej?<\/li>\n<li class=\"OchatFollowUps_item__Dhyly OchatFollowUps_itemDesktop__R6aBv\">Co zrobi\u0107, je\u015bli mam m\u0105k\u0119 jaglan\u0105 z tej partii?<\/li>\n<li class=\"OchatFollowUps_item__Dhyly OchatFollowUps_itemDesktop__R6aBv\">Jakie zagro\u017cenia zdrowotne niesie pestycyd chlorpiryfos?<\/li>\n<li class=\"OchatFollowUps_item__Dhyly OchatFollowUps_itemDesktop__R6aBv\">Kto jest dystrybutorem wycofanej m\u0105ki jaglanej?<\/li>\n<\/ul>\n<p>Szczeg\u00f3\u0142y dotycz\u0105ce wycofanej z obrotu m\u0105ki: <\/p>\n<p class=\"Paragraph_desktopParagraph__U31Gm\">Nazwa: M\u0105ka jaglana, opakowania 1 kg, 5 kg i 25 kg<\/p>\n<p class=\"Paragraph_desktopParagraph__U31Gm\">Numer partii: 06 2025<\/p>\n<p class=\"Paragraph_desktopParagraph__U31Gm\">Najlepiej spo\u017cy\u0107 przed ko\u0144cem: 06.2026<\/p>\n<p class=\"Paragraph_desktopParagraph__U31Gm\">Dystrybutor: &#8222;TAR-GROCH-FIL&#8221; Sp\u00f3\u0142ka Jawna T. Krakowski, E. Dro\u017cd\u017c, M. Kijowski, J. Dro\u017cd\u017c, Filipowice 161, 32-840 Zakliczyn<\/p>\n<p><img decoding=\"async\" class=\"Image_image__0tuHp Image_autoHeight__f2n87 \" height=\"587\" width=\"730\" src=\"https:\/\/www.europesays.com\/pl\/wp-content\/uploads\/2025\/11\/4onk9kpTURBXy8yY2ZmNTZkMTU1MDM2ODA4ZDU1MTA3NmQ3N2MzN2Q3My5qcGeSlQLNA6wAwsOVAgDNAkvCw94AA6EwAaExAaEzw.jpeg\" alt=\"GIS informuje o wycofaniu m\u0105ki jaglanej\" loading=\"lazy\" \/>GIS<\/p>\n<p>GIS informuje o wycofaniu m\u0105ki jaglanej<\/p>\n<p>Pestycydy w m\u0105ce. Co dalej? <\/p>\n<p class=\"Paragraph_desktopParagraph__U31Gm\">Dystrybutor, po otrzymaniu informacji o zagro\u017ceniu, natychmiast rozpocz\u0105\u0142 procedur\u0119 wycofywania wadliwej partii m\u0105ki jaglanej z rynku. Wsp\u00f3\u0142pracuje r\u00f3wnie\u017c z producentem, aby wyja\u015bni\u0107, jak dosz\u0142o do przekroczenia norm. Ca\u0142y proces jest monitorowany przez organy Pa\u0144stwowej Inspekcji Sanitarnej.<\/p>\n<p class=\"Paragraph_desktopParagraph__U31Gm\">Je\u015bli posiadasz m\u0105k\u0119 jaglan\u0105 z wy\u017cej wymienionej partii, nie spo\u017cywaj jej. Produkt nale\u017cy zwr\u00f3ci\u0107 do sklepu, w kt\u00f3rym zosta\u0142 zakupiony, lub skontaktowa\u0107 si\u0119 z dystrybutorem w celu uzyskania dalszych instrukcji.<\/p>\n<p>Dlaczego chlorpiryfos jest gro\u017any? <\/p>\n<p class=\"Paragraph_desktopParagraph__U31Gm\">Chlorpiryfos to pestycyd, kt\u00f3ry w nadmiernych ilo\u015bciach mo\u017ce powodowa\u0107 powa\u017cne problemy zdrowotne, w tym m.in. zaburzenia neurologiczne. Dlatego tak wa\u017cne jest przestrzeganie norm dotycz\u0105cych jego zawarto\u015bci w \u017cywno\u015bci.<\/p>\n<p class=\"Paragraph_desktopParagraph__U31Gm\">Przeczytaj:<\/p>\n","protected":false},"excerpt":{"rendered":"W wyniku urz\u0119dowej kontroli przeprowadzonej przez Pa\u0144stwow\u0105 Inspekcj\u0119 Sanitarn\u0105 stwierdzono, \u017ce w partii m\u0105ki jaglanej przekroczono najwy\u017cszy dopuszczalny&hellip;\n","protected":false},"author":2,"featured_media":117422,"comment_status":"","ping_status":"","sticky":false,"template":"","format":"standard","meta":{"footnotes":""},"categories":[16],"tags":[113,112,105,8569,25422,25423,53,52,68,51,18661,55,42,38,40,39,41,47,65,50,253],"class_list":{"0":"post-117421","1":"post","2":"type-post","3":"status-publish","4":"format-standard","5":"has-post-thumbnail","7":"category-biznes","8":"tag-biznes","9":"tag-business","10":"tag-ekonomia","11":"tag-gis","12":"tag-maka","13":"tag-maka_jaglana","14":"tag-new_header","15":"tag-onet3","16":"tag-onet3d","17":"tag-onet3d_2i","18":"tag-pestycydy","19":"tag-phx","20":"tag-pl","21":"tag-poland","22":"tag-polish","23":"tag-polska","24":"tag-polski","25":"tag-screening_general","26":"tag-update_me","27":"tag-v2021","28":"tag-zdrowie"},"share_on_mastodon":{"url":"https:\/\/pubeurope.com\/@pl\/115610089267087180","error":""},"_links":{"self":[{"href":"https:\/\/www.europesays.com\/pl\/wp-json\/wp\/v2\/posts\/117421","targetHints":{"allow":["GET"]}}],"collection":[{"href":"https:\/\/www.europesays.com\/pl\/wp-json\/wp\/v2\/posts"}],"about":[{"href":"https:\/\/www.europesays.com\/pl\/wp-json\/wp\/v2\/types\/post"}],"author":[{"embeddable":true,"href":"https:\/\/www.europesays.com\/pl\/wp-json\/wp\/v2\/users\/2"}],"replies":[{"embeddable":true,"href":"https:\/\/www.europesays.com\/pl\/wp-json\/wp\/v2\/comments?post=117421"}],"version-history":[{"count":0,"href":"https:\/\/www.europesays.com\/pl\/wp-json\/wp\/v2\/posts\/117421\/revisions"}],"wp:featuredmedia":[{"embeddable":true,"href":"https:\/\/www.europesays.com\/pl\/wp-json\/wp\/v2\/media\/117422"}],"wp:attachment":[{"href":"https:\/\/www.europesays.com\/pl\/wp-json\/wp\/v2\/media?parent=117421"}],"wp:term":[{"taxonomy":"category","embeddable":true,"href":"https:\/\/www.europesays.com\/pl\/wp-json\/wp\/v2\/categories?post=117421"},{"taxonomy":"post_tag","embeddable":true,"href":"https:\/\/www.europesays.com\/pl\/wp-json\/wp\/v2\/tags?post=117421"}],"curies":[{"name":"wp","href":"https:\/\/api.w.org\/{rel}","templated":true}]}}