{"id":117444,"date":"2025-11-25T11:42:10","date_gmt":"2025-11-25T11:42:10","guid":{"rendered":"https:\/\/www.europesays.com\/pl\/117444\/"},"modified":"2025-11-25T11:42:10","modified_gmt":"2025-11-25T11:42:10","slug":"caly-swiat-bedzie-mowil-o-marciniaku-brakuje-niewiele","status":"publish","type":"post","link":"https:\/\/www.europesays.com\/pl\/117444\/","title":{"rendered":"Ca\u0142y \u015bwiat b\u0119dzie m\u00f3wi\u0142 o Marciniaku? Brakuje niewiele"},"content":{"rendered":"\n<p class=\"contentpart contentpart--default contentpart--text\" data-position=\"0\">Z 58. poprowadzonymi meczami Szymon Marciniak zajmuje w tej chwili trzecie miejsce w klasyfikacji wszech czas\u00f3w Champions League. Wi\u0119cej takich zaszczyt\u00f3w dost\u0105pili tylko Holender <a href=\"https:\/\/sportowefakty.wp.pl\/pilka-nozna\/bjorn-kuipers\" rel=\"nofollow noopener\" target=\"_blank\">Bjorn Kuipers<\/a>\u00a0i Niemiec <a href=\"https:\/\/sportowefakty.wp.pl\/pilka-nozna\/felix-brych\" rel=\"nofollow noopener\" target=\"_blank\">Felix Brych<\/a>. Pierwszy gwizda\u0142 w 59 spotkaniach Ligi Mistrz\u00f3w, a drugi w 69.<\/p>\n<p class=\"contentpart contentpart--default contentpart--text\" data-position=\"1\">W poprzedniej kolejce polski arbiter zepchn\u0105\u0142 z podium tego zestawienia Du\u0144czyka\u00a0Kim Milton Nielsen (57), a we wtorek w Neapolu zr\u00f3wna si\u0119 z Kuipersem. Holender na sw\u00f3j dorobek pracowa\u0142 w 12 sezonach (2009-21) i tyle samo czasu zaj\u0119\u0142o Marciniakowi dor\u00f3wnanie s\u0119dziemu fina\u0142u Euro 2020.<\/p>\n<p> <img role=\"presentation\" src=\"https:\/\/std.wpcdn.pl\/images\/adv\/placeholder_wp.svg\" loading=\"lazy\" alt=\"\" decoding=\"async\"\/>  <\/p>\n<p class=\"contentpart contentpart--default contentpart--text\" data-position=\"2\">Warto jednak wspomnie\u0107, \u017ce w sezonie 2020\/21 <a href=\"https:\/\/sportowefakty.wp.pl\/pilka-nozna\/1039977\/marciniak-opowiedzial-jak-wyszedl-z-ciezkiej-choroby-podali-mi-sterydy\" rel=\"nofollow noopener\" target=\"blank\">Marciniak mia\u0142 powa\u017cne problemy ze zdrowiem<\/a> i poprowadzi\u0142 tylko jeden mecz Ligi Mistrz\u00f3w. W pozosta\u0142ych by\u0142 obsadzany przez UEFA znacznie cz\u0119\u015bciej ni\u017c Kuipers w swoim szczycie.<\/p>\n<p class=\"contentpart contentpart--default contentpart--text\" data-position=\"3\">ZOBACZ WIDEO: #dziejesiewsporcie: By\u0142a 10. sekunda meczu. Niebywa\u0142e, co zrobi\u0142 bramkarz<\/p>\n<p class=\"contentpart contentpart--default contentpart--text\" data-position=\"5\">Jeszcze tej jesieni p\u0142occzanin mo\u017ce przebi\u0107 osi\u0105gni\u0119cie Kuipersa i przed nim b\u0119dzie ju\u017c tylko Brych. Rekord Niemca te\u017c jest w zasi\u0119gu Marciniaka. W czterech poprzednich sezonach prowadzi\u0142 \u015brednio siedem mecz\u00f3w Ligi Mistrz\u00f3w, a spotkanie w Neapolu b\u0119dzie jego czwartym w bie\u017c\u0105cych rozgrywkach.<\/p>\n<p class=\"contentpart contentpart--default contentpart--text\" data-position=\"6\">A nic nie wskazuje na to, by p\u0142occzanin mia\u0142 szybko ko\u0144czy\u0107 mi\u0119dzynarodow\u0105 karier\u0119.\u00a0W UEFA i FIFA te\u017c s\u0105 zadowoleni z jego pracy. Nie bez przyczyny prowadzi\u0142 ju\u017c fina\u0142y M\u015a 2022 i Ligi Mistrz\u00f3w 2022\/23. Nie musi si\u0119 te\u017c martwi\u0107 o nominacj\u0119 na przysz\u0142oroczny mundial w Kanadzie, Meksyku i Stanach Zjednoczonych.<\/p>\n<p> <img role=\"presentation\" src=\"https:\/\/std.wpcdn.pl\/images\/adv\/placeholder_wp.svg\" loading=\"lazy\" alt=\"\" decoding=\"async\"\/>  <\/p>\n<p class=\"contentpart contentpart--default contentpart--text\" data-position=\"7\">Dla por\u00f3wnania, Brych pracowa\u0142 w Lidze Mistrz\u00f3w przez 14 sezon\u00f3w, a karier\u0119 mi\u0119dzynarodow\u0105 zako\u0144czy\u0142 w wieku 46 lat. Dla 44-letniego Marciniaka, jak wspomnieli\u015bmy, to 12. sezon w elicie.<\/p>\n<p class=\"contentpart contentpart--default contentpart--text\" data-position=\"8\">Z wci\u0105\u017c aktywnych arbitr\u00f3w poza Marciniakiem w czo\u0142\u00f3wce s\u0105 Francuzi Clement Turpin (57) i Danny Makellie (54)<\/p>\n<p class=\"contentpart contentpart--default contentpart--text\" data-position=\"9\">Mecz 5. kolejki Ligi Mistrz\u00f3w SSC Napoli &#8211; Karabach Agdam we wtorek o godz. 21. Transmisja w Canal+ Sport.<\/p>\n","protected":false},"excerpt":{"rendered":"Z 58. poprowadzonymi meczami Szymon Marciniak zajmuje w tej chwili trzecie miejsce w klasyfikacji wszech czas\u00f3w Champions League.&hellip;\n","protected":false},"author":2,"featured_media":117445,"comment_status":"","ping_status":"","sticky":false,"template":"","format":"standard","meta":{"footnotes":""},"categories":[24],"tags":[20526,693,20527,270,269,42,38,40,39,41,127,126,4834],"class_list":{"0":"post-117444","1":"post","2":"type-post","3":"status-publish","4":"format-standard","5":"has-post-thumbnail","7":"category-sport","8":"tag-bjorn-kuipers","9":"tag-europejskie-puchary","10":"tag-felix-brych","11":"tag-liga-mistrzow","12":"tag-pilka-nozna","13":"tag-pl","14":"tag-poland","15":"tag-polish","16":"tag-polska","17":"tag-polski","18":"tag-sport","19":"tag-sports","20":"tag-szymon-marciniak"},"share_on_mastodon":{"url":"https:\/\/pubeurope.com\/@pl\/115610160240131322","error":""},"_links":{"self":[{"href":"https:\/\/www.europesays.com\/pl\/wp-json\/wp\/v2\/posts\/117444","targetHints":{"allow":["GET"]}}],"collection":[{"href":"https:\/\/www.europesays.com\/pl\/wp-json\/wp\/v2\/posts"}],"about":[{"href":"https:\/\/www.europesays.com\/pl\/wp-json\/wp\/v2\/types\/post"}],"author":[{"embeddable":true,"href":"https:\/\/www.europesays.com\/pl\/wp-json\/wp\/v2\/users\/2"}],"replies":[{"embeddable":true,"href":"https:\/\/www.europesays.com\/pl\/wp-json\/wp\/v2\/comments?post=117444"}],"version-history":[{"count":0,"href":"https:\/\/www.europesays.com\/pl\/wp-json\/wp\/v2\/posts\/117444\/revisions"}],"wp:featuredmedia":[{"embeddable":true,"href":"https:\/\/www.europesays.com\/pl\/wp-json\/wp\/v2\/media\/117445"}],"wp:attachment":[{"href":"https:\/\/www.europesays.com\/pl\/wp-json\/wp\/v2\/media?parent=117444"}],"wp:term":[{"taxonomy":"category","embeddable":true,"href":"https:\/\/www.europesays.com\/pl\/wp-json\/wp\/v2\/categories?post=117444"},{"taxonomy":"post_tag","embeddable":true,"href":"https:\/\/www.europesays.com\/pl\/wp-json\/wp\/v2\/tags?post=117444"}],"curies":[{"name":"wp","href":"https:\/\/api.w.org\/{rel}","templated":true}]}}