{"id":117460,"date":"2025-11-25T11:51:12","date_gmt":"2025-11-25T11:51:12","guid":{"rendered":"https:\/\/www.europesays.com\/pl\/117460\/"},"modified":"2025-11-25T11:51:12","modified_gmt":"2025-11-25T11:51:12","slug":"seria-poco-f8-jest-skazana-na-sukces-cena-i-specyfikacja","status":"publish","type":"post","link":"https:\/\/www.europesays.com\/pl\/117460\/","title":{"rendered":"Seria POCO F8 jest skazana na sukces! Cena i specyfikacja"},"content":{"rendered":"<p class=\"lead\">Zosta\u0142 stworzony we wsp\u00f3\u0142pracy z firm\u0105 Bose i oferuje pierwszy na rynku 2.1-kana\u0142owy system d\u017awi\u0119ku w telefonie. Jako jeden z pierwszych na \u015bwiecie otrzyma\u0142 procesor Snapdragon 8 Elite Gen 5. Z inspirowan\u0105 d\u017cinsem tyln\u0105 obudow\u0105 Nano-Tech, telefon staje si\u0119 po\u0142\u0105czeniem technologii i mody. Tak, dobrze czytasz \u2014 te partnerstwa, premiery i innowacje definiuj\u0105 zupe\u0142nie now\u0105 seri\u0119 POCO F8.<\/p>\n<p>To nie jest rutynowa aktualizacja; to odwa\u017cny krok naprz\u00f3d w now\u0105 er\u0119 flagowych smartfon\u00f3w. Dzi\u0119ki modelom POCO F8 Ultra i POCO F8 Pro marka POCO przesuwa granice wydajno\u015bci, obrazowania, d\u017awi\u0119ku i designu, z dum\u0105 deklaruj\u0105c swoj\u0105 podw\u00f3jn\u0105 misj\u0119 bycia flagowcem przoduj\u0105cym i wszechstronnym. Nadal wierny swojej bezkonkurencyjnej warto\u015bci, POCO wyznacza trendy dla kolejnej generacji smartfon\u00f3w premium.<\/p>\n<p>Jeden wiod\u0105cy flagowy produkt technologiczny, jedna wszechstronna pot\u0119ga<\/p>\n<p>POCO F8 Ultra zajmuje centralne miejsce jako najlepszy model w serii. Przede wszystkim jest to jeden z pierwszych smartfon\u00f3w na \u015bwiecie wyposa\u017conych w procesor Qualcomm Snapdragon 8 Elite Gen 5, zbudowany w procesie 3 nm i po\u0142\u0105czony z dedykowanym uk\u0142adem wy\u015bwietlacza VisionBoost D8.<\/p>\n<p>Niezale\u017cnie od tego, czy chodzi o gry, renderowanie AI, czy edycj\u0119 wideo 4K, POCO F8 Ultra dzia\u0142a na pe\u0142nych obrotach. Jest to wi\u0119c idealny dla zapalonych graczy i entuzjast\u00f3w wydajno\u015bci, kt\u00f3rzy od swojego telefonu chc\u0105 wszystko, co najlepsze.<\/p>\n<p>Tymczasem POCO F8 Pro stanowi punkt odniesienia dla wszechstronnych flagowych do\u015bwiadcze\u0144. Jest szybki, p\u0142ynny i dopracowany, bez \u017cadnych s\u0142abych punkt\u00f3w. Zapewnia idealn\u0105 r\u00f3wnowag\u0119 mi\u0119dzy \u0142adowaniem, fotografowaniem, d\u017awi\u0119kiem i jako\u015bci\u0105 wykonania.<\/p>\n<p>Je\u015bli jeste\u015b studentem, profesjonalist\u0105 lub po prostu chcesz mie\u0107 wszystko w jednym telefonie, to POCO F8 Pro jest Twoim idealnym wyborem.<\/p>\n<p>Nowa era mocy \u2014 trzy miesi\u0105ce przed konkurencj\u0105<\/p>\n<p>POCO zapewni\u0142o sobie wczesny dost\u0119p do procesora Qualcomm Snapdragon 8 Elite Gen 5, wprowadzaj\u0105c go na rynek przed wi\u0119kszo\u015bci\u0105 konkurencji. Podczas gdy inne marki wci\u0105\u017c przygotowuj\u0105 swoje kolejne flagowe modele, seria POCO F8 ju\u017c tu jest i mo\u017ce by\u0107 Twoja.<\/p>\n<p><a href=\"https:\/\/www.gsmmaniak.pl\/wp-content\/uploads\/gsmmaniak\/2025\/11\/POCO-F8-ULTRA-VisionBoost-D8-Chipset_RGB_WH-1080X1350.jpg\" rel=\"lightbox-post4 nofollow noopener\" target=\"_blank\"><img loading=\"lazy\" decoding=\"async\" aria-describedby=\"caption-attachment-1615501\" class=\"size-medium wp-image-1615501\" src=\"https:\/\/www.europesays.com\/pl\/wp-content\/uploads\/2025\/11\/POCO-F8-ULTRA-VisionBoost-D8-Chipset_RGB_WH-1080X1350-medium.jpg\" alt=\"POCO F8 ULTRA\" width=\"500\" height=\"625\"   itemprop=\"image\" \/><\/a><\/p>\n<p id=\"caption-attachment-1615501\" class=\"wp-caption-text\">POCO F8 ULTRA \/ fot. producenta<\/p>\n<p>Snapdragon 8 Elite Gen 5 to ulepszony nast\u0119pca procesora stosowanego w modelach z najwy\u017cszej p\u00f3\u0142ki, takich jak Samsung Galaxy S25 Ultra czy POCO F7 Ultra.<\/p>\n<p>Ten uk\u0142ad jest niesamowicie wydajny. Co wi\u0119cej, zosta\u0142 zbudowany w technologii 3 nm i dosta\u0142 koprocesor VisionBoost D8, zapewniaj\u0105cy ni\u017csze zu\u017cycie energii i szybsze dzia\u0142anie Sztucznej Inteligencji, gier i wideo.<\/p>\n<p>Wyniki benchmark\u00f3w? Rekordowe. Wydajno\u015b\u0107 w rzeczywistych zastosowaniach? Idealnie stabilna. Nawet po wielu godzinach grania w topowe gry (Genshin Impact, PUBG Mobile lub CODM) liczba klatek na sekund\u0119 pozostaje stabilna dzi\u0119ki silnikowi WildBoost Engine 5.0 i niemal zerowemu ograniczaniu wydajno\u015bci.<\/p>\n<p><a href=\"https:\/\/www.gsmmaniak.pl\/wp-content\/uploads\/gsmmaniak\/2025\/11\/POCO-F8-Series-Snapdragon-8-Elite-family-chipset_RGB_WH-1080X1350.jpg\" rel=\"lightbox-post4 nofollow noopener\" target=\"_blank\"><img loading=\"lazy\" decoding=\"async\" aria-describedby=\"caption-attachment-1615500\" class=\"size-medium wp-image-1615500\" src=\"https:\/\/www.europesays.com\/pl\/wp-content\/uploads\/2025\/11\/POCO-F8-Series-Snapdragon-8-Elite-family-chipset_RGB_WH-1080X1350-medium.jpg\" alt=\"Seria POCO F8\" width=\"500\" height=\"625\"   \/><\/a><\/p>\n<p id=\"caption-attachment-1615500\" class=\"wp-caption-text\">Seria POCO F8 \/ fot. producenta<\/p>\n<p>Model F8 Pro, wykorzystuj\u0105cy t\u0119 sam\u0105 seri\u0119 Snapdragon 8 Elite, przewy\u017csza swojego poprzednika o prawie 30%. Oferuje wi\u0119c wydajniejsze ch\u0142odzenie i idealnie zr\u00f3wnowa\u017con\u0105 wydajno\u015b\u0107. Zar\u00f3wno dla graczy, jak i zaawansowanych u\u017cytkownik\u00f3w, oba telefony POCO F8 zapewniaj\u0105 flagow\u0105 wydajno\u015b\u0107 z zapasem mocy na d\u0142ugi czas.<\/p>\n<p>Co si\u0119 stanie, gdy umie\u015bcisz system audio Bose w smartfonie?<\/p>\n<p>By\u0107 mo\u017ce nie jeste\u015b graczem, ale na pewno s\u0142uchasz muzyki czy ogl\u0105dasz filmy i w tym zakresie seria F8 tak\u017ce si\u0119 wyr\u00f3\u017cnia. POCO F8 Ultra jest pierwszym na \u015bwiecie telefonem z systemem Sound by Bose 2.1, kt\u00f3ry jest wyposa\u017cony w subwoofer wewn\u0105trz obudowy. Tak \u2014 ma wbudowany przetwornik basowy.<\/p>\n<p><a href=\"https:\/\/www.gsmmaniak.pl\/wp-content\/uploads\/gsmmaniak\/2025\/11\/POCO-F8-Series-Sound-by-Bose_RGB_WH-1080X1350.jpg\" rel=\"lightbox-post4 nofollow noopener\" target=\"_blank\"><img loading=\"lazy\" decoding=\"async\" aria-describedby=\"caption-attachment-1615505\" class=\"size-medium wp-image-1615505\" src=\"https:\/\/www.europesays.com\/pl\/wp-content\/uploads\/2025\/11\/POCO-F8-Series-Sound-by-Bose_RGB_WH-1080X1350-medium.jpg\" alt=\"Seria POCO F8\" width=\"500\" height=\"625\"   \/><\/a><\/p>\n<p id=\"caption-attachment-1615505\" class=\"wp-caption-text\">Seria POCO F8 \/ fot. producenta<\/p>\n<p>Niskie cz\u0119stotliwo\u015bci s\u0105 bogate i odczuwalne, a g\u0142\u0119bia przestrzenna sprawia, \u017ce Twoja d\u0142o\u0144 staje si\u0119 rezonuj\u0105c\u0105 komor\u0105 d\u017awi\u0119kow\u0105. Czujesz, jak rytm rozchodzi si\u0119 po ca\u0142ej obudowie, cho\u0107by przy wybuchach w filmach. Tego nie da Ci \u017caden inny telefon.<\/p>\n<p>Zesp\u00f3\u0142 Bose udoskonali\u0142 r\u00f3wnie\u017c profil \u015brednich ton\u00f3w dla ludzkich g\u0142os\u00f3w, dzi\u0119ki czemu mowa czy wokal s\u0105 wyra\u017aniejsze i bli\u017csze. Podcasty, filmy i wyst\u0119py na \u017cywo brzmi\u0105 naturalnie i realistycznie.<\/p>\n<p>Nawet POCO F8 Pro korzysta z akustyki dostrojonej przez Bose, oferuj\u0105c d\u017awi\u0119k najwy\u017cszej jako\u015bci w bardziej przyst\u0119pnej cenie.<\/p>\n<p>Fotografowanie na nowo: flagowe aparaty fotograficzne dla ka\u017cdego<\/p>\n<p>Smartfony z serii POCO F8 stanowi\u0105 ogromny krok naprz\u00f3d w dziedzinie mobilnej fotografii, oferuj\u0105c w obu modelach fotografowanie na flagowym poziomie.<\/p>\n<p><a href=\"https:\/\/www.gsmmaniak.pl\/wp-content\/uploads\/gsmmaniak\/2025\/11\/POCO-F8-ULTRA-5x-telephoto-camera_RGB_WH-1080X1350.jpg\" rel=\"lightbox-post4 nofollow noopener\" target=\"_blank\"><img loading=\"lazy\" decoding=\"async\" aria-describedby=\"caption-attachment-1615508\" class=\"size-medium wp-image-1615508\" src=\"https:\/\/www.europesays.com\/pl\/wp-content\/uploads\/2025\/11\/POCO-F8-ULTRA-5x-telephoto-camera_RGB_WH-1080X1350-medium.jpg\" alt=\"POCO F8 ULTRA\" width=\"500\" height=\"625\"   \/><\/a><\/p>\n<p id=\"caption-attachment-1615508\" class=\"wp-caption-text\">POCO F8 ULTRA \/ fot. producenta<\/p>\n<p>POCO F8 Ultra jest wyposa\u017cony w g\u0142\u00f3wny sensor Light Fusion 950, kt\u00f3ry w po\u0142\u0105czeniu z teleobiektywem peryskopowym z 5-krotnym zoomem i obiektywem ultraszerokok\u0105tnym jest zasilany przez silnik Xiaomi AISP. Rezultaty s\u0105 wr\u0119cz osza\u0142amiaj\u0105ce \u2014 czystsze zdj\u0119cia nocne, ostrzejszy zoom i bogate, zr\u00f3wnowa\u017cone odcienie w ka\u017cdym kadrze.<\/p>\n<p>Model F8 Pro, wyposa\u017cony w g\u0142\u00f3wny czujnik Light Hunter 800 i teleobiektyw 60 mm, wykorzystuje stabilizacj\u0119 OIS. Uzyskuje tym samym profesjonalne rezultaty w przypadku portret\u00f3w, zdj\u0119\u0107 ulicznych i s\u0142abego o\u015bwietlenia.<\/p>\n<p>Ta generacja smartfon\u00f3w POCO ostatecznie wype\u0142nia luk\u0119 mi\u0119dzy \u201eaparatem \u015bredniej klasy\u201d a \u201eprawdziw\u0105 fotografi\u0105 flagow\u0105\u201d.<\/p>\n<p>Denim Blue to nowy wygl\u0105d flagowej serii POCO<\/p>\n<p>Wyko\u0144czenie Denim Blue w po\u0142\u0105czeniu z materia\u0142em sk\u00f3rzanym Nano-Tech i metalow\u0105 ramk\u0105 w serii POCO F8 zapewnia nowe wra\u017cenia dotykowe. Zastosowany materia\u0142 jest odporny na odciski palc\u00f3w, a do tego mocny i trwa\u0142y.<\/p>\n<p>Tymczasem POCO F8 Pro chwali si\u0119 minimalistycznym, jednocz\u0119\u015bciowym, formowanym na zimno szklanym korpusem. Ma te\u017c zakrzywione kraw\u0119dzie.<\/p>\n<p>Dwie filozofie projektowania, jedno wsp\u00f3lne DNA \u2014 oba modele z rodziny POCO F8 emanuj\u0105 niepowtarzalnym, flagowym urokiem.<\/p>\n<p><a href=\"https:\/\/www.gsmmaniak.pl\/wp-content\/uploads\/gsmmaniak\/2025\/11\/POCO-F8-Series-Brainstorm-Challenge-Denim-Blue.jpg\" rel=\"lightbox-post4 nofollow noopener\" target=\"_blank\"><img loading=\"lazy\" decoding=\"async\" aria-describedby=\"caption-attachment-1615499\" class=\"size-medium wp-image-1615499\" src=\"https:\/\/www.europesays.com\/pl\/wp-content\/uploads\/2025\/11\/POCO-F8-Series-Brainstorm-Challenge-Denim-Blue-medium.jpg\" alt=\"Seria POCO F8\" width=\"500\" height=\"625\"   \/><\/a><\/p>\n<p id=\"caption-attachment-1615499\" class=\"wp-caption-text\">Seria POCO F8 \/ fot. producenta<\/p>\n<p>Kompletny, odwa\u017cny, zr\u00f3wnowa\u017cony \u2014 POCO F8 to nowa definicja flagowca<\/p>\n<p>Najnowsze telefony POCO z rodziny POCO F8 s\u0105 ca\u0142kowit\u0105 zmian\u0105 filozofii, a nie tylko drobn\u0105 aktualizacj\u0105 w portfolio producenta. Dzi\u0119ki mocnym procesorom, ulepszonym aparatom, lepszemu d\u017awi\u0119kowi, odwa\u017cniejszemu wzornictwu, ja\u015bniejszym wy\u015bwietlaczom i szybszemu \u0142adowaniu jest to ca\u0142kowita modernizacja pod ka\u017cdym wzgl\u0119dem.<\/p>\n<p>W por\u00f3wnaniu z poprzednikami na nowo zdefiniowano ka\u017cd\u0105 kategori\u0119 \u2014 wydajno\u015b\u0107, obrazowanie, d\u017awi\u0119k i jako\u015b\u0107 wykonania. Tym razem strategia POCO jest jasna.<\/p>\n<p><a href=\"https:\/\/www.gsmmaniak.pl\/wp-content\/uploads\/gsmmaniak\/2025\/11\/POCO-F8-PRO-All-round-flagship-benchmark_RGB_WH-1080X1350-e1763725216107.jpg\" rel=\"lightbox-post4 nofollow noopener\" target=\"_blank\"><img loading=\"lazy\" decoding=\"async\" aria-describedby=\"caption-attachment-1615503\" class=\"size-medium wp-image-1615503\" src=\"https:\/\/www.europesays.com\/pl\/wp-content\/uploads\/2025\/11\/POCO-F8-PRO-All-round-flagship-benchmark_RGB_WH-1080X1350-medium.jpg\" alt=\"POCO F8 Pro\" width=\"500\" height=\"625\" \/><\/a><\/p>\n<p id=\"caption-attachment-1615503\" class=\"wp-caption-text\">POCO F8 Pro \/ fot. producenta<\/p>\n<p>POCO F8 Ultra przesuwa granice jako \u201eprzoduj\u0105cy flagowiec\u201d, stworzony dla entuzjast\u00f3w, kt\u00f3rzy chc\u0105 ju\u017c dzi\u015b do\u015bwiadczy\u0107 innowacji jutra. POCO F8 Pro nie zostaje w tyle i utrzymuje pozycj\u0119 \u201ewszechstronnego flagowca\u201d, oferuj\u0105c funkcje premium szerszej grupie odbiorc\u00f3w za rozs\u0105dn\u0105 cen\u0119.<\/p>\n<p>Globalna premiera serii POCO F8 odb\u0119dzie si\u0119 ju\u017c wkr\u00f3tce. Szczeg\u00f3\u0142y <a href=\"https:\/\/www.mi.com\/pl\/event\/2025\/poco-f8-series-launch-event\/?utm_campaign=mktpoco_micom_pl_1126-1210&amp;utm_channel=social&amp;utm_source=massmedia&amp;utm_medium=display&amp;utm_type=1&amp;utm_id=2172\" rel=\"nofollow noopener\" target=\"_blank\">znajdziesz w tym miejscu<\/a>. Kt\u00f3ry model wybierzesz? Pot\u0119\u017cny F8 Pro czy niezwykle auudiowizualny F8 Ultra?<\/p>\n<p>Artyku\u0142 sponsorowany<\/p>\n","protected":false},"excerpt":{"rendered":"Zosta\u0142 stworzony we wsp\u00f3\u0142pracy z firm\u0105 Bose i oferuje pierwszy na rynku 2.1-kana\u0142owy system d\u017awi\u0119ku w telefonie. Jako&hellip;\n","protected":false},"author":2,"featured_media":117461,"comment_status":"","ping_status":"","sticky":false,"template":"","format":"standard","meta":{"footnotes":""},"categories":[20],"tags":[120,118,119,42,38,40,39,41,116,114,115,121,117],"class_list":{"0":"post-117460","1":"post","2":"type-post","3":"status-publish","4":"format-standard","5":"has-post-thumbnail","7":"category-nauka-i-technika","8":"tag-nauka","9":"tag-nauka-i-technika","10":"tag-naukatechnika","11":"tag-pl","12":"tag-poland","13":"tag-polish","14":"tag-polska","15":"tag-polski","16":"tag-science","17":"tag-science-and-technology","18":"tag-sciencetechnology","19":"tag-technika","20":"tag-technology"},"share_on_mastodon":{"url":"https:\/\/pubeurope.com\/@pl\/115610195665838415","error":""},"_links":{"self":[{"href":"https:\/\/www.europesays.com\/pl\/wp-json\/wp\/v2\/posts\/117460","targetHints":{"allow":["GET"]}}],"collection":[{"href":"https:\/\/www.europesays.com\/pl\/wp-json\/wp\/v2\/posts"}],"about":[{"href":"https:\/\/www.europesays.com\/pl\/wp-json\/wp\/v2\/types\/post"}],"author":[{"embeddable":true,"href":"https:\/\/www.europesays.com\/pl\/wp-json\/wp\/v2\/users\/2"}],"replies":[{"embeddable":true,"href":"https:\/\/www.europesays.com\/pl\/wp-json\/wp\/v2\/comments?post=117460"}],"version-history":[{"count":0,"href":"https:\/\/www.europesays.com\/pl\/wp-json\/wp\/v2\/posts\/117460\/revisions"}],"wp:featuredmedia":[{"embeddable":true,"href":"https:\/\/www.europesays.com\/pl\/wp-json\/wp\/v2\/media\/117461"}],"wp:attachment":[{"href":"https:\/\/www.europesays.com\/pl\/wp-json\/wp\/v2\/media?parent=117460"}],"wp:term":[{"taxonomy":"category","embeddable":true,"href":"https:\/\/www.europesays.com\/pl\/wp-json\/wp\/v2\/categories?post=117460"},{"taxonomy":"post_tag","embeddable":true,"href":"https:\/\/www.europesays.com\/pl\/wp-json\/wp\/v2\/tags?post=117460"}],"curies":[{"name":"wp","href":"https:\/\/api.w.org\/{rel}","templated":true}]}}