{"id":117505,"date":"2025-11-25T12:20:11","date_gmt":"2025-11-25T12:20:11","guid":{"rendered":"https:\/\/www.europesays.com\/pl\/117505\/"},"modified":"2025-11-25T12:20:11","modified_gmt":"2025-11-25T12:20:11","slug":"pasa-kuipera-odkrywa-kolejne-tajemnice-naukowcy-opisali-nowe-jadro","status":"publish","type":"post","link":"https:\/\/www.europesays.com\/pl\/117505\/","title":{"rendered":"Pasa Kuipera odkrywa kolejne tajemnice. Naukowcy opisali nowe \u201ej\u0105dro\u201d"},"content":{"rendered":"<p class=\"Paragraph_desktopParagraph__U31Gm\">Siraj i jego koledzy odkryli kolejne zag\u0119szczenie obiekt\u00f3w. Znajduje si\u0119 ono w odleg\u0142o\u015bci oko\u0142o 43 jednostek astronomicznych (j.a.) od S\u0142o\u0144ca, nieco bli\u017cej ni\u017c &#8222;j\u0105dro&#8221; (44 j.a.). Jednostka astronomiczna to odleg\u0142o\u015b\u0107 Ziemi od S\u0142o\u0144ca. Wynosi ona \u015brednio 150 mln kilometr\u00f3w.<\/p>\n<p class=\"Paragraph_desktopParagraph__U31Gm\">Nowo odkryt\u0105 struktur\u0119 uczeni nazwali &#8222;j\u0105drem wewn\u0119trznym&#8221;. &#8222;Wci\u0105\u017c jest niejasne, czy j\u0105dro wewn\u0119trzne jest cz\u0119\u015bci\u0105 j\u0105dra, czyli te\u017c niezale\u017cn\u0105 struktur\u0105&#8221; &#8211; stwierdzaj\u0105 autorzy bada\u0144.<\/p>\n<ul class=\"OchatFollowUps_wrapper__1ry7X\">\n<li class=\"OchatFollowUps_item__Dhyly OchatFollowUps_itemDesktop__R6aBv\">Jak nazywa si\u0119 nowo odkryta struktura w Pasie Kuipera?<\/li>\n<li class=\"OchatFollowUps_item__Dhyly OchatFollowUps_itemDesktop__R6aBv\">Ile jednostek astronomicznych dzieli 'j\u0105dro&#8217; od 'j\u0105dra wewn\u0119trznego&#8217;?<\/li>\n<li class=\"OchatFollowUps_item__Dhyly OchatFollowUps_itemDesktop__R6aBv\">Jakie techniki badawcze wykorzystano do odkrycia nowej struktury?<\/li>\n<li class=\"OchatFollowUps_item__Dhyly OchatFollowUps_itemDesktop__R6aBv\">Co powoduje luk\u0119 mi\u0119dzy 'j\u0105drem&#8217; a 'j\u0105drem wewn\u0119trznym&#8217;?<\/li>\n<\/ul>\n<p class=\"Paragraph_desktopParagraph__U31Gm\">Naukowcy wykorzystali w swojej pracy baz\u0119 1650 obiekt\u00f3w w Pasie Kuipera i przeanalizowali je za pomoc\u0105 algorytmu DBSCAN (Density-Based Spatial Clustering of Applications with Noise). Jest on u\u017cywany na przyk\u0142ad do wyszukiwania g\u0119stych gromad gwiazd. Wykorzystanie DBSCAN do obiekt\u00f3w Pasa Kuipera wymaga\u0142o jednak pewnych modyfikacji. W przeciwie\u0144stwie do gwiazd, orbity obiekt\u00f3w w Pasie s\u0105 \u0142atwo zaburzane przez obecno\u015b\u0107 gazowych olbrzym\u00f3w, g\u0142\u00f3wnie Neptuna, i zmieniaj\u0105 si\u0119 w czasie. Po wprowadzeniu odpowiednich poprawek algorytm zarejestrowa\u0142 nieznane dotychczas zgrupowanie obiekt\u00f3w.<\/p>\n<p class=\"Paragraph_desktopParagraph__U31Gm\">W tej chwili wydaje si\u0119, \u017ce pomi\u0119dzy &#8222;j\u0105drem&#8221; a &#8222;j\u0105drem wewn\u0119trznym&#8221; istnieje luka, co mo\u017ce wygl\u0105da\u0107, jakby\u015bmy mieli do czynienia z dwiema r\u00f3\u017cnymi strukturami. Jednak autorzy bada\u0144 przypominaj\u0105, \u017ce ta luka mo\u017ce by\u0107 spowodowana rezonansem obiekt\u00f3w z Pasa Kuipera z Neptunem. Oddzia\u0142ywanie grawitacyjne Neptuna dzia\u0142a szczeg\u00f3lnie silnie na obiekty w Pasie po\u0142o\u017cone w odleg\u0142o\u015bci 43,7 j.a. od S\u0142o\u0144ca. Ich orbity staj\u0105 si\u0119 niestabilne, co mo\u017ce prowadzi\u0107 do przemieszczania si\u0119 obiekt\u00f3w na inne orbity. W ten spos\u00f3b w jednym ci\u0105g\u0142ym obszarze, stanowi\u0105cym jedn\u0105 struktur\u0119, powstaje dziura, przez co obszar ten wygl\u0105da jak dwa oddzielne obszary.<\/p>\n<p class=\"Paragraph_desktopParagraph__U31Gm\">Zdaniem odkrywc\u00f3w &#8222;j\u0105dra wewn\u0119trznego&#8221; przysz\u0142e obserwacje, prowadzone za pomoc\u0105 Teleskopu Very Rubin, powinny da\u0107 odpowied\u017a na pytanie o natur\u0119 obu &#8222;j\u0105der&#8221;.<\/p>\n<p class=\"Paragraph_desktopParagraph__U31Gm\">\u0179r\u00f3d\u0142o: The Inner Kernel of the Classical Kuiper Belt, https:\/\/arxiv.org\/abs\/2511.07512<\/p>\n","protected":false},"excerpt":{"rendered":"Siraj i jego koledzy odkryli kolejne zag\u0119szczenie obiekt\u00f3w. Znajduje si\u0119 ono w odleg\u0142o\u015bci oko\u0142o 43 jednostek astronomicznych (j.a.)&hellip;\n","protected":false},"author":2,"featured_media":117506,"comment_status":"","ping_status":"","sticky":false,"template":"","format":"standard","meta":{"footnotes":""},"categories":[20],"tags":[1785,1816,120,118,119,53,52,68,51,55,42,38,40,39,41,116,114,115,47,121,1348,117,50],"class_list":{"0":"post-117505","1":"post","2":"type-post","3":"status-publish","4":"format-standard","5":"has-post-thumbnail","7":"category-nauka-i-technika","8":"tag-kopalniawiedzypl","9":"tag-mm","10":"tag-nauka","11":"tag-nauka-i-technika","12":"tag-naukatechnika","13":"tag-new_header","14":"tag-onet3","15":"tag-onet3d","16":"tag-onet3d_2i","17":"tag-phx","18":"tag-pl","19":"tag-poland","20":"tag-polish","21":"tag-polska","22":"tag-polski","23":"tag-science","24":"tag-science-and-technology","25":"tag-sciencetechnology","26":"tag-screening_general","27":"tag-technika","28":"tag-technologia","29":"tag-technology","30":"tag-v2021"},"share_on_mastodon":{"url":"https:\/\/pubeurope.com\/@pl\/115610309498412538","error":""},"_links":{"self":[{"href":"https:\/\/www.europesays.com\/pl\/wp-json\/wp\/v2\/posts\/117505","targetHints":{"allow":["GET"]}}],"collection":[{"href":"https:\/\/www.europesays.com\/pl\/wp-json\/wp\/v2\/posts"}],"about":[{"href":"https:\/\/www.europesays.com\/pl\/wp-json\/wp\/v2\/types\/post"}],"author":[{"embeddable":true,"href":"https:\/\/www.europesays.com\/pl\/wp-json\/wp\/v2\/users\/2"}],"replies":[{"embeddable":true,"href":"https:\/\/www.europesays.com\/pl\/wp-json\/wp\/v2\/comments?post=117505"}],"version-history":[{"count":0,"href":"https:\/\/www.europesays.com\/pl\/wp-json\/wp\/v2\/posts\/117505\/revisions"}],"wp:featuredmedia":[{"embeddable":true,"href":"https:\/\/www.europesays.com\/pl\/wp-json\/wp\/v2\/media\/117506"}],"wp:attachment":[{"href":"https:\/\/www.europesays.com\/pl\/wp-json\/wp\/v2\/media?parent=117505"}],"wp:term":[{"taxonomy":"category","embeddable":true,"href":"https:\/\/www.europesays.com\/pl\/wp-json\/wp\/v2\/categories?post=117505"},{"taxonomy":"post_tag","embeddable":true,"href":"https:\/\/www.europesays.com\/pl\/wp-json\/wp\/v2\/tags?post=117505"}],"curies":[{"name":"wp","href":"https:\/\/api.w.org\/{rel}","templated":true}]}}