{"id":117611,"date":"2025-11-25T13:19:12","date_gmt":"2025-11-25T13:19:12","guid":{"rendered":"https:\/\/www.europesays.com\/pl\/117611\/"},"modified":"2025-11-25T13:19:12","modified_gmt":"2025-11-25T13:19:12","slug":"atak-zimy-w-nocy-snieg-spadnie-w-wielu-miejscach-polski","status":"publish","type":"post","link":"https:\/\/www.europesays.com\/pl\/117611\/","title":{"rendered":"Atak zimy w nocy. \u015anieg spadnie w wielu miejscach Polski"},"content":{"rendered":"<ul class=\"typography ids-typeset-body ids-typeset-body--preset-large list ids-list ids-list--unordered ids-list--size-large \" datatype=\"disc\">\n<li class=\"ids-list-item\">\n<p>Nad po\u0142udniowo-zachodni\u0105 i centraln\u0105 Polsk\u0119 nadci\u0105ga intensywna \u015bnie\u017cyca, nios\u0105ca nawet 20 cm \u015bniegu.<\/p>\n<\/li>\n<li class=\"ids-list-item\">\n<p>Na po\u0142udniowym wschodzie b\u0119dzie spokojnie i cieplej i tam trzeba uwa\u017ca\u0107 na roztopy.<\/p>\n<\/li>\n<li class=\"ids-list-item\">\n<p>Synoptycy IMGW wydali alerty pierwszego i drugiego stopnia w zwi\u0105zku ze \u015bnie\u017cycami, kt\u00f3re zaczn\u0105 si\u0119 w nocy.<\/p>\n<\/li>\n<li class=\"ids-list-item\">Wi\u0119cej wa\u017cnych informacji znajdziesz na <a class=\"ids-undecorated-link link ids-link link\" href=\"https:\/\/www.interia.pl\/#utm_source=wydarzenia&amp;utm_medium=bullet&amp;utm_campaign=powrot_z_wew&amp;iwa_source=bullet\" target=\"_blank\" rel=\"nofollow noopener\">stronie g\u0142\u00f3wnej Interii<\/a><\/li>\n<\/ul>\n<p class=\"typography ids-typeset-body ids-typeset-body--preset-large link paragraph ids-paragraph ids-paragraph--default\">W weekend na po\u0142udniowym wschodzie kraju mieli\u015bmy do czynienia z prawdziwym atakiem zimy. Cho\u0107 obecnie aura si\u0119 tam poprawia, a rosn\u0105ce temperatury mog\u0105 prowadzi\u0107 do znacznej odwil\u017cy, zagro\u017cona jest inna cz\u0119\u015b\u0107 Polski. Mo\u017cliwe, \u017ce w ci\u0105gu doby \u015bnie\u017cyce\u00a0spadn\u0105 na du\u017ce obszary Dolnego\u00a0\u015al\u0105ska, Wielkopolski\u00a0i centrum\u00a0kraju &#8211; wynika z prognoz Instytutu Meteorologii i Gospodarki Wodnej.<\/p>\n<p>Spokojnie na po\u0142udniowym wschodzie. \u015anieg wr\u00f3ci w innym miejscu<\/p>\n<p class=\"typography ids-typeset-body ids-typeset-body--preset-large link paragraph ids-paragraph ids-paragraph--default\">Od rana we wtorek pogoda jest zdecydowanie spokojniejsza ni\u017c w ostatnich dniach. Wci\u0105\u017c w wielu miejscach notujemy opady, jednak ich charakter si\u0119 zmienia. Coraz cz\u0119\u015bciej\u00a0\u015bnieg miesza si\u0119 z deszczem, na po\u0142udniowym wschodzie popada r\u00f3wnie\u017c sam deszcz.<\/p>\n<p class=\"typography ids-typeset-body ids-typeset-body--preset-large link paragraph ids-paragraph ids-paragraph--default\">Razem z dodatnimi temperaturami tworzy to ryzyko roztop\u00f3w, na kt\u00f3re szczeg\u00f3lnie musz\u0105 uwa\u017ca\u0107 mieszka\u0144cy po\u0142udniowych rejon\u00f3w \u015al\u0105ska, Ma\u0142opolski i Podkarpacia.<\/p>\n<p class=\"typography ids-typeset-body ids-typeset-body--preset-large link paragraph ids-paragraph ids-paragraph--default\">Podczas gdy po\u0142udniowo-wschodnia cz\u0119\u015b\u0107 kraju mo\u017ce si\u0119 cieszy\u0107 wzgl\u0119dnym spokojem, na po\u0142udniowym zachodzie w kolejnych godzinach aura zdecydowanie si\u0119 pogorszy. P\u00f3\u017anym wieczorem i w nocy dotr\u0105 tam niebezpieczne \u015bnie\u017cyce, kt\u00f3re potrwaj\u0105 r\u00f3wnie\u017c w \u015brod\u0119 w ci\u0105gu dnia. Opady miejscami b\u0119d\u0105 bardzo intensywne.<\/p>\n<p>\u015anieg nie przestanie sypa\u0107. Alerty dw\u00f3ch stopni<\/p>\n<p class=\"typography ids-typeset-body ids-typeset-body--preset-large link paragraph ids-paragraph ids-paragraph--default\">Strefa intensywnych opad\u00f3w \u015bniegu zmierza do Polski z po\u0142udniowego zachodu Europy. We wtorek wieczorem dotrze do okolic Dolnego\u00a0\u015al\u0105ska\u00a0i stopniowo b\u0119dzie si\u0119 przesuwa\u0107 dalej.<\/p>\n<p class=\"typography ids-typeset-body ids-typeset-body--preset-large link paragraph ids-paragraph ids-paragraph--default\">Jak podkre\u015bli\u0142a w prognozie na najbli\u017cszy tydzie\u0144 rzeczniczka prasowa IMGW Agnieszka Prasek w nocy z wtorku na \u015brod\u0119 do\u015bwiadczymy intensywnych\u00a0opad\u00f3w\u00a0\u015bniegu, &#8222;w pasie od po\u0142udniowego zachodu po centrum i p\u00f3\u0142nocny wsch\u00f3d&#8221;. Miejscami pokrywa \u015bnie\u017cna mo\u017ce si\u0119 tam zwi\u0119kszy\u0107 o 15-20 cm.<\/p>\n<p class=\"typography ids-typeset-body ids-typeset-body--preset-large link paragraph ids-paragraph ids-paragraph--default\">\u015anieg\u00a0intensywnie b\u0119dzie pada\u0107 r\u00f3wnie\u017c po wschodzie s\u0142o\u0144ca. W\u00a0\u015brod\u0119 \u015bnie\u017cyce utrzymaj\u0105 si\u0119 na po\u0142udniowym zachodzie, w centrum, a tak\u017ce dalej na p\u00f3\u0142nocnym\u00a0wschodzie\u00a0kraju. lokalnie mo\u017ce te\u017c pada\u0107 marzn\u0105cy deszcz.<\/p>\n<p class=\"typography ids-typeset-body ids-typeset-body--preset-large link paragraph ids-paragraph ids-paragraph--default\">Obecnie ze wzgl\u0119du na zbli\u017caj\u0105ce si\u0119 \u015bnie\u017cyce wydano alerty IMGW pierwszego i drugiego stopnia. Pomara\u0144czowe ostrze\u017cenia rozci\u0105gaj\u0105 si\u0119 od po\u0142udniowego zachodu, przez centrum, po p\u00f3\u0142nocn\u0105 granic\u0119 Polski. \u017b\u00f3\u0142te ostrze\u017cenia obejmuj\u0105 dodatkowy obszar na zach\u00f3d i wsch\u00f3d od miejsc z najwi\u0119kszymi opadami \u015bniegu:<\/p>\n<p><img decoding=\"async\" class=\"ids-image-holder__img\" loading=\"lazy\" alt=\"Mapa Polski z wyra\u017anie zaznaczonym, szerokim pasem biegn\u0105cym przez \u015brodek kraju, w r\u00f3\u017cnych odcieniach pomara\u0144czowego i \u017c\u00f3\u0142tego, obejmuj\u0105cym mi\u0119dzy innymi takie miasta jak Gda\u0144sk, Bydgoszcz, Wroc\u0142aw, Warszawa i Katowice, z granicami wojew\u00f3dztw i pa\u0144stw ...\" title=\"Najintensywniejsze \u015bnie\u017cyce w nocy oraz w \u015brod\u0119 nawiedz\u0105 Dolny \u015al\u0105sk, cz\u0119\u015b\u0107 Wielkopolski, centrum oraz Warmi\u0119, Mazury i Podlasie\" width=\"823\" height=\"792\" src=\"https:\/\/www.europesays.com\/pl\/wp-content\/uploads\/2025\/11\/000LZ3PU0GA4O6Q7-C322-F4.webp.webp\"\/><\/p>\n<p>Najintensywniejsze \u015bnie\u017cyce w nocy oraz w \u015brod\u0119 nawiedz\u0105 Dolny \u015al\u0105sk, cz\u0119\u015b\u0107 Wielkopolski, centrum oraz Warmi\u0119, Mazury i PodlasieIMGWmateria\u0142 zewn\u0119trzny<\/p>\n<p class=\"typography ids-typeset-body ids-typeset-body--preset-large link paragraph ids-paragraph ids-paragraph--default\">Za dnia r\u00f3wnie\u017c mo\u017ce spa\u015b\u0107 do 15-20 cm \u015bniegu, co mo\u017ce powodowa\u0107 spore utrudnienia komunikacyjne. Na wielu drogach ruch mo\u017ce by\u0107 spowolniony, a widzialno\u015b\u0107 znacznie ograniczona.<\/p>\n<p><img decoding=\"async\" class=\"ids-image-holder__img\" loading=\"lazy\" alt=\"Mapa synoptyczna Europy ukazuj\u0105ca opady \u015bniegu, ci\u015bnienie atmosferyczne, grubo\u015b\u0107 pokrywy \u015bnie\u017cnej oraz linie izobariczne i izotermiczne. Zaznaczono obszary wysokiego i niskiego ci\u015bnienia oraz prognozowane warto\u015bci opad\u00f3w.\" title=\"Intensywnych opad\u00f3w \u015bniegu od nocy z wtorku na \u015brod\u0119 trzeba oczekiwa\u0107 od po\u0142udniowego zachodu przez centrum Polski po p\u00f3\u0142nocny wsch\u00f3d kraju\" width=\"1024\" height=\"716\" src=\"https:\/\/www.europesays.com\/pl\/wp-content\/uploads\/2025\/11\/000LZ3N5RYJR91DQ-C322-F4.webp.webp\"\/><\/p>\n<p>Intensywnych opad\u00f3w \u015bniegu od nocy z wtorku na \u015brod\u0119 trzeba oczekiwa\u0107 od po\u0142udniowego zachodu przez centrum Polski po p\u00f3\u0142nocny wsch\u00f3d krajuWXChartsmateria\u0142 zewn\u0119trzny<\/p>\n<p class=\"typography ids-typeset-body ids-typeset-body--preset-large link paragraph ids-paragraph ids-paragraph--default\">Tym razem \u015bnie\u017cyce omin\u0105 po\u0142udniowy wsch\u00f3d kraju, kt\u00f3ry niedawno zmaga\u0142 si\u0119 z najintensywniejszymi opadami \u015bniegu. W \u015brod\u0119 b\u0119dzie to najcieplejszy region kraju, z temperaturami dochodz\u0105cymi do oko\u0142o 6 stopni Celsjusza.<\/p>\n<p class=\"typography ids-typeset-body ids-typeset-body--preset-large link paragraph ids-paragraph ids-paragraph--default\">Tam, gdzie w \u015brod\u0119 spadnie wi\u0119cej \u015bniegu, ma on szans\u0119 utrzyma\u0107 si\u0119 d\u0142u\u017cej, poniewa\u017c na tych obszarach b\u0119dzie ko\u0142o zera stopni.<\/p>\n<p>&#8222;Wydarzenia&#8221;: Walka frakcji. Ludzie Morawieckiego kontra &#8222;ma\u015blarze&#8221;Polsat News<\/p>\n<p><a class=\"ids-undecorated-link source ids-page-info--source__link\" href=\"https:\/\/www.interia.pl\" rel=\"nofollow noopener\" target=\"_blank\"><img decoding=\"async\" class=\"ids-image-holder__img\" loading=\"lazy\" alt=\"\" title=\"\" height=\"24px\" src=\"https:\/\/www.europesays.com\/pl\/wp-content\/uploads\/2025\/11\/1763998694_431_0009A60QQ5I2TYF7-C202-F4.webp.webp\"\/><\/a><\/p>\n<p>Masz sugestie, uwagi albo widzisz b\u0142\u0105d? Napisz do nas<\/p>\n","protected":false},"excerpt":{"rendered":"Nad po\u0142udniowo-zachodni\u0105 i centraln\u0105 Polsk\u0119 nadci\u0105ga intensywna \u015bnie\u017cyca, nios\u0105ca nawet 20 cm \u015bniegu. Na po\u0142udniowym wschodzie b\u0119dzie spokojnie&hellip;\n","protected":false},"author":2,"featured_media":117612,"comment_status":"","ping_status":"","sticky":false,"template":"","format":"standard","meta":{"footnotes":""},"categories":[12],"tags":[32,33,36,37,27,34,35,28,31,25,42,38,40,39,41,29,30,26],"class_list":{"0":"post-117611","1":"post","2":"type-post","3":"status-publish","4":"format-standard","5":"has-post-thumbnail","7":"category-polska","8":"tag-breaking-news","9":"tag-breakingnews","10":"tag-featured-news","11":"tag-featurednews","12":"tag-headlines","13":"tag-latest-news","14":"tag-latestnews","15":"tag-naglowki","16":"tag-najwazniejsze-artykuly","17":"tag-news","18":"tag-pl","19":"tag-poland","20":"tag-polish","21":"tag-polska","22":"tag-polski","23":"tag-top-stories","24":"tag-topstories","25":"tag-wiadomosci"},"share_on_mastodon":{"url":"https:\/\/pubeurope.com\/@pl\/115610541755980996","error":""},"_links":{"self":[{"href":"https:\/\/www.europesays.com\/pl\/wp-json\/wp\/v2\/posts\/117611","targetHints":{"allow":["GET"]}}],"collection":[{"href":"https:\/\/www.europesays.com\/pl\/wp-json\/wp\/v2\/posts"}],"about":[{"href":"https:\/\/www.europesays.com\/pl\/wp-json\/wp\/v2\/types\/post"}],"author":[{"embeddable":true,"href":"https:\/\/www.europesays.com\/pl\/wp-json\/wp\/v2\/users\/2"}],"replies":[{"embeddable":true,"href":"https:\/\/www.europesays.com\/pl\/wp-json\/wp\/v2\/comments?post=117611"}],"version-history":[{"count":0,"href":"https:\/\/www.europesays.com\/pl\/wp-json\/wp\/v2\/posts\/117611\/revisions"}],"wp:featuredmedia":[{"embeddable":true,"href":"https:\/\/www.europesays.com\/pl\/wp-json\/wp\/v2\/media\/117612"}],"wp:attachment":[{"href":"https:\/\/www.europesays.com\/pl\/wp-json\/wp\/v2\/media?parent=117611"}],"wp:term":[{"taxonomy":"category","embeddable":true,"href":"https:\/\/www.europesays.com\/pl\/wp-json\/wp\/v2\/categories?post=117611"},{"taxonomy":"post_tag","embeddable":true,"href":"https:\/\/www.europesays.com\/pl\/wp-json\/wp\/v2\/tags?post=117611"}],"curies":[{"name":"wp","href":"https:\/\/api.w.org\/{rel}","templated":true}]}}