{"id":117691,"date":"2025-11-25T14:08:08","date_gmt":"2025-11-25T14:08:08","guid":{"rendered":"https:\/\/www.europesays.com\/pl\/117691\/"},"modified":"2025-11-25T14:08:08","modified_gmt":"2025-11-25T14:08:08","slug":"nauczycielka-z-gruzlica-sanepid-identyfikuje-narazonych-decyzje-podejma-lekarze","status":"publish","type":"post","link":"https:\/\/www.europesays.com\/pl\/117691\/","title":{"rendered":"Nauczycielka z gru\u017alic\u0105. Sanepid identyfikuje nara\u017conych, decyzje podejm\u0105 lekarze"},"content":{"rendered":"<p>W Mr\u0105gowie potwierdzono gru\u017alic\u0119 u\u00a0nauczycielki szko\u0142y podstawowej. Warmi\u0144sko-mazurski inspektor sanitarny Janusz Dzisko przekaza\u0142, \u017ce kobieta pr\u0105tkuje, czyli mo\u017ce zaka\u017ca\u0107. S\u0142u\u017cby sanitarne ustalaj\u0105 list\u0119 uczni\u00f3w, nauczycieli i\u00a0innych os\u00f3b, kt\u00f3re mia\u0142y z\u00a0ni\u0105 kontakt. Wed\u0142ug wst\u0119pnych informacji grono to mo\u017ce by\u0107 szerokie.<\/p>\n<p>Z nieoficjalnych relacji rodzic\u00f3w, na kt\u00f3re powo\u0142uje si\u0119 Polska Agencja Prasowa, wynika, \u017ce diagnostyka mo\u017ce obj\u0105\u0107 nawet kilkaset os\u00f3b, w\u00a0tym dzieci korzystaj\u0105ce z\u00a0korepetycji. Sanepid zapowiada przekazanie informacji rodzicom uczni\u00f3w nara\u017conych na kontakt z\u00a0pr\u0105tkami oraz poinformowanie lekarzy POZ, do kt\u00f3rych zapisane s\u0105 te dzieci.<\/p>\n<p>Zamieszanie w\u00a0PiS. Jacek Sasin odni\u00f3s\u0142 si\u0119 do\u00a0zachowania Morawieckiego <\/p>\n<p>Szef sanepidu podkre\u015bli\u0142, \u017ce o\u00a0wyborze metody diagnostycznej zdecyduj\u0105 lekarze. Wymieni\u0142 m.in. testy genetyczne jako jedn\u0105 z\u00a0dost\u0119pnych opcji. S\u0142u\u017cby sanitarne wska\u017c\u0105 osobom kontaktuj\u0105cym si\u0119 z\u00a0nauczycielk\u0105 konieczno\u015b\u0107 konsultacji medycznej i\u00a0apeluj\u0105 do rodzic\u00f3w, by nie lekcewa\u017cyli wezwa\u0144.<\/p>\n<p>Dyrekcja szko\u0142y odm\u00f3wi\u0142a komentarza PAP, zapewniaj\u0105c jedynie o\u00a0wsp\u00f3\u0142pracy z\u00a0sanepidem. Inspektor Dzisko zaznaczy\u0142, \u017ce ka\u017cdy przypadek ocenia si\u0119 indywidualnie, bo reakcja organizmu na pr\u0105tki zale\u017cy od odporno\u015bci. W\u00a0ostatnim czasie gru\u017alic\u0119 stwierdzono tak\u017ce w\u00a0strze\u017conym o\u015brodku w\u00a0K\u0119trzynie; tam badania obejm\u0105 cudzoziemc\u00f3w i\u00a0funkcjonariuszy SG.<\/p>\n<p>Dzisko wskaza\u0142, \u017ce przypadki gru\u017alicy wykrywa si\u0119 stale, najcz\u0119\u015bciej w\u015br\u00f3d os\u00f3b w\u00a0kryzysie spo\u0142ecznym lub bezdomno\u015bci. Choroba najcz\u0119\u015bciej dotyczy p\u0142uc i\u00a0przenosi si\u0119 przez bliski, d\u0142ugotrwa\u0142y kontakt w\u00a0pomieszczeniach. W Polsce szczepienie dzieci przeciw gru\u017alicy jest obowi\u0105zkowe, co ogranicza ci\u0119\u017ckie postacie choroby.<\/p>\n","protected":false},"excerpt":{"rendered":"W Mr\u0105gowie potwierdzono gru\u017alic\u0119 u\u00a0nauczycielki szko\u0142y podstawowej. Warmi\u0144sko-mazurski inspektor sanitarny Janusz Dzisko przekaza\u0142, \u017ce kobieta pr\u0105tkuje, czyli mo\u017ce&hellip;\n","protected":false},"author":2,"featured_media":117692,"comment_status":"","ping_status":"","sticky":false,"template":"","format":"standard","meta":{"footnotes":""},"categories":[12],"tags":[32,33,36,37,27,34,35,28,31,25,42,38,40,39,41,29,30,26],"class_list":{"0":"post-117691","1":"post","2":"type-post","3":"status-publish","4":"format-standard","5":"has-post-thumbnail","7":"category-polska","8":"tag-breaking-news","9":"tag-breakingnews","10":"tag-featured-news","11":"tag-featurednews","12":"tag-headlines","13":"tag-latest-news","14":"tag-latestnews","15":"tag-naglowki","16":"tag-najwazniejsze-artykuly","17":"tag-news","18":"tag-pl","19":"tag-poland","20":"tag-polish","21":"tag-polska","22":"tag-polski","23":"tag-top-stories","24":"tag-topstories","25":"tag-wiadomosci"},"share_on_mastodon":{"url":"https:\/\/pubeurope.com\/@pl\/115610734162024510","error":""},"_links":{"self":[{"href":"https:\/\/www.europesays.com\/pl\/wp-json\/wp\/v2\/posts\/117691","targetHints":{"allow":["GET"]}}],"collection":[{"href":"https:\/\/www.europesays.com\/pl\/wp-json\/wp\/v2\/posts"}],"about":[{"href":"https:\/\/www.europesays.com\/pl\/wp-json\/wp\/v2\/types\/post"}],"author":[{"embeddable":true,"href":"https:\/\/www.europesays.com\/pl\/wp-json\/wp\/v2\/users\/2"}],"replies":[{"embeddable":true,"href":"https:\/\/www.europesays.com\/pl\/wp-json\/wp\/v2\/comments?post=117691"}],"version-history":[{"count":0,"href":"https:\/\/www.europesays.com\/pl\/wp-json\/wp\/v2\/posts\/117691\/revisions"}],"wp:featuredmedia":[{"embeddable":true,"href":"https:\/\/www.europesays.com\/pl\/wp-json\/wp\/v2\/media\/117692"}],"wp:attachment":[{"href":"https:\/\/www.europesays.com\/pl\/wp-json\/wp\/v2\/media?parent=117691"}],"wp:term":[{"taxonomy":"category","embeddable":true,"href":"https:\/\/www.europesays.com\/pl\/wp-json\/wp\/v2\/categories?post=117691"},{"taxonomy":"post_tag","embeddable":true,"href":"https:\/\/www.europesays.com\/pl\/wp-json\/wp\/v2\/tags?post=117691"}],"curies":[{"name":"wp","href":"https:\/\/api.w.org\/{rel}","templated":true}]}}