{"id":117717,"date":"2025-11-25T14:21:10","date_gmt":"2025-11-25T14:21:10","guid":{"rendered":"https:\/\/www.europesays.com\/pl\/117717\/"},"modified":"2025-11-25T14:21:10","modified_gmt":"2025-11-25T14:21:10","slug":"nagly-zwrot-ws-mercosuru-wniosek-wycofany-polscy-politycy-nasz-sukces","status":"publish","type":"post","link":"https:\/\/www.europesays.com\/pl\/117717\/","title":{"rendered":"Nag\u0142y zwrot ws. Mercosuru. Wniosek wycofany. Polscy politycy: nasz sukces"},"content":{"rendered":"\n<p>Europejska Partia Ludowa (EPL) we wtorek wycofa\u0142a w\u00a0Parlamencie Europejskim wniosek o\u00a0rozpatrzenie w\u00a0trybie pilnym tzw. hamulca bezpiecze\u0144stwa do umowy handlowej Unii Europejskiej z\u00a0pa\u0144stwami Mercosur. Zastosowanie procedury pilnej mia\u0142o umo\u017cliwi\u0107 szybkie zatwierdzenie ca\u0142ego porozumienia. W\u00a0konsekwencji zaplanowane na wtorek g\u0142osowanie nie odby\u0142o si\u0119.<\/p>\n<p>O wycofaniu wniosku poinformowa\u0142a podczas posiedzenia plenarnego w\u00a0Strasburgu przewodnicz\u0105ca PE Roberta Metsola. EPL, do kt\u00f3rej nale\u017c\u0105 m.in. Koalicja Obywatelska oraz Polskie Stronnictwo Ludowe, jest najwi\u0119ksz\u0105 frakcj\u0105 w\u00a0europarlamencie.<\/p>\n<p>Zastosowanie trybu pilnego oznacza\u0142oby natychmiastowe przej\u015bcie Europarlamentu do g\u0142osowania nad rozporz\u0105dzeniem ustanawiaj\u0105cym hamulec bezpiecze\u0144stwa, a\u00a0nast\u0119pnie nad sam\u0105 umow\u0105 handlow\u0105 z\u00a0Mercosurem. Podpisanie dokumentu planowane jest podczas szczytu w\u00a0Brazylii 20 grudnia.<\/p>\n<p> <img role=\"presentation\" class=\"absolute left-1\/2 top-1\/2 max-h-[80%] max-w-[100px] -translate-x-1\/2 -translate-y-1\/2\" src=\"https:\/\/v.wpimg.pl\/ZXJfd3AudTkrBBIAbg54LGhcRlAxHQUrPgJGH2MAeGJoSQ1eIBI_K2UHAEVuBTY5KQMMXC0RPyoVERQdMgM9ejc\" loading=\"lazy\" decoding=\"async\"\/><\/p>\n<p>Sk\u0105d sa\u0142ata w\u00a0Polsce zim\u0105? Ujawnia sw\u00f3j biznes <\/p>\n<p>Polscy politycy og\u0142aszaj\u0105 sukces <\/p>\n<p>Projekt rozporz\u0105dzenia ws. mechanizmu ochronnego przedstawi\u0142a Komisja Europejska w odpowiedzi na obawy cz\u0119\u015bci pa\u0144stw cz\u0142onkowskich (w tym Polski) i\u00a0<a href=\"https:\/\/www.money.pl\/gospodarka\/francuscy-rolnicy-zapowiadaja-protesty-nie-chca-nowej-umowy-z-ue-7092245793885120a.html\" rel=\"noopener noreferrer nofollow\" target=\"_blank\">\u015brodowisk rolniczych<\/a> dotycz\u0105ce mo\u017cliwego wp\u0142ywu porozumienia na unijnych producent\u00f3w. <\/p>\n<p>Podobne zabezpieczenia stosowane s\u0105 w\u00a0wi\u0119kszo\u015bci um\u00f3w handlowych, jednak w\u00a0tym przypadku zaproponowany mechanizm ma by\u0107 bardziej elastyczny i\u00a0prostszy w\u00a0u\u017cyciu.<\/p>\n<p> <img role=\"presentation\" class=\"absolute left-1\/2 top-1\/2 max-h-[80%] max-w-[100px] -translate-x-1\/2 -translate-y-1\/2\" src=\"https:\/\/v.wpimg.pl\/ZXJfd3AudTkrBBIAbg54LGhcRlAxHQUrPgJGH2MAeGJoSQ1eIBI_K2UHAEVuBTY5KQMMXC0RPyoVERQdMgM9ejc\" loading=\"lazy\" decoding=\"async\"\/> <a href=\"https:\/\/www.money.pl\/gospodarka\/umowa-z-mercosurem-stanowisko-polski-jest-jasne-7195970073750464a.html\" class=\"teaser-inline\" rel=\"nofollow noopener\" target=\"_blank\">  <img decoding=\"async\" src=\"https:\/\/www.europesays.com\/pl\/wp-content\/uploads\/2025\/11\/MWVjNTEyYjY3CDhnagJvI3RQbD0sW2F1I0h0dmpIf29mEmEyLBUoJTMaIXoiCzgnNx0-ejUVYjYmA2EidFYpPiUaIjU8Vig6NA8q.jpeg\" width=\"0\" height=\"0\" loading=\"lazy\" class=\"wp-media-image cropped\" alt=\"Umowa z Mercosurem. &quot;Stanowisko Polski jest jasne&quot;\"\/><\/p>\n<p>Umowa z Mercosurem. &#8222;Stanowisko Polski jest jasne&#8221;<\/p>\n<p><\/a> <\/p>\n<p>&#8211; Decyzja EPL o\u00a0wycofaniu w\u00a0Parlamencie Europejskim wniosku o\u00a0procedowanie w\u00a0trybie pilnym tzw. hamulca bezpiecze\u0144stwa do umowy handlowej UE z\u00a0pa\u0144stwami Mercosur to wynik naszej dyskusji we frakcji (EPL) &#8211;\u00a0poinformowa\u0142 PAP europose\u0142 Andrzej Halicki, szef delegacji PO-PSL w\u00a0PE, .<\/p>\n<p>Jak doda\u0142, procedowanie hamulca bezpiecze\u0144stwa w\u00a0trybie pilnym nie pozwala\u0142oby ani na g\u0142\u0119bsz\u0105 jego analiz\u0119, ani na wprowadzenie poprawek. Halicki zaznaczy\u0142, \u017ce decyzja o\u00a0wycofaniu wniosku oznacza, \u017ce projekt rozporz\u0105dzenia ws. hamulca bezpiecze\u0144stwa b\u0119dzie musia\u0142 p\u00f3j\u015b\u0107 zwyk\u0142ym trybem przez komisj\u0119 ds. handlu mi\u0119dzynarodowego (INTA).<\/p>\n<p> <img role=\"presentation\" class=\"absolute left-1\/2 top-1\/2 max-h-[80%] max-w-[100px] -translate-x-1\/2 -translate-y-1\/2\" src=\"https:\/\/v.wpimg.pl\/ZXJfd3AudTkrBBIAbg54LGhcRlAxHQUrPgJGH2MAeGJoSQ1eIBI_K2UHAEVuBTY5KQMMXC0RPyoVERQdMgM9ejc\" loading=\"lazy\" decoding=\"async\"\/> <a href=\"https:\/\/www.money.pl\/gospodarka\/francuscy-rolnicy-zapowiadaja-protesty-nie-chca-nowej-umowy-z-ue-7092245793885120a.html\" class=\"teaser-inline\" rel=\"nofollow noopener\" target=\"_blank\">  <img decoding=\"async\" src=\"https:\/\/www.europesays.com\/pl\/wp-content\/uploads\/2025\/11\/MTE0YWZhYjUkUi9kdRNvIGcKez4zSmF2MBJjdXVZf2x1SHYxMwQoJiBANnk9GjgkJEcpeSoEYjU1WXYha0cpPTZANTYjRyg5J1U9.jpeg\" width=\"0\" height=\"0\" loading=\"lazy\" class=\"wp-media-image cropped\" alt=\"Francuscy rolnicy zapowiadaj\u0105 protesty. Nie chc\u0105 nowej umowy w ramach UE\"\/><\/p>\n<p>Francuscy rolnicy zapowiadaj\u0105 protesty. Nie chc\u0105 nowej umowy w ramach UE<\/p>\n<p><\/a> <\/p>\n<p>&#8211; Dla nas najwa\u017cniejsze jest to, \u017ce projekt idzie teraz zwyk\u0142\u0105 \u015bcie\u017ck\u0105 i\u00a0b\u0119dziemy mogli przedstawi\u0107 poprawki do hamulca bezpiecze\u0144stwa &#8211;\u00a0podkre\u015bli\u0142 Jo\u0144ski. Jak powiedzia\u0142, jest to efekt zabieg\u00f3w delegacji polskich i\u00a0francuskich europos\u0142\u00f3w w\u00a0grupie EPL.<\/p>\n<p>Co zmieni umowa z\u00a0blokiem Mercosur? <\/p>\n<p><a href=\"https:\/\/www.money.pl\/gospodarka\/przelom-ws-umowy-ue-a-krajami-mercosur-sprzeciw-polski-nie-przyniosl-efektu-7100377992190624a.html\" rel=\"noopener noreferrer nofollow\" target=\"_blank\">Porozumienie mi\u0119dzy Uni\u0105 Europejsk\u0105 a\u00a0blokiem Mercosur<\/a>, obejmuj\u0105cym Argentyn\u0119, Brazyli\u0119, Paragwaj, Boliwi\u0119 i\u00a0Urugwaj, zak\u0142ada wprowadzenie preferencji celnych dla wybranych produkt\u00f3w rolnych pochodz\u0105cych z\u00a0tych kraj\u00f3w, takich jak wo\u0142owina, dr\u00f3b, nabia\u0142, cukier i\u00a0etanol. <\/p>\n<p> <img role=\"presentation\" class=\"absolute left-1\/2 top-1\/2 max-h-[80%] max-w-[100px] -translate-x-1\/2 -translate-y-1\/2\" src=\"https:\/\/v.wpimg.pl\/ZXJfd3AudTkrBBIAbg54LGhcRlAxHQUrPgJGH2MAeGJoSQ1eIBI_K2UHAEVuBTY5KQMMXC0RPyoVERQdMgM9ejc\" loading=\"lazy\" decoding=\"async\"\/> <a href=\"https:\/\/www.money.pl\/gospodarka\/wniosek-o-skierowanie-umowy-z-mercosurem-do-tsue-odrzucony-nastapilo-przerazenie-7223218396293632a.html\" class=\"teaser-inline\" rel=\"nofollow noopener\" target=\"_blank\">  <img decoding=\"async\" src=\"https:\/\/www.europesays.com\/pl\/wp-content\/uploads\/2025\/11\/NGU1YTQwYSY0Uy9nfgxsM3cLez04VWJlIBNjdn5GfH9lSXYyOBsrNTBBNno2BTs3NEYpeiEbYSYlWHYiYFgqLiZBNTUoWCsqN1Q9.jpeg\" width=\"0\" height=\"0\" loading=\"lazy\" class=\"wp-media-image cropped\" alt=\"Wniosek o skierowanie umowy z Mercosurem do TSUE odrzucony. &quot;Nast\u0105pi\u0142o przera\u017cenie&quot;\"\/><\/p>\n<p>Wniosek o skierowanie umowy z Mercosurem do TSUE odrzucony. &#8222;Nast\u0105pi\u0142o przera\u017cenie&#8221;<\/p>\n<p><\/a> <\/p>\n<p>Dzi\u0119ki mechanizmowi hamulca bezpiecze\u0144stwa mo\u017cliwe b\u0119dzie czasowe wycofanie powy\u017cszych preferencji w\u00a0przypadku gwa\u0142townego wzrostu importu lub spadku cen. Protestuj\u0105cy przeciwko porozumieniu wskazuj\u0105 m.in., \u017ce ze wzgl\u0119du na ni\u017csze koszty produkcji importowane produkty uderz\u0105 finansowo w\u00a0europejskich rolnik\u00f3w.<\/p>\n<p>Umowa ma r\u00f3wnie\u017c otworzy\u0107 rynki pa\u0144stw Mercosur na produkty przemys\u0142u europejskiego, w\u00a0tym sektor motoryzacyjny.<\/p>\n","protected":false},"excerpt":{"rendered":"Europejska Partia Ludowa (EPL) we wtorek wycofa\u0142a w\u00a0Parlamencie Europejskim wniosek o\u00a0rozpatrzenie w\u00a0trybie pilnym tzw. hamulca bezpiecze\u0144stwa do umowy&hellip;\n","protected":false},"author":2,"featured_media":117718,"comment_status":"","ping_status":"","sticky":false,"template":"","format":"standard","meta":{"footnotes":""},"categories":[14],"tags":[32,33,27,34,35,28,31,25,40,41,80,29,30,26,82,83,84],"class_list":{"0":"post-117717","1":"post","2":"type-post","3":"status-publish","4":"format-standard","5":"has-post-thumbnail","7":"category-swiat","8":"tag-breaking-news","9":"tag-breakingnews","10":"tag-headlines","11":"tag-latest-news","12":"tag-latestnews","13":"tag-naglowki","14":"tag-najwazniejsze-artykuly","15":"tag-news","16":"tag-polish","17":"tag-polski","18":"tag-swiat","19":"tag-top-stories","20":"tag-topstories","21":"tag-wiadomosci","22":"tag-world","23":"tag-world-news","24":"tag-worldnews"},"share_on_mastodon":{"url":"https:\/\/pubeurope.com\/@pl\/115610785540757007","error":""},"_links":{"self":[{"href":"https:\/\/www.europesays.com\/pl\/wp-json\/wp\/v2\/posts\/117717","targetHints":{"allow":["GET"]}}],"collection":[{"href":"https:\/\/www.europesays.com\/pl\/wp-json\/wp\/v2\/posts"}],"about":[{"href":"https:\/\/www.europesays.com\/pl\/wp-json\/wp\/v2\/types\/post"}],"author":[{"embeddable":true,"href":"https:\/\/www.europesays.com\/pl\/wp-json\/wp\/v2\/users\/2"}],"replies":[{"embeddable":true,"href":"https:\/\/www.europesays.com\/pl\/wp-json\/wp\/v2\/comments?post=117717"}],"version-history":[{"count":0,"href":"https:\/\/www.europesays.com\/pl\/wp-json\/wp\/v2\/posts\/117717\/revisions"}],"wp:featuredmedia":[{"embeddable":true,"href":"https:\/\/www.europesays.com\/pl\/wp-json\/wp\/v2\/media\/117718"}],"wp:attachment":[{"href":"https:\/\/www.europesays.com\/pl\/wp-json\/wp\/v2\/media?parent=117717"}],"wp:term":[{"taxonomy":"category","embeddable":true,"href":"https:\/\/www.europesays.com\/pl\/wp-json\/wp\/v2\/categories?post=117717"},{"taxonomy":"post_tag","embeddable":true,"href":"https:\/\/www.europesays.com\/pl\/wp-json\/wp\/v2\/tags?post=117717"}],"curies":[{"name":"wp","href":"https:\/\/api.w.org\/{rel}","templated":true}]}}