{"id":117721,"date":"2025-11-25T14:23:07","date_gmt":"2025-11-25T14:23:07","guid":{"rendered":"https:\/\/www.europesays.com\/pl\/117721\/"},"modified":"2025-11-25T14:23:07","modified_gmt":"2025-11-25T14:23:07","slug":"prof-antoni-dudek-uderza-w-karola-nawrockiego-ostrzega-przed-jednym","status":"publish","type":"post","link":"https:\/\/www.europesays.com\/pl\/117721\/","title":{"rendered":"Prof. Antoni Dudek uderza w Karola Nawrockiego. Ostrzega przed jednym"},"content":{"rendered":"<p class=\"ods-c-paragraph \">Polski historyk i politolog <a href=\"https:\/\/wiadomosci.onet.pl\/prof-antoni-dudek-historyk\" id=\"060a0c1b-c3ba-49ac-b8dc-657980970b8a\" rel=\"nofollow noopener\" target=\"_blank\">prof. Antoni Dudek<\/a> pojawi\u0142 si\u0119 w poniedzia\u0142ek wieczorem w programie &#8222;Kropka nad i&#8221; stacji TVN24. Ekspert odni\u00f3s\u0142 si\u0119 w nim do niedawnych s\u0142\u00f3w Karola Nawrockiego, kt\u00f3re prezydent wypowiedzia\u0142 podczas obchod\u00f3w <a href=\"https:\/\/wiadomosci.onet.pl\/swieto-niepodleglosci\" id=\"4818e450-43ff-4f1a-8bcf-58b443d9c9c0\" rel=\"nofollow noopener\" target=\"_blank\">\u015awi\u0119ta Niepodleg\u0142o\u015bci<\/a>.<\/p>\n<blockquote class=\"ods-o-quota\">\n<p class=\"ods-o-quota__paragraph\">Widzimy, \u017ce cz\u0119\u015b\u0107 polskich polityk\u00f3w gotowa jest do tego, aby po kawa\u0142ku oddawa\u0107 polsk\u0105 wolno\u015b\u0107, niepodleg\u0142o\u015b\u0107 i suwerenno\u015b\u0107 obcym instytucjom, trybuna\u0142om, obcym agendom Unii Europejskiej<\/p>\n<\/blockquote>\n<p class=\"ods-c-paragraph \">\u2014 m\u00f3wi\u0142 11 listopada <a href=\"https:\/\/wiadomosci.onet.pl\/karol-nawrocki-prezydent\" id=\"b654ad53-7032-437c-8903-ad27f9a84393\" rel=\"nofollow noopener\" target=\"_blank\">Karol Nawrocki<\/a>, dodaj\u0105c, \u017ce jako prezydent Polski &#8222;nigdy nie pozwoli, aby\u015bmy zn\u00f3w stali si\u0119 pawiem i papug\u0105 narod\u00f3w, bezwolnie powtarzaj\u0105c\u0105 to, co przychodzi z Zachodu&#8221;.<\/p>\n<p class=\"ods-c-paragraph \">Prezydent zaznaczy\u0142 w\u00f3wczas, \u017ce jest zwolennikiem Polski w Unii Europejskiej, ale dla niego najwa\u017cniejsze s\u0105 niepodleg\u0142o\u015b\u0107 i suwerenno\u015b\u0107 jego kraju.<\/p>\n<p>Dalszy ci\u0105g artyku\u0142u pod materia\u0142em wideo<\/p>\n<p> Kim jest Antoni Dudek? <\/p>\n<p> Co powiedzia\u0142 Karol Nawrocki podczas \u015awi\u0119ta Niepodleg\u0142o\u015bci? <\/p>\n<p> Jakie zagro\u017cenie wskazuje Antoni Dudek? <\/p>\n<p> Co s\u0105dzi Antoni Dudek o polityce zagranicznej Nawrockiego? <\/p>\n<p>  Prof. Antoni Dudek o s\u0142owach Karola Nawrockiego. &#8222;Eurosceptyk&#8221;<\/p>\n<p class=\"ods-c-paragraph \">Prof. Antoni Dudek stwierdzi\u0142, \u017ce te s\u0142owa prezydenta s\u0105 elementem narracji, &#8222;kt\u00f3r\u0105 znamy z kampanii prezydenckiej&#8221;.<\/p>\n<blockquote class=\"ods-o-quota\">\n<p class=\"ods-o-quota__paragraph\">On jest, nazwijmy go, eurosceptykiem [&#8230;]. Karol Nawrocki jest jednym z tych polityk\u00f3w, kt\u00f3rzy przygotowuj\u0105, \u015bwiadomie lub nie, nie wiem do ko\u0144ca, jaki jest stan \u015bwiadomo\u015bci prezydenta Nawrockiego, ale polexit. To trzeba powiedzie\u0107 jasno i otwarcie<\/p>\n<\/blockquote>\n<p class=\"ods-c-paragraph \">\u2014 m\u00f3wi\u0142 w programie prof. Antoni Dudek, twierdz\u0105c, \u017ce je\u015bli tego typu narracja b\u0119dzie si\u0119 pot\u0119gowa\u0142a, mo\u017ce doj\u015b\u0107 do pr\u00f3by &#8222;przeprowadzenia polexitu w perspektywie prze\u0142omu tej i nast\u0119pnej dekady&#8221;.<\/p>\n<p class=\"ods-c-paragraph \">Prof. Antoni Dudek zaznaczy\u0142, \u017ce prezydenta nie da si\u0119 &#8222;zupe\u0142nie wy\u0142\u0105czy\u0107 z polityki zagranicznej [&#8230;] z powodu tych uprawnie\u0144, kt\u00f3re daje mu konstytucja&#8221;.<\/p>\n<blockquote class=\"ods-o-quota\">\n<p class=\"ods-o-quota__paragraph\">I na tym polega niestety nieszcz\u0119\u015bcie naszego systemu politycznego, \u017ce mamy dwug\u0142ow\u0105 egzekutyw\u0119<\/p>\n<\/blockquote>\n<p class=\"ods-c-paragraph \">\u2014 stwierdzi\u0142 ekspert.<\/p>\n","protected":false},"excerpt":{"rendered":"Polski historyk i politolog prof. Antoni Dudek pojawi\u0142 si\u0119 w poniedzia\u0142ek wieczorem w programie &#8222;Kropka nad i&#8221; stacji&hellip;\n","protected":false},"author":2,"featured_media":117722,"comment_status":"","ping_status":"","sticky":false,"template":"","format":"standard","meta":{"footnotes":""},"categories":[5],"tags":[13070,32,33,25463,36,37,27,43,49,34,35,28,31,48,25,46,42,38,25464,40,39,41,47,29,30,86,26],"class_list":{"0":"post-117721","1":"post","2":"type-post","3":"status-publish","4":"format-standard","5":"has-post-thumbnail","7":"category-naglowki","8":"tag-antoni_dudek","9":"tag-breaking-news","10":"tag-breakingnews","11":"tag-eurosceptycyzm","12":"tag-featured-news","13":"tag-featurednews","14":"tag-headlines","15":"tag-karol_nawrocki","16":"tag-kraj","17":"tag-latest-news","18":"tag-latestnews","19":"tag-naglowki","20":"tag-najwazniejsze-artykuly","21":"tag-nat_styl","22":"tag-news","23":"tag-omp","24":"tag-pl","25":"tag-poland","26":"tag-polexit","27":"tag-polish","28":"tag-polska","29":"tag-polski","30":"tag-screening_general","31":"tag-top-stories","32":"tag-topstories","33":"tag-unia_europejska","34":"tag-wiadomosci"},"share_on_mastodon":{"url":"https:\/\/pubeurope.com\/@pl\/115610793112474619","error":""},"_links":{"self":[{"href":"https:\/\/www.europesays.com\/pl\/wp-json\/wp\/v2\/posts\/117721","targetHints":{"allow":["GET"]}}],"collection":[{"href":"https:\/\/www.europesays.com\/pl\/wp-json\/wp\/v2\/posts"}],"about":[{"href":"https:\/\/www.europesays.com\/pl\/wp-json\/wp\/v2\/types\/post"}],"author":[{"embeddable":true,"href":"https:\/\/www.europesays.com\/pl\/wp-json\/wp\/v2\/users\/2"}],"replies":[{"embeddable":true,"href":"https:\/\/www.europesays.com\/pl\/wp-json\/wp\/v2\/comments?post=117721"}],"version-history":[{"count":0,"href":"https:\/\/www.europesays.com\/pl\/wp-json\/wp\/v2\/posts\/117721\/revisions"}],"wp:featuredmedia":[{"embeddable":true,"href":"https:\/\/www.europesays.com\/pl\/wp-json\/wp\/v2\/media\/117722"}],"wp:attachment":[{"href":"https:\/\/www.europesays.com\/pl\/wp-json\/wp\/v2\/media?parent=117721"}],"wp:term":[{"taxonomy":"category","embeddable":true,"href":"https:\/\/www.europesays.com\/pl\/wp-json\/wp\/v2\/categories?post=117721"},{"taxonomy":"post_tag","embeddable":true,"href":"https:\/\/www.europesays.com\/pl\/wp-json\/wp\/v2\/tags?post=117721"}],"curies":[{"name":"wp","href":"https:\/\/api.w.org\/{rel}","templated":true}]}}