{"id":117727,"date":"2025-11-25T14:26:13","date_gmt":"2025-11-25T14:26:13","guid":{"rendered":"https:\/\/www.europesays.com\/pl\/117727\/"},"modified":"2025-11-25T14:26:13","modified_gmt":"2025-11-25T14:26:13","slug":"poco-x8-pro-ujawnia-kolejne-elementy-specyfikacji","status":"publish","type":"post","link":"https:\/\/www.europesays.com\/pl\/117727\/","title":{"rendered":"POCO X8 Pro ujawnia kolejne elementy specyfikacji"},"content":{"rendered":"<p class=\"lead\" style=\"--editable-content-color: #d1cbc7;--original-color: #000000;--original-background-color: #ffffff\">Do sieci wyciekaj\u0105 kolejne potwierdzenia specyfikacji POCO X8 Pro, kt\u00f3ry zdaje si\u0119 by\u0107 tym samym, co Redmi Turbo 5. Tym razem chodzi o to, jak zasilany, a raczej czym zasilany b\u0119dzie telefon. Bateria robi wra\u017cenie? Zdecydowanie, chocia\u017c nie tak du\u017ce, jak konkurencyjne rozwi\u0105zania.<\/p>\n<p style=\"--original-color: #333333;--original-background-color: #ffffff\">Nowe informacje o POCO X8 Pro znowu przeciekaj\u0105, tym razem ujawniaj\u0105c to, jak du\u017c\u0105 bateri\u0119 ma posiada\u0107 nowy telefon marki. Przyjrzyjmy si\u0119 w takim razie, co takiego wiemy o tym nadchodz\u0105cym modelu, bo potencjalnie wiemy wiele.<\/p>\n<p>POCO X8 Pro z potwierdzeniem pojemno\u015bci baterii<\/p>\n<p style=\"--original-color: #333333;--original-background-color: #ffffff\">Nowy telefon tego producenta z Pa\u0144stwa \u015arodka ma oferowa\u0107 akumulator o pojemno\u015bci 6500 mAh, co zosta\u0142o potwierdzone w bazie certyfikuj\u0105cej tego typu urz\u0105dzenia przed premier\u0105. Czy taki rozmiar ogniwa robi wra\u017cenie? Patrz\u0105c na flagowce Samsunga, Apple, czy Google \u2014 z pewno\u015bci\u0105 tak. W stosunku do konkurencji z Chin nie jest to ju\u017c jednak tak niesamowity wynik.<\/p>\n<p><a style=\"--link-color: #75b6ea !important;--link-color-hover: #90c4ee !important;--link-color-active: #71b3ea !important;--visited-color: #a075ea !important;--visited-color-hover: #b390ee !important;--visited-color-active: #9d71ea !important;--original-color: #000000\" href=\"https:\/\/www.gsmmaniak.pl\/wp-content\/uploads\/gsmmaniak\/2025\/09\/redmi-5-turbo-pro.jpg\" rel=\"nofollow noopener\" target=\"_blank\"><img loading=\"lazy\" decoding=\"async\" aria-describedby=\"caption-attachment-1601048\" class=\"size-medium wp-image-1601048\" style=\"--link-color: #75b6ea !important;--link-color-hover: #90c4ee !important;--link-color-active: #71b3ea !important;--visited-color: #a075ea !important;--visited-color-hover: #b390ee !important;--visited-color-active: #9d71ea !important;--original-color: #000000\" src=\"https:\/\/www.europesays.com\/pl\/wp-content\/uploads\/2025\/11\/redmi-5-turbo-pro-medium.jpg\" alt=\"Redmi Turbo 5 Pro\" width=\"500\" height=\"500\"   itemprop=\"image\" \/><\/a><\/p>\n<p id=\"caption-attachment-1601048\" class=\"wp-caption-text\">Redmi Turbo 5 Pro \/ fot. Gizchina<\/p>\n<p style=\"--original-color: #333333;--original-background-color: #ffffff\">Pr\u00f3cz tego, potwierdzi\u0142o si\u0119, \u017ce wspierane ma by\u0107 przez niego 100 W \u0142adowanie przewodowe. Takie po\u0142\u0105czenie b\u0119dzie zdecydowanie przyjemniejsze, ni\u017celi to, co oferuj\u0105 wspomniane ju\u017c wcze\u015bniej flagowce. Wiemy tak\u017ce o tym, \u017ce jego premiera jest naprawd\u0119 blisko, a najprawdopodobniej odb\u0119dzie si\u0119 pocz\u0105tkiem przysz\u0142ego roku, jeszcze w styczniu.<\/p>\n<p>Czy to b\u0119dzie globalna wersja Redmi Turbo 5?<\/p>\n<p style=\"--original-color: #333333;--original-background-color: #ffffff\">Co z reszt\u0105 specyfikacji? M\u00f3wi si\u0119 o tym, \u017ce nowy POCO mo\u017ce by\u0107 bratem bli\u017aniakiem smartfona, kt\u00f3ry widzicie poni\u017cej. Ten z kolei nap\u0119dzany ma by\u0107 przez procesor MediaTek Dimensity 8500-Ultra, z \u2014 jak na razie \u2014 niewiadom\u0105 ilo\u015bci\u0105 pami\u0119ci operacyjnej, czy wewn\u0119trznej.<\/p>\n<p><a style=\"--link-color: #75b6ea !important;--link-color-hover: #90c4ee !important;--link-color-active: #71b3ea !important;--visited-color: #a075ea !important;--visited-color-hover: #b390ee !important;--visited-color-active: #9d71ea !important;--original-color: #000000\" href=\"https:\/\/www.gsmmaniak.pl\/wp-content\/uploads\/gsmmaniak\/2025\/09\/redmi-5-turbo-pro-specyfikacja.jpg\" rel=\"nofollow noopener\" target=\"_blank\"><img loading=\"lazy\" decoding=\"async\" aria-describedby=\"caption-attachment-1601047\" class=\"size-medium wp-image-1601047\" style=\"--link-color: #75b6ea !important;--link-color-hover: #90c4ee !important;--link-color-active: #71b3ea !important;--visited-color: #a075ea !important;--visited-color-hover: #b390ee !important;--visited-color-active: #9d71ea !important;--original-color: #000000\" src=\"https:\/\/www.europesays.com\/pl\/wp-content\/uploads\/2025\/10\/redmi-5-turbo-pro-specyfikacja-medium.jpg\" alt=\"Redmi Turbo 5 Pro\" width=\"500\" height=\"500\"   \/><\/a><\/p>\n<p id=\"caption-attachment-1601047\" class=\"wp-caption-text\">Redmi Turbo 5 Pro \/ fot. Gizchina<\/p>\n<p style=\"--original-color: #333333;--original-background-color: #ffffff\">Wiemy jednak o ekranie, kt\u00f3ry ma mie\u0107 przek\u0105tn\u0105 6,67\u2033, rozdzielczo\u015b\u0107 FHD+ oraz by\u0107 panelem OLED LTPS. W kontek\u015bcie wykonania b\u0119dziemy mogli liczy\u0107 na metalow\u0105 ramk\u0119. Jedyna r\u00f3\u017cnica to bateria, gdzie w przypadku Redmi spodziewany jest akumulator oko\u0142o 7000 mAh, czyli troch\u0119 wi\u0119kszy. C\u00f3\u017c mo\u017cna wi\u0119cej powiedzie\u0107 \u2014 trzeba czeka\u0107, na kolejne przecieki, czy oficjalne zapowiedzi od producenta, kt\u00f3re zapewne b\u0119d\u0105 odbywa\u0107 si\u0119 ju\u017c po nowym roku.<\/p>\n<p style=\"--original-color: #333333;--original-background-color: #ffffff\">\u0179r\u00f3d\u0142o: <a style=\"--editable-content-background-color: #081e2b;--link-color: #5e9ced !important;--link-color-hover: #7aadf0 !important;--link-color-active: #5e9ced !important;--visited-color: #9464e8 !important;--visited-color-hover: #a67eec !important;--visited-color-active: #9464e8 !important;--original-color: #000000;--original-background-color: #bfe6ff\" href=\"https:\/\/www.gizmochina.com\/2025\/11\/23\/poco-x8-pro-6500mah-100w-sgs-certification\/\" rel=\"nofollow noopener\" target=\"_blank\">Gizmochina<\/a>, opracowanie w\u0142asne<\/p>\n","protected":false},"excerpt":{"rendered":"Do sieci wyciekaj\u0105 kolejne potwierdzenia specyfikacji POCO X8 Pro, kt\u00f3ry zdaje si\u0119 by\u0107 tym samym, co Redmi Turbo&hellip;\n","protected":false},"author":2,"featured_media":117728,"comment_status":"","ping_status":"","sticky":false,"template":"","format":"standard","meta":{"footnotes":""},"categories":[20],"tags":[120,118,119,42,38,40,39,41,116,114,115,121,117],"class_list":{"0":"post-117727","1":"post","2":"type-post","3":"status-publish","4":"format-standard","5":"has-post-thumbnail","7":"category-nauka-i-technika","8":"tag-nauka","9":"tag-nauka-i-technika","10":"tag-naukatechnika","11":"tag-pl","12":"tag-poland","13":"tag-polish","14":"tag-polska","15":"tag-polski","16":"tag-science","17":"tag-science-and-technology","18":"tag-sciencetechnology","19":"tag-technika","20":"tag-technology"},"share_on_mastodon":{"url":"https:\/\/pubeurope.com\/@pl\/115610805194805867","error":""},"_links":{"self":[{"href":"https:\/\/www.europesays.com\/pl\/wp-json\/wp\/v2\/posts\/117727","targetHints":{"allow":["GET"]}}],"collection":[{"href":"https:\/\/www.europesays.com\/pl\/wp-json\/wp\/v2\/posts"}],"about":[{"href":"https:\/\/www.europesays.com\/pl\/wp-json\/wp\/v2\/types\/post"}],"author":[{"embeddable":true,"href":"https:\/\/www.europesays.com\/pl\/wp-json\/wp\/v2\/users\/2"}],"replies":[{"embeddable":true,"href":"https:\/\/www.europesays.com\/pl\/wp-json\/wp\/v2\/comments?post=117727"}],"version-history":[{"count":0,"href":"https:\/\/www.europesays.com\/pl\/wp-json\/wp\/v2\/posts\/117727\/revisions"}],"wp:featuredmedia":[{"embeddable":true,"href":"https:\/\/www.europesays.com\/pl\/wp-json\/wp\/v2\/media\/117728"}],"wp:attachment":[{"href":"https:\/\/www.europesays.com\/pl\/wp-json\/wp\/v2\/media?parent=117727"}],"wp:term":[{"taxonomy":"category","embeddable":true,"href":"https:\/\/www.europesays.com\/pl\/wp-json\/wp\/v2\/categories?post=117727"},{"taxonomy":"post_tag","embeddable":true,"href":"https:\/\/www.europesays.com\/pl\/wp-json\/wp\/v2\/tags?post=117727"}],"curies":[{"name":"wp","href":"https:\/\/api.w.org\/{rel}","templated":true}]}}