{"id":117743,"date":"2025-11-25T14:36:29","date_gmt":"2025-11-25T14:36:29","guid":{"rendered":"https:\/\/www.europesays.com\/pl\/117743\/"},"modified":"2025-11-25T14:36:29","modified_gmt":"2025-11-25T14:36:29","slug":"sensacyjny-wynik-nawrockiego-blisko-historycznego-rekordu","status":"publish","type":"post","link":"https:\/\/www.europesays.com\/pl\/117743\/","title":{"rendered":"Sensacyjny wynik Nawrockiego. Blisko historycznego rekordu"},"content":{"rendered":"\n<p>&#13;<br \/>\nNowe informacje o\u00a0zaufaniu dla\u00a0g\u0142owy pa\u0144stwa przynosi sonda\u017c IBRiS, przeprowadzony na\u00a0zlecenie Onetu. Serwis donosi o\u00a0sensacji: &#8222;Karol Nawrocki osi\u0105ga rekordowy wynik i\u00a0zbli\u017ca si\u0119 do\u00a0historycznego maksimum&#8221;. &#13;\n<\/p>\n<p>Sonda\u017c: Nawrocki blisko rekordu wszech czas\u00f3w<\/p>\n<p>&#13;<br \/>\nZ badania wynika, \u017ce\u00a0prezydent cieszy si\u0119 obecnie zaufaniem 51,8 proc. Polak\u00f3w. To\u00a0wzrost a\u017c\u00a0o\u00a04,9 pkt. proc. w\u00a0por\u00f3wnaniu do\u00a0pa\u017adziernikowego pomiaru tej pracowni. Brak zaufania do\u00a0g\u0142owy pa\u0144stwa deklaruje 41,9 proc. uczestnik\u00f3w badania. Oboj\u0119tny stosunek do\u00a0niego ma\u00a0za\u015b 6,3 proc. respondent\u00f3w. &#13;\n<\/p>\n<p>&#13;<br \/>\n&#8222;Tym samym polityk osi\u0105ga sw\u00f3j nowy rekordowy wynik spo\u0142ecznego poparcia w\u00a0historii pomiar\u00f3w IBRiS dla\u00a0Onetu. Niewiele brakuje mu do\u00a0rekordu wszech czas\u00f3w, kt\u00f3ry ustanowi\u0142 Szymon Ho\u0142ownia w\u00a0styczniu 2024\u00a0r. Jako \u015bwie\u017co upieczony marsza\u0142ek Sejmu zdoby\u0142 wtedy 54,4 proc. zaufania&#8221; \u2013\u00a0czytamy. &#13;\n<\/p>\n<p>Zaskakuj\u0105cy debiut na\u00a0podium<\/p>\n<p>&#13;<br \/>\nZa Karolem Nawrockim z\u00a0wynikiem 40,3 proc. uplasowa\u0142 si\u0119 wicepremier, minister spraw zagranicznych Rados\u0142aw Sikorski. Taki wynik oznacza spadek o\u00a03,5 pkt. proc. Brak zaufania do\u00a0szefa MSZ deklaruje 49,8 proc. pytanych, a\u00a0neutralny stosunek \u2013\u00a09,6 proc. &#13;\n<\/p>\n<p>&#13;<br \/>\nNa podium debiutuje nowy marsza\u0142ek Sejmu. W\u0142odzimierzowi Czarzastemu ufa obecnie 39,6 proc. ankietowanych. To\u00a0oznacza, \u017ce\u00a0lider Nowej Lewicy zyska\u0142 w\u00a0stosunku do\u00a0poprzedniego badania 7,6 pkt. proc. To\u00a0najwi\u0119kszy awans. Czarzasty wyprzedzi\u0142 bowiem a\u017c\u00a0siedmiu polityk\u00f3w. Brak zaufania do\u00a0tego polityka deklaruje 47 proc. respondent\u00f3w, a\u00a0neutralny stosunek \u201313 proc. &#13;\n<\/p>\n<p>&#13;<br \/>\nTu\u017c za\u00a0podium znalaz\u0142 si\u0119 wicepremier i\u00a0szef MON W\u0142adys\u0142aw Kosiniak-Kamysz, kt\u00f3remu ufa 37,7 proc. ankietowanych (spadek o\u00a00,6 pkt. proc.). Na\u00a0kolejnym miejscu uplasowa\u0142 si\u0119 premier Donald Tusk, kt\u00f3remu ufa 37,4 proc. pytanych (wzrost o\u00a01,8 pkt. proc.). &#13;\n<\/p>\n<p>&#13;<br \/>\nW pierwszej dziesi\u0105tce znalaz\u0142 si\u0119 te\u017c Mateusz Morawiecki \u2013\u00a037 proc., kt\u00f3ry zanotowa\u0142 spory wzrost poparcia (+ 3,7 proc) i\u00a0w\u015br\u00f3d polityk\u00f3w PiS jest w\u00a0rankingu numerem jeden, a\u00a0dodatkowo wygrywa pojedynek z\u00a0przedstawicielami Konfederacji. Na\u00a0dalszych miejscach uplasowali si\u0119 Krzysztof Bosak \u2013\u00a035,2 proc., Piotr Zgorzelski \u2013\u00a034,3 proc., Krzysztof Gawkowski\u2013 29,8 proc. i\u00a0S\u0142awomir Mentzen\u2013 28,8 proc. &#13;\n<\/p>\n<p>Komu Polacy ufaj\u0105 najmniej?<\/p>\n<p>&#13;<br \/>\nJe\u015bli chodzi o\u00a0brak zaufania, najwy\u017csze wska\u017aniki uzyskali Grzegorz Braun \u2013\u00a063,9 proc. oraz\u00a0Donald Tusk \u2013\u00a059 proc. Przewag\u0119 ocen negatywnych obserwujemy r\u00f3wnie\u017c u\u00a0prezesa PiS Jaros\u0142awa Kaczy\u0144skiego \u2013\u00a056,4 proc. &#13;\n<\/p>\n<p>&#13;<br \/>\nSonda\u017c Instytutu Bada\u0144 Rynkowych i\u00a0Spo\u0142ecznych (IBRiS) dla\u00a0Onetu zosta\u0142 zrealizowany w\u00a0dniach 21-22 listopada 2025\u00a0r. metod\u0105 telefonicznych, standaryzowanych wywiad\u00f3w kwestionariuszowych wspomaganych komputerowo (CATI) na\u00a0pr\u00f3bie badawczej 1,1 tys. doros\u0142ych Polak\u00f3w. &#13;\n<\/p>\n<p>&#13;<br \/>\nCzytaj te\u017c:<br \/><a href=\"https:\/\/dorzeczy.pl\/kraj\/810657\/morawiecki-winny-kryzysu-w-pis-szukaja-winnego-i-nowej-drogi-programowej.html\" rel=\"follow nofollow noopener\" data-schema=\"DORZECZY\" data-image=\"https:\/\/img.dorzeczy.pl\/_thumb\/92\/6a\/5719143223bc36abd1d397a497a7.jpeg\" target=\"_blank\">W PiS rosn\u0105 emocje. &#8222;Co\u015b jest powodem kryzysu zaufania&#8221;<\/a>Czytaj te\u017c:<br \/><a href=\"https:\/\/dorzeczy.pl\/sondaz\/810561\/czy-polska-2050-powinna-miec-wicepremiera-polacy-podzieleni.html\" rel=\"follow nofollow noopener\" data-schema=\"DORZECZY\" data-image=\"https:\/\/img.dorzeczy.pl\/_thumb\/a8\/a2\/8edxx2273a3a46f8ec9efaa09468.jpeg\" target=\"_blank\">Czy Polska 2050 powinna mie\u0107 wicepremiera? Polacy podzieleni<\/a>Czytaj te\u017c:<br \/><a href=\"https:\/\/dorzeczy.pl\/kraj\/810183\/sondaz-polacy-wskazali-najlepsza-pierwsza-dame-zdecydowana-faworytka.html\" rel=\"follow nofollow noopener\" data-schema=\"DORZECZY\" data-image=\"https:\/\/img.dorzeczy.pl\/_thumb\/48\/af\/d729e375a8cc4cf7362a767f42b9.jpeg\" target=\"_blank\">Polacy wskazali najlepsz\u0105 pierwsz\u0105 dam\u0119<\/a>&#13;<\/p>\n","protected":false},"excerpt":{"rendered":"&#13; Nowe informacje o\u00a0zaufaniu dla\u00a0g\u0142owy pa\u0144stwa przynosi sonda\u017c IBRiS, przeprowadzony na\u00a0zlecenie Onetu. Serwis donosi o\u00a0sensacji: &#8222;Karol Nawrocki osi\u0105ga&hellip;\n","protected":false},"author":2,"featured_media":117744,"comment_status":"","ping_status":"","sticky":false,"template":"","format":"standard","meta":{"footnotes":""},"categories":[12],"tags":[333,32,33,98,36,37,27,690,49,34,35,28,31,25,103,42,38,40,39,41,366,29,30,26,22820],"class_list":{"0":"post-117743","1":"post","2":"type-post","3":"status-publish","4":"format-standard","5":"has-post-thumbnail","7":"category-polska","8":"tag-anna-skalska","9":"tag-breaking-news","10":"tag-breakingnews","11":"tag-dorzeczy","12":"tag-featured-news","13":"tag-featurednews","14":"tag-headlines","15":"tag-karol-nawrocki","16":"tag-kraj","17":"tag-latest-news","18":"tag-latestnews","19":"tag-naglowki","20":"tag-najwazniejsze-artykuly","21":"tag-news","22":"tag-obserwator-mediow","23":"tag-pl","24":"tag-poland","25":"tag-polish","26":"tag-polska","27":"tag-polski","28":"tag-sondaz","29":"tag-top-stories","30":"tag-topstories","31":"tag-wiadomosci","32":"tag-wlodzimierz-czarzasty"},"share_on_mastodon":{"url":"https:\/\/pubeurope.com\/@pl\/115610844188980923","error":""},"_links":{"self":[{"href":"https:\/\/www.europesays.com\/pl\/wp-json\/wp\/v2\/posts\/117743","targetHints":{"allow":["GET"]}}],"collection":[{"href":"https:\/\/www.europesays.com\/pl\/wp-json\/wp\/v2\/posts"}],"about":[{"href":"https:\/\/www.europesays.com\/pl\/wp-json\/wp\/v2\/types\/post"}],"author":[{"embeddable":true,"href":"https:\/\/www.europesays.com\/pl\/wp-json\/wp\/v2\/users\/2"}],"replies":[{"embeddable":true,"href":"https:\/\/www.europesays.com\/pl\/wp-json\/wp\/v2\/comments?post=117743"}],"version-history":[{"count":0,"href":"https:\/\/www.europesays.com\/pl\/wp-json\/wp\/v2\/posts\/117743\/revisions"}],"wp:featuredmedia":[{"embeddable":true,"href":"https:\/\/www.europesays.com\/pl\/wp-json\/wp\/v2\/media\/117744"}],"wp:attachment":[{"href":"https:\/\/www.europesays.com\/pl\/wp-json\/wp\/v2\/media?parent=117743"}],"wp:term":[{"taxonomy":"category","embeddable":true,"href":"https:\/\/www.europesays.com\/pl\/wp-json\/wp\/v2\/categories?post=117743"},{"taxonomy":"post_tag","embeddable":true,"href":"https:\/\/www.europesays.com\/pl\/wp-json\/wp\/v2\/tags?post=117743"}],"curies":[{"name":"wp","href":"https:\/\/api.w.org\/{rel}","templated":true}]}}