{"id":117800,"date":"2025-11-25T15:12:22","date_gmt":"2025-11-25T15:12:22","guid":{"rendered":"https:\/\/www.europesays.com\/pl\/117800\/"},"modified":"2025-11-25T15:12:22","modified_gmt":"2025-11-25T15:12:22","slug":"exodus-papszuna-do-legii-to-podpalanie-polskiej-pilki","status":"publish","type":"post","link":"https:\/\/www.europesays.com\/pl\/117800\/","title":{"rendered":"Exodus Papszuna do Legii to podpalanie polskiej pi\u0142ki"},"content":{"rendered":"<p>Marek Papszun jeszcze dwa lata temu by\u0142 powa\u017cnie rozpatrywany jako kandydat na selekcjonera reprezentacji Polski. Co wi\u0119cej, pi\u0142karski nar\u00f3d sta\u0142 za nim murem, ale Cezary Kulesza postawi\u0142 na Micha\u0142a Probierza. Wiadomo, koszula bli\u017csza cia\u0142u.<\/p>\n<p>\u00a0<\/p>\n<p>Dlaczego kibice woleli Papszuna? Bo urzek\u0142a ich jego charyzma, kult pracy, rz\u0105dy twardej r\u0119ki w szatni i trzymanie si\u0119 z dala od dziwnych uk\u0142ad\u00f3w.<\/p>\n<p>\u00a0<\/p>\n<p>ZOBACZ TAK\u017bE: <a href=\"https:\/\/www.polsatsport.pl\/wiadomosc\/2025-11-23\/rozgardiasz-mozliwy-do-unikniecia\/\" target=\"_blank\" rel=\"noopener noreferrer nofollow\">Iwanow: Rozgardiasz. Mo\u017cliwy do unikni\u0119cia<\/a><\/p>\n<p>Legia mog\u0142a wzi\u0105\u0107 Papszuna, ale postawi\u0142a na Feio<\/p>\n<p>Pan Marek by\u0142 przecie\u017c do wzi\u0119cia od lipca 2023 r. do maja 2024 r. W kwietniu 2024 r. Legia rozsta\u0142a si\u0119 z Kost\u0105 Runjaiciem, ale zamiast Papszuna, wola\u0142a wzi\u0105\u0107 Goncalo Feio, czym tylko rozbuja\u0142a karuzel\u0119 z trenerskimi zmianami. Po Portugalczyku nie ma ju\u017c \u015bladu przy \u0141azienkowskiej, podobnie jak po Rumunie Edwardzie Iordanescu.<\/p>\n<p>\u00a0<\/p>\n<p>Dramatyczne b\u0142\u0119dy, brak konsekwencji, strategii, kt\u00f3re zast\u0119puje chwil\u00f3wka w zarz\u0105dzaniu sportem w Legii, doprowadzi\u0142y j\u0105 do stanu op\u0142akanego. Spad\u0142a warto\u015b\u0107 pi\u0142karzy, pikuje zesp\u00f3\u0142 w tabeli. Strata pi\u0119ciu punkt\u00f3w w dwumeczu z ekipami ze strefy spadkowej \u2013 pora\u017cka z Bruk Betem Termalic\u0105 Nieciecza i remis z Lechi\u0105 Gda\u0144sk, spowodowa\u0142y, \u017ce Legia ma tylko dwa punkty nad stref\u0105 spadkow\u0105. Ton\u0105cy brzytwy si\u0119 chwyta, wi\u0119c sygna\u0142 SOS klub Dariusza Mioduskiego wysy\u0142a w kierunku Marka Papszuna.<\/p>\n<p>\u00a0<\/p>\n<p>Najbardziej mnie zaskakuje, \u017ce trener Papszun podejmuje wyzwanie, jest got\u00f3w w listopadzie opu\u015bci\u0107 okr\u0119t, kt\u00f3remu kapitanuje, by przenie\u015b\u0107 si\u0119 do wi\u0119kszego i bardziej medialnego. Wygl\u0105da to dosy\u0107 niezr\u0119cznie i jest niepokoj\u0105cym sygna\u0142em dla ewentualnym przysz\u0142ych pracodawc\u00f3w tego trenera: &#8222;Musimy uwa\u017ca\u0107, bo nas zostawi w dowolnym momencie, gdy zg\u0142osi si\u0119 kto\u015b, kto da wi\u0119cej&#8221;.<\/p>\n<p>\u00a0<\/p>\n<p>Zdumiewaj\u0105ca jest r\u00f3\u017cnica w odbiorze. Ewentualna rejterada Papszuna z Cz\u0119stochowy do Warszawy przyjmowana jest jako co\u015b naturalnego. Gdy Paulo Sousa zdecydowa\u0142 si\u0119 na opuszczenie Polski, bo w Brazylii Flamengo p\u0142aci\u0142o znacznie lepiej, a na dodatek ze swoim szefem m\u00f3g\u0142 swobodnie porozmawia\u0107, bez po\u015brednictwa t\u0142umacza, powszechnie zosta\u0142 okrzykni\u0119ty zdrajc\u0105.<\/p>\n<p>W Rakowie mocn\u0105 pozycj\u0119 trenerowi gwarantuje w\u0142a\u015bciciel. W Legii nie ma o tym mowy<\/p>\n<p>Dziwi\u0119 si\u0119 te\u017c z innego powodu. Marek Papszun to znacz\u0105ca marka, kt\u00f3ra piecz\u0105tk\u0119 jako\u015bci wyrobi\u0142a w Rakowie. W sporej mierze tak\u017ce dzi\u0119ki warunkom, jakie dosta\u0142 od Micha\u0142a \u015awierczewskiego. \u015awierczewski odni\u00f3s\u0142 sukces w biznesie r\u00f3wnie\u017c dlatego, \u017ce ma \u015bwiadomo\u015b\u0107, jak wielkie znaczenie odgrywa lider ka\u017cdego projektu. Tak\u017ce tego w sporcie. W szatni &#8222;Medalik\u00f3w&#8221; obowi\u0105zywa\u0142a zasada &#8222;Nie ma bog\u00f3w cudzych przed Markiem Papszunem&#8221;. Nieraz Rak\u00f3w by\u0142 w stanie wymieni\u0107 niemal ca\u0142\u0105 dru\u017cyn\u0119, by zostawi\u0107 tylko tych, kt\u00f3rzy s\u0105 na ka\u017cdy rozkaz dow\u00f3dcy. I tylko to doprowadzi\u0142o do sukces\u00f3w. Ma\u0142y klub, bez nowoczesnej infrastruktury, sta\u0142 si\u0119 krajow\u0105 pot\u0119g\u0105. Synonimem stabilizacji. Gdy\u017c opiera\u0142 si\u0119 na dw\u00f3ch filarach: \u015awierczewski i Papszun.<\/p>\n<p>\u00a0<\/p>\n<p>Przecie\u017c jest jasne jak s\u0142o\u0144ce, \u017ce w Legii pan Marek nie dosta\u0142by nawet pi\u0119ciu procent cierpliwo\u015bci i zaufania, jakie dawa\u0142y mu komfort w Cz\u0119stochowie.<\/p>\n<p>Dwie znacz\u0105ce zmiany PZPN-u, kt\u00f3re budz\u0105 sprzeciw i kontrowersje\u00a0<\/p>\n<p>Warto si\u0119 przyjrze\u0107 tak\u017ce, w jakim kierunku ostatnio pod\u0105\u017ca zmiana przepis\u00f3w w PZPN-ie. W lutym tego roku zapad\u0142a decyzja o likwidacji przepisu o konieczno\u015bci gry m\u0142odzie\u017cowca do lat 21, co spowodowa\u0142o, \u017ce \u015brednia wieku naszych ligowc\u00f3w drastycznie posz\u0142a w g\u00f3r\u0119. W niekt\u00f3rych klubach zbli\u017ca si\u0119 do &#8222;trzydziestki&#8221;. Dla por\u00f3wnania, w ekstraklasie Chorwacji to ledwie 24,4 roku. Jednocze\u015bnie PZPN macha na sztandarze sukcesami reprezentacji do lat 21 Jerzego Brz\u0119czka, ale ci pi\u0142karze dojrzewali w\u0142a\u015bnie w cieplarnianych warunkach starego, dobrego ProJunior System. Rzecz jasna, interes naszych m\u0142odzie\u017cowc\u00f3w rzucono na stos, w ramach kie\u0142basy wyborczej.<\/p>\n<p>\u00a0<\/p>\n<p>W lipcu PZPN zdecydowa\u0142, \u017ce trener mo\u017ce zmieni\u0107 klub w ramach tej samej ligi raz w rundzie. Wiceprezesem naszej federacji jest w\u0142a\u015bciciel Legii Dariusz Mioduski, kt\u00f3ry teraz chce z ligowego konkurenta wy\u0142owi\u0107 trenera. Czy tu nie zachodzi konflikt interes\u00f3w? Naprawd\u0119 tak chcemy budowa\u0107 powa\u017cn\u0105 pi\u0142k\u0119? Naprawd\u0119 Legia nie mog\u0142a poczeka\u0107 do 1 stycznia, by na zasadach zdrowego rozs\u0105dku, wobec otwartego zimowego okna transferowego, zatrudni\u0107 Marka Papszuna? Komu by przeszkadza\u0142a taka normalno\u015b\u0107, zamiast szerzonego nihilizmu?<\/p>\n<p>\u00a0<\/p>\n<p>Federacja zas\u0142ania si\u0119 interesem trener\u00f3w, by ci nie pozostawali zbyt d\u0142ugo bez pracy. Ale przecie\u017c kontrakt i tak gwarantuj\u0119 im wynagrodzenie! Poza tym mo\u017cliwo\u015b\u0107 zmiany miejsca pracy w tej samej rundzie, oznacza pozbawienie jej innego szkoleniowca. Zatem to przelewanie z pustego w pr\u00f3\u017cne! Ta argumentacja zwi\u0105zku nie trzyma si\u0119 logiki.<\/p>\n<p><a class=\"news__read-more-button\" href=\"https:\/\/www.polsatsport.pl\/\" rel=\"nofollow noopener\" target=\"_blank\">Przejd\u017a na Polsatsport.pl<\/a><\/p>\n","protected":false},"excerpt":{"rendered":"Marek Papszun jeszcze dwa lata temu by\u0142 powa\u017cnie rozpatrywany jako kandydat na selekcjonera reprezentacji Polski. Co wi\u0119cej, pi\u0142karski&hellip;\n","protected":false},"author":2,"featured_media":117801,"comment_status":"","ping_status":"","sticky":false,"template":"","format":"standard","meta":{"footnotes":""},"categories":[5],"tags":[32,33,36,37,27,34,35,28,31,25,42,38,40,39,41,29,30,26],"class_list":{"0":"post-117800","1":"post","2":"type-post","3":"status-publish","4":"format-standard","5":"has-post-thumbnail","7":"category-naglowki","8":"tag-breaking-news","9":"tag-breakingnews","10":"tag-featured-news","11":"tag-featurednews","12":"tag-headlines","13":"tag-latest-news","14":"tag-latestnews","15":"tag-naglowki","16":"tag-najwazniejsze-artykuly","17":"tag-news","18":"tag-pl","19":"tag-poland","20":"tag-polish","21":"tag-polska","22":"tag-polski","23":"tag-top-stories","24":"tag-topstories","25":"tag-wiadomosci"},"share_on_mastodon":{"url":"https:\/\/pubeurope.com\/@pl\/115610985932330424","error":""},"_links":{"self":[{"href":"https:\/\/www.europesays.com\/pl\/wp-json\/wp\/v2\/posts\/117800","targetHints":{"allow":["GET"]}}],"collection":[{"href":"https:\/\/www.europesays.com\/pl\/wp-json\/wp\/v2\/posts"}],"about":[{"href":"https:\/\/www.europesays.com\/pl\/wp-json\/wp\/v2\/types\/post"}],"author":[{"embeddable":true,"href":"https:\/\/www.europesays.com\/pl\/wp-json\/wp\/v2\/users\/2"}],"replies":[{"embeddable":true,"href":"https:\/\/www.europesays.com\/pl\/wp-json\/wp\/v2\/comments?post=117800"}],"version-history":[{"count":0,"href":"https:\/\/www.europesays.com\/pl\/wp-json\/wp\/v2\/posts\/117800\/revisions"}],"wp:featuredmedia":[{"embeddable":true,"href":"https:\/\/www.europesays.com\/pl\/wp-json\/wp\/v2\/media\/117801"}],"wp:attachment":[{"href":"https:\/\/www.europesays.com\/pl\/wp-json\/wp\/v2\/media?parent=117800"}],"wp:term":[{"taxonomy":"category","embeddable":true,"href":"https:\/\/www.europesays.com\/pl\/wp-json\/wp\/v2\/categories?post=117800"},{"taxonomy":"post_tag","embeddable":true,"href":"https:\/\/www.europesays.com\/pl\/wp-json\/wp\/v2\/tags?post=117800"}],"curies":[{"name":"wp","href":"https:\/\/api.w.org\/{rel}","templated":true}]}}