{"id":117810,"date":"2025-11-25T15:17:07","date_gmt":"2025-11-25T15:17:07","guid":{"rendered":"https:\/\/www.europesays.com\/pl\/117810\/"},"modified":"2025-11-25T15:17:07","modified_gmt":"2025-11-25T15:17:07","slug":"kradziez-w-luwrze-zatrzymano-czwartego-podejrzanego","status":"publish","type":"post","link":"https:\/\/www.europesays.com\/pl\/117810\/","title":{"rendered":"Kradzie\u017c w Luwrze. Zatrzymano czwartego podejrzanego"},"content":{"rendered":"<p class=\"ods-c-paragraph \">Jak doda\u0142 &#8222;Le Parisien&#8221;, ten domniemany sprawca by\u0142 w kontakcie z trzema innymi m\u0119\u017cczyznami, kt\u00f3rym ju\u017c postawiono zarzuty w sprawie kradzie\u017cy. By\u0142 tak\u017ce wcze\u015bniej znany policji.<\/p>\n<p>Dalszy ci\u0105g artyku\u0142u pod materia\u0142em wideo<\/p>\n<p> Kiedy mia\u0142a miejsce kradzie\u017c w Luwrze? <\/p>\n<p> Ilu m\u0119\u017cczyzn dotychczas zatrzymano? <\/p>\n<p> Jakie przedmioty zostawili przest\u0119pcy podczas rabunku? <\/p>\n<p> Co zrabowali sprawcy w Luwrze? <\/p>\n<p>  Zuchwa\u0142a kradzie\u017c w Luwrze<\/p>\n<p class=\"ods-c-paragraph \">Do rabunku dosz\u0142o w niedziel\u0119 19 pa\u017adziernika podczas otwarcia paryskiego muzeum. Sprawcy przyjechali na skuterze i przedostali si\u0119 do Luwru od strony Sekwany, z miejsca, w kt\u00f3rym trwaj\u0105 prace budowlane. Wykorzystali zewn\u0119trzn\u0105 wind\u0119 towarow\u0105, by wej\u015b\u0107 przez okna, po czym zrabowali klejnoty z witryny i uciekli.<\/p>\n<p class=\"ods-c-paragraph \">Na miejscu rabunku i w pobli\u017cu uciekaj\u0105cy pozostawili w po\u015bpiechu kilka przedmiot\u00f3w, m.in.: kask, r\u0119kawiczki, pomara\u0144czow\u0105 kamizelk\u0119, kt\u00f3rej u\u017cyli, podszywaj\u0105c si\u0119 pod robotnik\u00f3w, kr\u00f3tkofal\u00f3wk\u0119, pojemnik z \u0142atwopaln\u0105 ciecz\u0105. <a href=\"https:\/\/wiadomosci.onet.pl\/swiat\/kradziez-w-luwrze-klejnot-porzucony-podczas-ucieczki\/m2dmggy\" id=\"a6f84e1c-ec6e-4cef-be76-a7b35cd7fb78\" rel=\"nofollow noopener\" target=\"_blank\">Zgubili tak\u017ce jeden ze zrabowanych przedmiot\u00f3w \u2014 koron\u0119 cesarzowej Eugenii, \u017cony Napoleona III<\/a>. W 2008 r. Luwr kupi\u0142 j\u0105 za 6,72 mln euro.<\/p>\n<p class=\"ods-c-paragraph \">Przest\u0119pcy pozostawili na ulicy pojazd, kt\u00f3rym si\u0119 pos\u0142u\u017cyli \u2014 ci\u0119\u017car\u00f3wk\u0119 z wysi\u0119gnikiem. Ustalono dot\u0105d, \u017ce zosta\u0142a ona skradziona w departamencie Dolina Oise, w ma\u0142ej miejscowo\u015bci o nazwie Louvres.<\/p>\n<p class=\"ods-c-paragraph \">\u015aledczy nadal szukaj\u0105 zrabowanych klejnot\u00f3w, a tak\u017ce pr\u00f3buj\u0105 zidentyfikowa\u0107 ewentualnych zleceniodawc\u00f3w tej zuchwa\u0142ej kradzie\u017cy.<\/p>\n","protected":false},"excerpt":{"rendered":"Jak doda\u0142 &#8222;Le Parisien&#8221;, ten domniemany sprawca by\u0142 w kontakcie z trzema innymi m\u0119\u017cczyznami, kt\u00f3rym ju\u017c postawiono zarzuty&hellip;\n","protected":false},"author":2,"featured_media":117811,"comment_status":"","ping_status":"","sticky":false,"template":"","format":"standard","meta":{"footnotes":""},"categories":[14],"tags":[32,33,96,27,1247,34,35,16343,28,31,48,25,46,895,40,41,47,80,29,30,26,82,83,84],"class_list":{"0":"post-117810","1":"post","2":"type-post","3":"status-publish","4":"format-standard","5":"has-post-thumbnail","7":"category-swiat","8":"tag-breaking-news","9":"tag-breakingnews","10":"tag-francja","11":"tag-headlines","12":"tag-kradziez","13":"tag-latest-news","14":"tag-latestnews","15":"tag-luwr_muzeum","16":"tag-naglowki","17":"tag-najwazniejsze-artykuly","18":"tag-nat_styl","19":"tag-news","20":"tag-omp","21":"tag-paryz","22":"tag-polish","23":"tag-polski","24":"tag-screening_general","25":"tag-swiat","26":"tag-top-stories","27":"tag-topstories","28":"tag-wiadomosci","29":"tag-world","30":"tag-world-news","31":"tag-worldnews"},"share_on_mastodon":{"url":"","error":""},"_links":{"self":[{"href":"https:\/\/www.europesays.com\/pl\/wp-json\/wp\/v2\/posts\/117810","targetHints":{"allow":["GET"]}}],"collection":[{"href":"https:\/\/www.europesays.com\/pl\/wp-json\/wp\/v2\/posts"}],"about":[{"href":"https:\/\/www.europesays.com\/pl\/wp-json\/wp\/v2\/types\/post"}],"author":[{"embeddable":true,"href":"https:\/\/www.europesays.com\/pl\/wp-json\/wp\/v2\/users\/2"}],"replies":[{"embeddable":true,"href":"https:\/\/www.europesays.com\/pl\/wp-json\/wp\/v2\/comments?post=117810"}],"version-history":[{"count":0,"href":"https:\/\/www.europesays.com\/pl\/wp-json\/wp\/v2\/posts\/117810\/revisions"}],"wp:featuredmedia":[{"embeddable":true,"href":"https:\/\/www.europesays.com\/pl\/wp-json\/wp\/v2\/media\/117811"}],"wp:attachment":[{"href":"https:\/\/www.europesays.com\/pl\/wp-json\/wp\/v2\/media?parent=117810"}],"wp:term":[{"taxonomy":"category","embeddable":true,"href":"https:\/\/www.europesays.com\/pl\/wp-json\/wp\/v2\/categories?post=117810"},{"taxonomy":"post_tag","embeddable":true,"href":"https:\/\/www.europesays.com\/pl\/wp-json\/wp\/v2\/tags?post=117810"}],"curies":[{"name":"wp","href":"https:\/\/api.w.org\/{rel}","templated":true}]}}