{"id":117824,"date":"2025-11-25T15:26:21","date_gmt":"2025-11-25T15:26:21","guid":{"rendered":"https:\/\/www.europesays.com\/pl\/117824\/"},"modified":"2025-11-25T15:26:21","modified_gmt":"2025-11-25T15:26:21","slug":"sniezyca-niebawem-sparalizuje-polske-spadnie-powyzej-20-cm-sniegu-pogoda-2","status":"publish","type":"post","link":"https:\/\/www.europesays.com\/pl\/117824\/","title":{"rendered":"\u015anie\u017cyca niebawem sparali\u017cuje Polsk\u0119. Spadnie powy\u017cej 20 cm \u015bniegu [POGODA]"},"content":{"rendered":"<p class=\"Paragraph_desktopParagraph__U31Gm\">Pod \u015bniegiem aktualnie znajduje si\u0119 g\u0142\u00f3wnie po\u0142udniowo-wschodnia Polska, gdzie bardzo mocno sypa\u0142o w weekend. Obecnie nap\u0142yn\u0119\u0142o do nas jednak nieco cieplejsze powietrze. Temperatura zacz\u0119\u0142a przekracza\u0107 0 st. C, a \u015bnieg zamieni\u0142 si\u0119 w deszcz. <a href=\"https:\/\/wiadomosci.onet.pl\/pogoda\/dzis-w-pogodzie-nie-unikniemy-zamieszania-nadchodzi-niz-genuenski\/kf0cg3p\" id=\"6d84fe28-6fb4-4a76-844d-85163be3b5f6\" rel=\"nofollow noopener\" target=\"_blank\">Tak b\u0119dzie dzi\u015b przez wi\u0119kszo\u015b\u0107 dnia.<\/a> Zapowiadamy dodatni\u0105 temperatur\u0119, a na \u015bwie\u017cy \u015bnieg, poza g\u00f3rami, nie ma szans. To zmieni si\u0119 w nocy, gdy zacznie wraca\u0107 ch\u0142\u00f3d.<\/p>\n<p>Mo\u017ce spa\u015b\u0107 nawet ponad 20 cm \u015bniegu. Do Polski sunie silna \u015bnie\u017cyca <\/p>\n<p class=\"Paragraph_desktopParagraph__U31Gm\">Do \u015brodowego poranka zima zaatakuje w pasie od Suwalszczyzny i Mazur po ziemi\u0119 \u0142\u00f3dzk\u0105, wschodni\u0105 i \u015brodkow\u0105 Wielkopolsk\u0119, \u015al\u0105sk oraz zachodni\u0105 Ma\u0142opolsk\u0119. Temperatura spadnie tam do ok. 0 st. C i zacznie sypa\u0107 g\u0119sty, mokry <a href=\"https:\/\/wiadomosci.onet.pl\/snieg\" id=\"b67073be-09c2-4d0b-9372-70496e01b425\" rel=\"nofollow noopener\" target=\"_blank\">\u015bnieg<\/a>, okresami intensywnie. W czasie opad\u00f3w widzialno\u015b\u0107 zostanie ograniczona zaledwie do kilkuset metr\u00f3w. Pada\u0107 nie powinno na Pomorzu, a na Podkarpaciu i Roztoczu, gdzie utrzyma si\u0119 wysoka temperatura (nawet do 5-7 st. C), nie zabraknie deszczu.<\/p>\n<p class=\"VideoPlayerText_videoPlayerText__iDwyz\">Dalszy ci\u0105g materia\u0142u pod wideo<\/p>\n<p class=\"Paragraph_desktopParagraph__U31Gm\">\u015anie\u017cyce czekaj\u0105 nas te\u017c w \u015brod\u0119 w ci\u0105gu dnia, ale nie zmieni\u0105 za bardzo swojego po\u0142o\u017cenia. Intensywny \u015bnieg pojawi si\u0119 w woj. dolno\u015bl\u0105skim, opolskim, \u015bl\u0105skim, \u0142\u00f3dzkim i warmi\u0144sko-mazurskim, na p\u00f3\u0142nocy podlaskiego, zachodzie mazowieckiego i ma\u0142opolskiego oraz wschodzie wielkopolskiego i kujawsko-pomorskiego. Niewykluczone, \u017ce opady utrzymaj\u0105 si\u0119 tam a\u017c do czwartkowego poranka i dopiero p\u00f3\u017aniej zaczn\u0105 s\u0142abn\u0105\u0107. W zwi\u0105zku z tym, \u017ce pada\u0107 ma przy stabilnej temperaturze ok. 0 st. C, bia\u0142y puch si\u0119 utrzyma, a przy tym b\u0119dzie mokry i ci\u0119\u017cki. W innych regionach zapowiadamy du\u017co mniej opad\u00f3w.<\/p>\n<ul class=\"OchatFollowUps_wrapper__1ry7X\">\n<li class=\"OchatFollowUps_item__Dhyly OchatFollowUps_itemDesktop__R6aBv\">Gdzie najbardziej sypnie \u015bnieg?<\/li>\n<li class=\"OchatFollowUps_item__Dhyly OchatFollowUps_itemDesktop__R6aBv\">Jakie temperatury b\u0119d\u0105 w Polsce?<\/li>\n<li class=\"OchatFollowUps_item__Dhyly OchatFollowUps_itemDesktop__R6aBv\">Kiedy opady maj\u0105 si\u0119 zako\u0144czy\u0107?<\/li>\n<li class=\"OchatFollowUps_item__Dhyly OchatFollowUps_itemDesktop__R6aBv\">Jakie utrudnienia komunikacyjne mog\u0105 wyst\u0105pi\u0107?<\/li>\n<\/ul>\n<p><img decoding=\"async\" class=\"Image_image__0tuHp Image_autoHeight__f2n87 \" height=\"587\" width=\"839\" src=\"https:\/\/www.europesays.com\/pl\/wp-content\/uploads\/2025\/11\/IHmk9kpTURBXy83NTkzYTJmMmUxNDY5MmZhNGE1ZGI2MTM0NjA4NjU1NS5wbmeSlQLNA6wAwsOVAgDNAkvCw94AA6EwAaExAaEzw.jpeg\" alt=\"G\u0142\u00f3wna \u015bnie\u017cyca przejdzie w pasie od p\u00f3\u0142nocnego wschodu po centrum i po\u0142udniowy zach\u00f3d\" loading=\"lazy\" \/>wxcharts<\/p>\n<p>G\u0142\u00f3wna \u015bnie\u017cyca przejdzie w pasie od p\u00f3\u0142nocnego wschodu po centrum i po\u0142udniowy zach\u00f3d<\/p>\n<p class=\"Paragraph_desktopParagraph__U31Gm\">Obecne prognozy wskazuj\u0105, \u017ce w rejonach podg\u00f3rskich \u015al\u0105ska w nieco ponad dob\u0119 mo\u017ce spa\u015b\u0107 nawet 20-25 cm \u015bniegu. Od Dolnego \u015al\u0105ska i Opolszczyzny po wschodni\u0105 Wielkopolsk\u0119, ziemi\u0119 \u0142\u00f3dzk\u0105, Mazury i Suwalszczyzn\u0119 zapowiadamy 10-20 cm \u015bwie\u017cego \u015bniegu, a na G\u00f3rnym \u015al\u0105sku, zachodzie Ma\u0142opolski, Kielecczyzny i Mazowsza oraz w \u015brodkowej cz\u0119\u015bci Wielkopolski od 5 do 12 cm.<\/p>\n<p><img decoding=\"async\" class=\"Image_image__0tuHp Image_autoHeight__f2n87 \" height=\"587\" width=\"839\" src=\"https:\/\/www.europesays.com\/pl\/wp-content\/uploads\/2025\/11\/4Z5k9kpTURBXy8wMGQ3MWRkZGU0NzZiZWZmM2MzMjYzZDdhNTg5MGIwZS5wbmeSlQLNA6wAwsOVAgDNAkvCw94AA6EwAaExAaEzw.jpeg\" alt=\"Miejscami spadnie 10-20 cm \u015bniegu, a lokalnie jeszcze wi\u0119cej\" loading=\"lazy\" \/>wxcharts<\/p>\n<p>Miejscami spadnie 10-20 cm \u015bniegu, a lokalnie jeszcze wi\u0119cej<\/p>\n<p class=\"Paragraph_desktopParagraph__U31Gm\">Tak silne opady w kr\u00f3tkim czasie spowoduj\u0105, \u017ce warunki na drogach i chodnikach stan\u0105 si\u0119 bardzo trudne. Niewykluczone, \u017ce u podn\u00f3\u017ca g\u00f3r czy w wi\u0119kszych miastach dojdzie nawet do parali\u017cu komunikacyjnego. B\u0119dzie to jednak ostatni taki ni\u017c w najbli\u017cszym czasie. Dalsza cz\u0119\u015b\u0107 tygodnia przyniesie ju\u017c zupe\u0142nie inny typ <a href=\"https:\/\/wiadomosci.onet.pl\/pogoda\" id=\"a822dd03-ab62-40cd-a4d3-fb566d09fc90\" rel=\"nofollow noopener\" target=\"_blank\">pogody<\/a>, z du\u017co mniejsz\u0105 ilo\u015bci\u0105 opad\u00f3w.<\/p>\n<p><img decoding=\"async\" class=\"Image_image__0tuHp Image_autoHeight__f2n87 \" height=\"587\" width=\"839\" src=\"https:\/\/www.europesays.com\/pl\/wp-content\/uploads\/2025\/11\/X8yk9kpTURBXy9hMDEwNDA0YjhjZjI2ZWVhOWU2Y2VlNzQ5ZWFjNjY1ZS5wbmeSlQLNA6wAwsOVAgDNAkvCw94AA6EwAaExAaEzw.jpeg\" alt=\"Prognozowana suma opad\u00f3w w Polsce do czwartkowego poranka\" loading=\"lazy\" \/>wxcharts<\/p>\n<p>Prognozowana suma opad\u00f3w w Polsce do czwartkowego poranka<\/p>\n","protected":false},"excerpt":{"rendered":"Pod \u015bniegiem aktualnie znajduje si\u0119 g\u0142\u00f3wnie po\u0142udniowo-wschodnia Polska, gdzie bardzo mocno sypa\u0142o w weekend. Obecnie nap\u0142yn\u0119\u0142o do nas&hellip;\n","protected":false},"author":2,"featured_media":117825,"comment_status":"","ping_status":"","sticky":false,"template":"","format":"standard","meta":{"footnotes":""},"categories":[5],"tags":[32,33,36,37,27,67,34,35,6987,28,31,53,25,52,68,51,55,42,78,38,40,39,41,47,7312,29,30,65,50,26,7441],"class_list":{"0":"post-117824","1":"post","2":"type-post","3":"status-publish","4":"format-standard","5":"has-post-thumbnail","7":"category-naglowki","8":"tag-breaking-news","9":"tag-breakingnews","10":"tag-featured-news","11":"tag-featurednews","12":"tag-headlines","13":"tag-intextvideo_splayer","14":"tag-latest-news","15":"tag-latestnews","16":"tag-mroz","17":"tag-naglowki","18":"tag-najwazniejsze-artykuly","19":"tag-new_header","20":"tag-news","21":"tag-onet3","22":"tag-onet3d","23":"tag-onet3d_2i","24":"tag-phx","25":"tag-pl","26":"tag-pogoda","27":"tag-poland","28":"tag-polish","29":"tag-polska","30":"tag-polski","31":"tag-screening_general","32":"tag-snieg","33":"tag-top-stories","34":"tag-topstories","35":"tag-update_me","36":"tag-v2021","37":"tag-wiadomosci","38":"tag-zima"},"share_on_mastodon":{"url":"https:\/\/pubeurope.com\/@pl\/115611040925960261","error":""},"_links":{"self":[{"href":"https:\/\/www.europesays.com\/pl\/wp-json\/wp\/v2\/posts\/117824","targetHints":{"allow":["GET"]}}],"collection":[{"href":"https:\/\/www.europesays.com\/pl\/wp-json\/wp\/v2\/posts"}],"about":[{"href":"https:\/\/www.europesays.com\/pl\/wp-json\/wp\/v2\/types\/post"}],"author":[{"embeddable":true,"href":"https:\/\/www.europesays.com\/pl\/wp-json\/wp\/v2\/users\/2"}],"replies":[{"embeddable":true,"href":"https:\/\/www.europesays.com\/pl\/wp-json\/wp\/v2\/comments?post=117824"}],"version-history":[{"count":0,"href":"https:\/\/www.europesays.com\/pl\/wp-json\/wp\/v2\/posts\/117824\/revisions"}],"wp:featuredmedia":[{"embeddable":true,"href":"https:\/\/www.europesays.com\/pl\/wp-json\/wp\/v2\/media\/117825"}],"wp:attachment":[{"href":"https:\/\/www.europesays.com\/pl\/wp-json\/wp\/v2\/media?parent=117824"}],"wp:term":[{"taxonomy":"category","embeddable":true,"href":"https:\/\/www.europesays.com\/pl\/wp-json\/wp\/v2\/categories?post=117824"},{"taxonomy":"post_tag","embeddable":true,"href":"https:\/\/www.europesays.com\/pl\/wp-json\/wp\/v2\/tags?post=117824"}],"curies":[{"name":"wp","href":"https:\/\/api.w.org\/{rel}","templated":true}]}}