{"id":117836,"date":"2025-11-25T15:33:19","date_gmt":"2025-11-25T15:33:19","guid":{"rendered":"https:\/\/www.europesays.com\/pl\/117836\/"},"modified":"2025-11-25T15:33:19","modified_gmt":"2025-11-25T15:33:19","slug":"izabela-kuna-zalowala-swojego-pierwszego-slubu-dzis-tworzy-rzymskie-malzenstwo","status":"publish","type":"post","link":"https:\/\/www.europesays.com\/pl\/117836\/","title":{"rendered":"Izabela Kuna \u017ca\u0142owa\u0142a swojego pierwszego \u015blubu. Dzi\u015b tworzy &#8222;rzymskie ma\u0142\u017ce\u0144stwo&#8221;"},"content":{"rendered":"<p>Zanim urodzona w 1970 roku Izabela Kuna trafi\u0142a na nasze ekrany, min\u0119\u0142o sporo czasu, a ona sama w mi\u0119dzyczasie procowa\u0142a w Norwegii w ekipie remontowej, by\u0142a sprz\u0105czk\u0105 i opiekunk\u0105 dla dzieci. Co ciekawe, pracowa\u0142a tak\u017ce przez jaki\u015b czas jako prezenterka pogody w Polsacie i dopiero z czasem jej kariera teatralna i kinowa zacz\u0119\u0142a si\u0119 rozwija\u0107.\u00a0<\/p>\n<p>Na rozg\u0142os musia\u0142a troch\u0119 poczeka\u0107 &#8211; st\u0105d te\u017c wyjazd za granic\u0119, ale dzi\u0119ki temu zdecydowanie wytrenowa\u0142a swoj\u0105 cierpliwo\u015b\u0107 i pokor\u0119. W ko\u0144cu sukces nadszed\u0142 &#8211; role w takich filmach jak\u00a0<a href=\"https:\/\/film.interia.pl\/film-lejdis,fId,5952\" rel=\"nofollow noopener\" target=\"_blank\">&#8222;Lejdis&#8221; (200<\/a>8)\u00a0czy &#8222;Idealny facet dla mojej dziewczyny&#8221; przynios\u0142y jej popularno\u015b\u0107, a teatralna rola z 2004 roku w &#8222;\u0141ucji i jej dzieciach&#8221; zaowocowa\u0142a presti\u017cow\u0105 nagrod\u0105 Grand Prix na Festiwalu &#8222;Dwa Teatry&#8221;.\u00a0<\/p>\n<p>Ostatnie lata dla aktorki up\u0142yn\u0119\u0142y dla aktorki pod znakiem &#8222;Te\u015bci\u00f3w&#8221; &#8211; serii film\u00f3w, kt\u00f3ry z przymru\u017ceniem oka przygl\u0105da si\u0119 relacjom rodzinnym, a obok niej wyst\u0119puje m.in. Marcin Doroci\u0144ski, <a class=\"textLink\" href=\"https:\/\/film.interia.pl\/gwiazda-maja-ostaszewska,pId,773\" title=\"Maja Ostaszewska\" target=\"_blank\" rel=\"nofollow noopener\">Maja Ostaszewska<\/a> i Adam Woronowicz.\u00a0<\/p>\n<p>    &#13;<\/p>\n<ul class=\"embed-list\">&#13;<\/p>\n<li class=\"embed-article-item i1 item-full\" data-pos=\"1\" data-id=\"8040520\">&#13;\n<p>                <a class=\"embed-tile-thumb\" href=\"https:\/\/interia.hit.gemius.pl\/hitredir\/id=baCb8AslJNnZj2kUGPLkPMUF.tLBarst.iFIsOnSq33..7\/url=https%3A%2F%2Ffilm.interia.pl%2Fwiadomosci%2Fnews-zbyt-niesmialy-by-prosic-o-wiecej-nie-wierzyl-ze-ktos-po-nim%2CnId%2C8040520%23iwa_source%3Darticle_list%26parametr%3D1_a\" rel=\"nofollow noopener\" target=\"_blank\">&#13;<br \/>\n                        &#13;<br \/>\n                            &#13;<br \/>\n                                                            &#13;<br \/>\n                    <img decoding=\"async\" alt=\"Zbyt nie\u015bmia\u0142y, by prosi\u0107 o wi\u0119cej. Nie wierzy\u0142, \u017ce kto\u015b po nim zap\u0142acze \" src=\"https:\/\/www.europesays.com\/pl\/wp-content\/uploads\/2025\/11\/000AQ2SJE80BJUNQ-C459.webp.webp\" class=\"embed-tile-img img-responsive\" loading=\"lazy\"\/>&#13;<br \/>\n                &#13;<br \/>\n                    <\/a><\/p>\n<p>    &#13;\n                    <\/li>\n<p>&#13;\n                                    <\/ul>\n<p>&#13;<\/p>\n<p>W 2023 roku wyst\u0105pi\u0142a a\u017c w o\u015bmiu produkcjach, a serial &#8222;Morderczynie&#8221; okaza\u0142a si\u0119 niespodziewanym hitem Netfliksa.\u00a0<\/p>\n<p>Jak sama podkre\u015bla &#8211; aktorka nie traci terminu przydatno\u015bci w jakim\u015b wieku. Po prostu jej rola przeobra\u017ca si\u0119, ale nigdy nie znika.\u00a0<\/p>\n<p>&#8222;Te historie o kobietach dojrzalszych s\u0105 coraz bardziej atrakcyjne. Pokazuj\u0105, \u017ce kobieta nie umiera po pi\u0119\u0107dziesi\u0105tce, ale nadal jest wspania\u0142\u0105 osob\u0105, jak\u0105 by\u0142a w wieku dwudziestu lat. O tym nale\u017cy opowiada\u0107. Nie z powodu poprawno\u015bci politycznej, ale dlatego, \u017ce tak wygl\u0105da \u017cycie i to jest bardzo, bardzo ciekawe. Wydaje mi si\u0119, \u017ce trendy na \u015bwiecie szybciej do nas przychodz\u0105 i u nas te\u017c si\u0119 dzieje. Nie ma ju\u017c r\u00f3l wy\u0142\u0105cznie dla bardzo m\u0142odych dziewczyn, ale te\u017c dla takich starszych pa\u0144 jak ja. Z czego si\u0119 oczywi\u015bcie bardzo ciesz\u0119&#8221; &#8211;\u00a0<a href=\"https:\/\/swiatseriali.interia.pl\/newsy\/seriale\/morderczynie-1593\/news-morderczynie-izabela-kuna-interesuje-mnie-prawda-o-postaci-w,nId,6273409\" target=\"_blank\" rel=\"noreferrer noopener nofollow\">m\u00f3wi\u0142a w rozmowie z Interi\u0105 w 2022 roku.<\/a>\u00a0\u00a0  <\/p>\n<p>Do sporych sukces\u00f3w aktorki na pewno mo\u017cna zaliczy\u0107 stworzenie powie\u015bci, kt\u00f3ra sta\u0142a si\u0119 podstaw\u0105 serialu\u00a0<a href=\"https:\/\/swiatseriali.interia.pl\/newsy\/seriale\/klara-1720\" rel=\"nofollow noopener\" target=\"_blank\">&#8222;Klara&#8221;<\/a>, w kt\u00f3rym Izabela Kuna zagra\u0142a g\u0142\u00f3wn\u0105 rol\u0119. Tytu\u0142owa Klara to dziewczyna, jakich wiele mijamy ka\u017cdego dnia na ulicy, w sklepie czy na si\u0142owni. Czterdzieste urodziny ma ju\u017c za sob\u0105. Podobnie jak ma\u0142\u017ce\u0144stwo i pewno\u015b\u0107, \u017ce po &#8222;i \u017cyli d\u0142ugo, i szcz\u0119\u015bliwie&#8221; jest ci\u0105g dalszy, niekoniecznie z happy endem.\u00a0\u00a0<\/p>\n<p>Od kilkunastu lat jej serce bije i wariuje dla Aleksa (Adam Woronowicz) &#8211; niezbyt urodziwego prawnika, kt\u00f3ry ma jedn\u0105 wad\u0119 &#8211; \u017con\u0119! Serce jednak nie s\u0142uga. Na szcz\u0119\u015bcie s\u0105 jeszcze wspomagacze&#8230; I ten najwi\u0119kszy skarb\u00a0 &#8211; przyjaciele! Prawdziwi, sztuk dwie &#8211; Wronka (<a href=\"https:\/\/film.interia.pl\/gwiazda-katarzyna-warnke,pId,18161\" target=\"_blank\" rel=\"noreferrer noopener nofollow\">Katarzyna Warnke<\/a>) i Wojtek (<a href=\"https:\/\/film.interia.pl\/gwiazda-piotr-adamczyk,pId,2057\" target=\"_blank\" rel=\"noreferrer noopener nofollow\">Piotr Adamczyk<\/a>). Idealna ekipa do umierania i odradzania si\u0119 na nowo!\u00a0<\/p>\n<p>Otwarcie m\u00f3wi, \u017ce jest \u015bwiadoma swojej warto\u015bci.\u00a0<\/p>\n<p>&#8222;Jestem dobr\u0105 aktork\u0105, nawet bardzo. I jak mam dobry materia\u0142 i dobrego re\u017cysera, to potrafi\u0119 to zagra\u0107&#8221; &#8211; stwierdzi\u0142a w rozmowie z Kub\u0105 Wojew\u00f3dzkim.\u00a0<\/p>\n<p>Odtw\u00f3rczyni roli Joanny Gawe\u0142ek w serialu &#8222;Prosta sprawa&#8221; doskonale pami\u0119ta, \u017ce w m\u0142odo\u015bci marzy\u0142a tylko o jednym &#8211; by\u0107 kochan\u0105. Mia\u0142a jednak pewien problem:<\/p>\n<p>&#8222;Dop\u00f3ki ch\u0142opak mi si\u0119 podoba\u0142, to by\u0142 luz. Ale jak zauwa\u017cy\u0142am, \u017ce podobam si\u0119 jemu, to natychmiast traci\u0142am zainteresowanie nim&#8221; &#8211; opowiada\u0142a dziennikarce &#8222;Twojego Stylu&#8221;.\u00a0<\/p>\n<p>Izabela w ko\u0144cu spotka\u0142a m\u0119\u017cczyzn\u0119, kt\u00f3ry &#8211; tak si\u0119 jej wtedy wydawa\u0142o &#8211; zas\u0142ugiwa\u0142 na jej mi\u0142o\u015b\u0107. Aktor Dariusz Kurzelewski zawr\u00f3ci\u0142 jej w g\u0142owie tak mocno, \u017ce zdecydowa\u0142a si\u0119 wyj\u015b\u0107 za niego.\u00a0<\/p>\n<p>To by\u0142o wyj\u0105tkowo trudne do\u015bwiadczenie &#8211; na swoim pierwszym \u015blubie p\u0142aka\u0142a nie ze wzruszenia, lecz z poczucia, \u017ce ten zwi\u0105zek nie ma przysz\u0142o\u015bci. Jak sama wspomina, ju\u017c wtedy intuicyjnie czu\u0142a, \u017ce to nie by\u0142a jej droga.\u00a0\u00a0<\/p>\n<p>    &#13;<\/p>\n<ul class=\"embed-list\">&#13;<\/p>\n<li class=\"embed-article-item i1 item-full\" data-pos=\"1\" data-id=\"8036401\">&#13;\n<p>                <a class=\"embed-tile-thumb\" href=\"https:\/\/interia.hit.gemius.pl\/hitredir\/id=baCb8AslJNnZj2kUGPLkPMUF.tLBarst.iFIsOnSq33..7\/url=https%3A%2F%2Ffilm.interia.pl%2Fwiadomosci%2Fnews-kolejne-glosne-nazwisko-w-obsadzie-nowej-lalki-tylu-gwiazd-n%2CnId%2C8036401%23iwa_source%3Darticle_list%26parametr%3D2_a\" rel=\"nofollow noopener\" target=\"_blank\">&#13;<br \/>\n                        &#13;<br \/>\n                            &#13;<br \/>\n                                                            &#13;<br \/>\n                    <img decoding=\"async\" alt=\"Kolejne g\u0142o\u015bne nazwisko w obsadzie nowej &quot;Lalki&quot;. Tylu gwiazd nie mia\u0142 \u017caden polski film\" src=\"https:\/\/www.europesays.com\/pl\/wp-content\/uploads\/2025\/11\/000LV08YDPDSX8D8-C459.webp.webp\" class=\"embed-tile-img img-responsive\" loading=\"lazy\"\/>&#13;<br \/>\n                &#13;<br \/>\n                    <\/a><\/p>\n<p>    &#13;\n                    <\/li>\n<p>&#13;\n                                    <\/ul>\n<p>&#13;<\/p>\n<p>&#8222;Kiedy jako m\u0142oda dziewczyna bra\u0142am \u015blub, to w ko\u015bciele pr\u00f3bowa\u0142am sobie wyobrazi\u0107, jak si\u0119 zestarzej\u0119 z cz\u0142owiekiem, kt\u00f3rego w\u0142a\u015bnie po\u015blubia\u0142am. Wysila\u0142am si\u0119 i za nic nie widzia\u0142am nas razem. A\u017c si\u0119 pop\u0142aka\u0142am&#8221; &#8211; m\u00f3wi\u0142a w wywiadzie dla &#8222;Wysokich Obcas\u00f3w&#8221;.\u00a0  <\/p>\n<p>Ma\u0142\u017ce\u0144stwo Izabeli i Dariusza przetrwa\u0142o zaledwie par\u0119 lat.\u00a0<\/p>\n<p>&#8222;Nie powinnam wychodzi\u0107 za m\u0105\u017c, ale sta\u0142o si\u0119&#8221; &#8211; powiedzia\u0142a po latach &#8222;Twojemu Stylowi&#8221;, dodaj\u0105c, \u017ce na szcz\u0119\u015bcie po by\u0142ym m\u0119\u017cu zosta\u0142a jej cudowna &#8222;pami\u0105tka&#8221; w postaci c\u00f3rki Nadii.\u00a0<\/p>\n<p>Po jakim\u015b czasie aktorka zwi\u0105za\u0142a z Markiem Modzelewskim &#8211; re\u017cyserem, z kt\u00f3rym doczeka\u0142a si\u0119 narodzin syna Stanis\u0142awa. Obecnie okre\u015blaj\u0105 si\u0119 jak &#8222;rzymskie ma\u0142\u017ce\u0144stwo&#8221;, a szcz\u0119\u015bcia nie doszukuj\u0105 si\u0119 w akcie \u015blubu, a ca\u0142kowicie innych sferach \u017cycia.\u00a0<\/p>\n<p>Dzi\u015b z sentymentem wraca tak\u017ce do czas\u00f3w, gdy by\u0142a szale\u0144czo zakochana w\u00a0<a href=\"https:\/\/film.interia.pl\/gwiazda-bartlomiej-topa,pId,10620\" rel=\"nofollow noopener\" target=\"_blank\">Bart\u0142omieju Topie<\/a>, kt\u00f3ry w m\u0142odzie\u0144czych latach kompletnie zwraca\u0142 na ni\u0105 uwagi, a ona sama sta\u0142a si\u0119 z tego powodu po\u015bmiewiskiem w szkole. Obecnie \u017cartuje, \u017ce by\u0142o to &#8222;fatalne zauroczenie&#8221;, po kt\u00f3rym zosta\u0142a przyja\u017a\u0144. Uwielbia pracowa\u0107 z Bartkiem, uwa\u017ca go za wspania\u0142ego aktora. Zagrali razem m.in. w &#8222;Zje\u017adzie absolwent\u00f3w&#8221; b\u0119d\u0105cym jedn\u0105 z cz\u0119\u015bci cyklu &#8222;Planeta singli. Osiem historii&#8221; oraz w spektaklu &#8222;Ludzie inteligentni&#8221;, z kt\u00f3rym zjechali niemal ca\u0142\u0105 Polsk\u0119.\u00a0\u00a0\u00a0<\/p>\n<p>&#13;<br \/>\n    &#13;<br \/>\n            Wideo&#13;<\/p>\n<p>        &#13;<br \/>\n&#13;<br \/>\n    &#13;<br \/>\n        &#13;<br \/>\n                &#13;<\/p>\n<p>&#13;<br \/>\n                                        &#8222;Przepis na szcz\u0119\u015bcie&#8221; [trailer]&#13;<br \/>\n                                        materia\u0142y prasowe&#13;\n                    <\/p>\n<p>&#13;<\/p>\n","protected":false},"excerpt":{"rendered":"Zanim urodzona w 1970 roku Izabela Kuna trafi\u0142a na nasze ekrany, min\u0119\u0142o sporo czasu, a ona sama w&hellip;\n","protected":false},"author":2,"featured_media":117837,"comment_status":"","ping_status":"","sticky":false,"template":"","format":"standard","meta":{"footnotes":""},"categories":[5],"tags":[32,33,36,37,27,34,35,28,31,25,42,38,40,39,41,29,30,26],"class_list":{"0":"post-117836","1":"post","2":"type-post","3":"status-publish","4":"format-standard","5":"has-post-thumbnail","7":"category-naglowki","8":"tag-breaking-news","9":"tag-breakingnews","10":"tag-featured-news","11":"tag-featurednews","12":"tag-headlines","13":"tag-latest-news","14":"tag-latestnews","15":"tag-naglowki","16":"tag-najwazniejsze-artykuly","17":"tag-news","18":"tag-pl","19":"tag-poland","20":"tag-polish","21":"tag-polska","22":"tag-polski","23":"tag-top-stories","24":"tag-topstories","25":"tag-wiadomosci"},"share_on_mastodon":{"url":"https:\/\/pubeurope.com\/@pl\/115611068572520811","error":""},"_links":{"self":[{"href":"https:\/\/www.europesays.com\/pl\/wp-json\/wp\/v2\/posts\/117836","targetHints":{"allow":["GET"]}}],"collection":[{"href":"https:\/\/www.europesays.com\/pl\/wp-json\/wp\/v2\/posts"}],"about":[{"href":"https:\/\/www.europesays.com\/pl\/wp-json\/wp\/v2\/types\/post"}],"author":[{"embeddable":true,"href":"https:\/\/www.europesays.com\/pl\/wp-json\/wp\/v2\/users\/2"}],"replies":[{"embeddable":true,"href":"https:\/\/www.europesays.com\/pl\/wp-json\/wp\/v2\/comments?post=117836"}],"version-history":[{"count":0,"href":"https:\/\/www.europesays.com\/pl\/wp-json\/wp\/v2\/posts\/117836\/revisions"}],"wp:featuredmedia":[{"embeddable":true,"href":"https:\/\/www.europesays.com\/pl\/wp-json\/wp\/v2\/media\/117837"}],"wp:attachment":[{"href":"https:\/\/www.europesays.com\/pl\/wp-json\/wp\/v2\/media?parent=117836"}],"wp:term":[{"taxonomy":"category","embeddable":true,"href":"https:\/\/www.europesays.com\/pl\/wp-json\/wp\/v2\/categories?post=117836"},{"taxonomy":"post_tag","embeddable":true,"href":"https:\/\/www.europesays.com\/pl\/wp-json\/wp\/v2\/tags?post=117836"}],"curies":[{"name":"wp","href":"https:\/\/api.w.org\/{rel}","templated":true}]}}