{"id":117846,"date":"2025-11-25T15:38:10","date_gmt":"2025-11-25T15:38:10","guid":{"rendered":"https:\/\/www.europesays.com\/pl\/117846\/"},"modified":"2025-11-25T15:38:10","modified_gmt":"2025-11-25T15:38:10","slug":"wolodymyr-zelenski-apeluje-doeuropejskich-krajow-prosze-was-onet","status":"publish","type":"post","link":"https:\/\/www.europesays.com\/pl\/117846\/","title":{"rendered":"Wo\u0142odymyr Ze\u0142enski apeluje doeuropejskich kraj\u00f3w. &quot;Prosz\u0119 was&quot; &#8211; Onet"},"content":{"rendered":"<ol>\n<li><a href=\"https:\/\/news.google.com\/rss\/articles\/CBMiqwFBVV95cUxPTG92QW04aWVacV9zaHFnR1U0VURPNG9NVTNxUWdGWkhtRFpBblE4ekN6TEI0bTRjdDdmS2JYTnBRNDB5bGZrd0NQcl9jRzNjYnctNVg1OGhuZkdwR25BVzgxUlNsOW9DOXJiZlFBelJkWFB1UGl5Y3BZMWRqQ2twUlhLMUZFcW1LLU1ZVG1ja1huSFhjeEt4QnNyR0ljLXRtaS1SVGZuU1p1bHM?oc=5\" target=\"_blank\" rel=\"nofollow noopener\">Wo\u0142odymyr Ze\u0142enski apeluje doeuropejskich kraj\u00f3w. &#8222;Prosz\u0119 was&#8221;<\/a>&nbsp;&nbsp;Onet<\/li>\n<li><a href=\"https:\/\/news.google.com\/rss\/articles\/CBMiqgFBVV95cUxQSEZBTTU3Y0xZLXhNZXNGeGdmZXNUSFVYRzJFNmdoQ1h3X2U2LVRCTjZXanFfaHBzaTY4LWVycU93SWloYmlTcWNkRnRFRGZmU2M4N0NkSVhHTzQxenB4aTZZNk92NEo1Qlk0UE5QSVdJalpaTmVHVzdXcmlMdGhIcmlZYmVLYlN3OUxNZzB2U1lSM0RmVkgxREItNF95LUJhclZkTV9FUkpBZw?oc=5\" target=\"_blank\" rel=\"nofollow noopener\">Trump negocjuje, Ze\u0142enski alarmuje, Putin atakuje. Podsumowanie nocy<\/a>&nbsp;&nbsp;Onet Wiadomo\u015bci<\/li>\n<li><a href=\"https:\/\/news.google.com\/rss\/articles\/CBMirAFBVV95cUxPcy1INkp5aHZSaFl2R2ZRNjB1OHc1U3plWGJKUmVBamMyRWp6SDNISmp1ZEFHRjFicFZEaTl1VGQ0S3RkUXV6QUozMWRhZlNJcVRTdEpCYk4xa2FuaWhnQllWWG9VNkVWTi12TF8xZlVUZXVXbjlQM1B3ZjEzMmhJQmtlZGN3S3NzLUo3M2lNNE44M2VjX0IyQXNwcGVXLVB6SkM5b1VYN2pwOUw0?oc=5\" target=\"_blank\" rel=\"nofollow noopener\">&#8222;Du\u017co pracy&#8221; i &#8222;zgoda w sprawie warunk\u00f3w&#8221;. Co dalej z planem pokojowym?<\/a>&nbsp;&nbsp;TVN24<\/li>\n<li><a href=\"https:\/\/news.google.com\/rss\/articles\/CBMiuAFBVV95cUxOWV9hVHkyT3JnWXlneWRvbFgyN1REVjlhRV8yNlJWa1k0Rkt3SUkycWkxXy1rUFh5Ri1PbG5Pai1hRDVjLUhQbUk1X1FnZllBamxtMXdCWHdTLXhTTnRpeU9NV0wzODZtMmNuOTBPMHdpeHEwbkVIVmZ2b2ctRXJ1WTZmN2Jzak91TE5tM21zR3RDd0ZBTWdTX0Iwb2wxcWVRcDJtV2oxWk45U25MSTNCa0t5dWZ3UjlC?oc=5\" target=\"_blank\" rel=\"nofollow noopener\">&#8222;Rosja musi zap\u0142aci\u0107 za wojn\u0119&#8221;. Ze\u0142enski m\u00f3wi o kluczowej decyzji ws. rosyjskich aktyw\u00f3w<\/a>&nbsp;&nbsp;Money.pl<\/li>\n<li><a href=\"https:\/\/news.google.com\/rss\/articles\/CBMiugFBVV95cUxPcURvZlIwdjI1SnQ3aU9qMS1GcHR0OVd5VHBfa00wakRoVUJEN2FCb2NXMnp4amhZSzFCMzd5WF9oNExKSDZXZ3pWcDdodkM2Tnc2SFg2ZjJlZjlMUXJSWEFBQXVFVmNfQnNlSlgtdnZnTzRkZkZodmF1YzF4TFk1SlNQWE1sNlk2eW9JaFpmZ0NvbHEwbmlKdXdDZmxwVlVoOFdOMEllX3hIN1JubWpwT0l0c010M1hlbWc?oc=5\" target=\"_blank\" rel=\"nofollow noopener\">&#8222;Zgodzili si\u0119 na zawarcie pokoju&#8221;. Amerykanie donosz\u0105 o rozstrzygni\u0119ciu rozm\u00f3w<\/a>&nbsp;&nbsp;WP Wiadomo\u015bci<\/li>\n<\/ol>\n","protected":false},"excerpt":{"rendered":"Wo\u0142odymyr Ze\u0142enski apeluje doeuropejskich kraj\u00f3w. &#8222;Prosz\u0119 was&#8221;&nbsp;&nbsp;Onet Trump negocjuje, Ze\u0142enski alarmuje, Putin atakuje. Podsumowanie nocy&nbsp;&nbsp;Onet Wiadomo\u015bci &#8222;Du\u017co pracy&#8221;&hellip;\n","protected":false},"author":2,"featured_media":117847,"comment_status":"","ping_status":"","sticky":false,"template":"","format":"standard","meta":{"footnotes":""},"categories":[14],"tags":[32,33,27,67,64,1107,34,35,28,31,53,25,52,68,51,55,6972,40,41,62,47,80,3195,29,30,390,50,26,309,82,83,84],"class_list":{"0":"post-117846","1":"post","2":"type-post","3":"status-publish","4":"format-standard","5":"has-post-thumbnail","7":"category-swiat","8":"tag-breaking-news","9":"tag-breakingnews","10":"tag-headlines","11":"tag-intextvideo_splayer","12":"tag-inwazja_rosji_na_ukraine_2014_","13":"tag-kijow_miasto","14":"tag-latest-news","15":"tag-latestnews","16":"tag-naglowki","17":"tag-najwazniejsze-artykuly","18":"tag-new_header","19":"tag-news","20":"tag-onet3","21":"tag-onet3d","22":"tag-onet3d_2i","23":"tag-phx","24":"tag-pokoj","25":"tag-polish","26":"tag-polski","27":"tag-rosja_kraj_rosjanin_rosjanie_rosjanka_rosjanki","28":"tag-screening_general","29":"tag-swiat","30":"tag-szwecja_kraj","31":"tag-top-stories","32":"tag-topstories","33":"tag-ukraina_ukrainiec_ukrainka_ukraincy_ukrainki","34":"tag-v2021","35":"tag-wiadomosci","36":"tag-wolodymyr_zelenski","37":"tag-world","38":"tag-world-news","39":"tag-worldnews"},"share_on_mastodon":{"url":"","error":"Validation failed: Text character limit of 500 exceeded"},"_links":{"self":[{"href":"https:\/\/www.europesays.com\/pl\/wp-json\/wp\/v2\/posts\/117846","targetHints":{"allow":["GET"]}}],"collection":[{"href":"https:\/\/www.europesays.com\/pl\/wp-json\/wp\/v2\/posts"}],"about":[{"href":"https:\/\/www.europesays.com\/pl\/wp-json\/wp\/v2\/types\/post"}],"author":[{"embeddable":true,"href":"https:\/\/www.europesays.com\/pl\/wp-json\/wp\/v2\/users\/2"}],"replies":[{"embeddable":true,"href":"https:\/\/www.europesays.com\/pl\/wp-json\/wp\/v2\/comments?post=117846"}],"version-history":[{"count":0,"href":"https:\/\/www.europesays.com\/pl\/wp-json\/wp\/v2\/posts\/117846\/revisions"}],"wp:featuredmedia":[{"embeddable":true,"href":"https:\/\/www.europesays.com\/pl\/wp-json\/wp\/v2\/media\/117847"}],"wp:attachment":[{"href":"https:\/\/www.europesays.com\/pl\/wp-json\/wp\/v2\/media?parent=117846"}],"wp:term":[{"taxonomy":"category","embeddable":true,"href":"https:\/\/www.europesays.com\/pl\/wp-json\/wp\/v2\/categories?post=117846"},{"taxonomy":"post_tag","embeddable":true,"href":"https:\/\/www.europesays.com\/pl\/wp-json\/wp\/v2\/tags?post=117846"}],"curies":[{"name":"wp","href":"https:\/\/api.w.org\/{rel}","templated":true}]}}