{"id":117848,"date":"2025-11-25T15:40:08","date_gmt":"2025-11-25T15:40:08","guid":{"rendered":"https:\/\/www.europesays.com\/pl\/117848\/"},"modified":"2025-11-25T15:40:08","modified_gmt":"2025-11-25T15:40:08","slug":"zbigniew-ziobro-przed-trybunalem-stanu-prokuratura-pisze-do-marszalka-sejmu-onet","status":"publish","type":"post","link":"https:\/\/www.europesays.com\/pl\/117848\/","title":{"rendered":"Zbigniew Ziobro przed Trybuna\u0142em Stanu? Prokuratura pisze do marsza\u0142ka Sejmu &#8211; Onet"},"content":{"rendered":"<ol>\n<li><a href=\"https:\/\/news.google.com\/rss\/articles\/CBMi1AFBVV95cUxOV3hXSVVfeHlXdkxmZ3ZZQlFtT2IyVGRFbU5qZEM5dnlEa1hBVmhqUlJnWXE4QzJmcFZObzhUeGdTN1g4MkRQRWc2cnBXMzl0T1pLMTBfSzhNSnBmZ0FvWFotZ2RJRk4zVGllMHA4NzZlYXpXNzlqLVpmY3JQUzZuUkpWQnNlSkQ2eXBhWDJaa2NxN2hKUjZ5ZTZ0WnJVMG5vWTZMQmw5aXJKdjdVODJHdU1nTGRDeHdtNzlfOEpvaVl4MEstcjlmMTJOZENSUkZTZmlBcw?oc=5\" target=\"_blank\" rel=\"nofollow noopener\">Zbigniew Ziobro przed Trybuna\u0142em Stanu? Prokuratura pisze do marsza\u0142ka Sejmu<\/a>&nbsp;&nbsp;Onet<\/li>\n<li><a href=\"https:\/\/news.google.com\/rss\/articles\/CBMi7gFBVV95cUxQd3J0czVXV3prVERvaTVFREJfRUtEcEtwU2RtLTdkV1NuLVY4dUp3Y09xTmxOTlFpREVsZzFiSTdtN2JNVk5PZlNFN1c1SmlPNktyTHJMMkNieWVRN20wQWptWm16cE1ET29QN1UzM19SNEJJbkNxQkdUdGpMdFRveEJXLVRBM0pzS0FMd0JRNTNuS3N6SUNidlhZV2pGckpOaV9mRzloenhUd1E3UnhJSHJBVy1FM0UtclR2NEVZLUpTUEJNVE95T01HcmlSM1ZiOTRwdDJ1V3lZa1FmeVNRUkxjVzFfZWswaTA0Y3F3?oc=5\" target=\"_blank\" rel=\"nofollow noopener\">Ziobro stanie przed Trybuna\u0142em Stanu? Ruch \u017burka<\/a>&nbsp;&nbsp;TVN24<\/li>\n<li><a href=\"https:\/\/news.google.com\/rss\/articles\/CBMivAFBVV95cUxNNTA2bnNzb29BRm1Zbkd0ZVRmOXUybDBxVU5qRnFyc1ZWZVh0dXhXbmpMb2lhY1U3MG5KZ1M3eXB0WDFJQ3EtaGZCY0VkeXNEbmJtVnFYRmZkQk0wQXZiVllJQ0RqVERUd0tPQWRTQ2V0U2JRRUppbmd3S05lSWtacjFaaVVUYi1tRm1nYTdoNzhIektYZ3hvdWlzWW0zbnVvWnNEWEVsYmJsNEtIbTl2cEpIVXIwZUVjY3lJWg?oc=5\" target=\"_blank\" rel=\"nofollow noopener\">MSWiA zapowiada kolejne kroki w sprawie Zbigniewa Ziobry. &#8222;Procedura musi zosta\u0107 uruchomiona&#8221;<\/a>&nbsp;&nbsp;Onet Wiadomo\u015bci<\/li>\n<li><a href=\"https:\/\/news.google.com\/rss\/articles\/CBMipwFBVV95cUxPb1ZsUHFkZ0lnUWdTZXVhWm85a01kRXdDTFNvdXNXZVU4R1BmNmFqMHdSelNjZFVrOURHbFU3d0xQcmUyVHIzdFB6TWJ5cUN4WWJma3BmNExtVGVwV0RxM1FWXzIxSGo1UzYtUVlfYU5KUzZZczZ5bFdLT055QnFKVFI3S1dNT3hxWnpwc1BRdmF5VWlVYlo1S0ZkRWhiWmlzY2FRdS1OVQ?oc=5\" target=\"_blank\" rel=\"nofollow noopener\">Ciemne chmury nad Ziobr\u0105. Prokuratura pisze do marsza\u0142ka Sejmu<\/a>&nbsp;&nbsp;WP Wiadomo\u015bci<\/li>\n<li><a href=\"https:\/\/news.google.com\/rss\/articles\/CBMipgFBVV95cUxPQS1tdFVwbGQwT3VjT2hMdnBXTnQtMXEyRHhFME5MbkhXeV94X1pDUm05cUM2QzBzWnZUd3B1Ym1tdFNzMlhxUWRsYm92VFMzeHBlSGhwUkk3UVEyYWUyYTJoYTgyLW9hQUFZcGJ4WDdVZmRvVURmT0xlU0dEeHpqY0dmUk1nVEhhVmRCRGU2WWJERWdrYmRFQTRVQkFyUTJTcEQwSnJn?oc=5\" target=\"_blank\" rel=\"nofollow noopener\">Ekspert wskaza\u0142 &#8222;pot\u0119\u017cne narz\u0119dzie&#8221;. Mo\u017ce zadzia\u0142a\u0107 przeciwko Ziobrze<\/a>&nbsp;&nbsp;Fakt<\/li>\n<\/ol>\n","protected":false},"excerpt":{"rendered":"Zbigniew Ziobro przed Trybuna\u0142em Stanu? Prokuratura pisze do marsza\u0142ka Sejmu&nbsp;&nbsp;Onet Ziobro stanie przed Trybuna\u0142em Stanu? Ruch \u017burka&nbsp;&nbsp;TVN24 MSWiA&hellip;\n","protected":false},"author":2,"featured_media":117849,"comment_status":"","ping_status":"","sticky":false,"template":"","format":"standard","meta":{"footnotes":""},"categories":[5],"tags":[32,33,36,37,27,34,35,28,31,53,25,52,68,51,55,42,38,40,39,41,349,47,29,30,65,50,793,26,4070],"class_list":{"0":"post-117848","1":"post","2":"type-post","3":"status-publish","4":"format-standard","5":"has-post-thumbnail","7":"category-naglowki","8":"tag-breaking-news","9":"tag-breakingnews","10":"tag-featured-news","11":"tag-featurednews","12":"tag-headlines","13":"tag-latest-news","14":"tag-latestnews","15":"tag-naglowki","16":"tag-najwazniejsze-artykuly","17":"tag-new_header","18":"tag-news","19":"tag-onet3","20":"tag-onet3d","21":"tag-onet3d_2i","22":"tag-phx","23":"tag-pl","24":"tag-poland","25":"tag-polish","26":"tag-polska","27":"tag-polski","28":"tag-prokuratura_prokurator_prokuratorzy","29":"tag-screening_general","30":"tag-top-stories","31":"tag-topstories","32":"tag-update_me","33":"tag-v2021","34":"tag-waldemar_zurek","35":"tag-wiadomosci","36":"tag-zbigniew_ziobro_polityk"},"share_on_mastodon":{"url":"https:\/\/pubeurope.com\/@pl\/115611096086570008","error":""},"_links":{"self":[{"href":"https:\/\/www.europesays.com\/pl\/wp-json\/wp\/v2\/posts\/117848","targetHints":{"allow":["GET"]}}],"collection":[{"href":"https:\/\/www.europesays.com\/pl\/wp-json\/wp\/v2\/posts"}],"about":[{"href":"https:\/\/www.europesays.com\/pl\/wp-json\/wp\/v2\/types\/post"}],"author":[{"embeddable":true,"href":"https:\/\/www.europesays.com\/pl\/wp-json\/wp\/v2\/users\/2"}],"replies":[{"embeddable":true,"href":"https:\/\/www.europesays.com\/pl\/wp-json\/wp\/v2\/comments?post=117848"}],"version-history":[{"count":0,"href":"https:\/\/www.europesays.com\/pl\/wp-json\/wp\/v2\/posts\/117848\/revisions"}],"wp:featuredmedia":[{"embeddable":true,"href":"https:\/\/www.europesays.com\/pl\/wp-json\/wp\/v2\/media\/117849"}],"wp:attachment":[{"href":"https:\/\/www.europesays.com\/pl\/wp-json\/wp\/v2\/media?parent=117848"}],"wp:term":[{"taxonomy":"category","embeddable":true,"href":"https:\/\/www.europesays.com\/pl\/wp-json\/wp\/v2\/categories?post=117848"},{"taxonomy":"post_tag","embeddable":true,"href":"https:\/\/www.europesays.com\/pl\/wp-json\/wp\/v2\/tags?post=117848"}],"curies":[{"name":"wp","href":"https:\/\/api.w.org\/{rel}","templated":true}]}}