{"id":117861,"date":"2025-11-25T15:47:11","date_gmt":"2025-11-25T15:47:11","guid":{"rendered":"https:\/\/www.europesays.com\/pl\/117861\/"},"modified":"2025-11-25T15:47:11","modified_gmt":"2025-11-25T15:47:11","slug":"krzysztof-kwiatkowski-i-jan-bury-z-wyrokami-sprawa-stanowisk-w-nik","status":"publish","type":"post","link":"https:\/\/www.europesays.com\/pl\/117861\/","title":{"rendered":"Krzysztof Kwiatkowski i Jan Bury z wyrokami. Sprawa stanowisk w NIK"},"content":{"rendered":"<p>W skr\u00f3cie<\/p>\n<ul class=\"typography ids-typeset-body ids-typeset-body--preset-large list ids-list ids-list--unordered ids-list--size-large \" datatype=\"disc\">\n<li class=\"ids-list-item\">\n<p>S\u0105d Okr\u0119gowy w Warszawie skaza\u0142 Krzysztofa Kwiatkowskiego i Jana Burego na kary pozbawienia wolno\u015bci w zawieszeniu za nadu\u017cycia w\u0142adzy przy obsadzaniu stanowisk w NIK w 2013 roku.<\/p>\n<\/li>\n<li class=\"ids-list-item\">\n<p>Oskar\u017ceni przekazywali pytania konkursowe i informacje wybranym kandydatom, co mia\u0142o wp\u0142yn\u0105\u0107 na wyniki post\u0119powa\u0144.<\/p>\n<\/li>\n<li class=\"ids-list-item\">\n<p>W uzasadnieniu s\u0105d wskaza\u0142, \u017ce ich dzia\u0142ania godzi\u0142y w autorytet Najwy\u017cszej Izby Kontroli.<\/p>\n<\/li>\n<li class=\"ids-list-item\"><\/li>\n<\/ul>\n<p class=\"typography ids-typeset-body ids-typeset-body--preset-large link paragraph ids-paragraph ids-paragraph--default\">Orzeczenie S\u0105du Okr\u0119gowego w <a href=\"https:\/\/wydarzenia.interia.pl\/tematy-warszawa,gsbi,3411\" rel=\"nofollow noopener\" target=\"_blank\">Warszawie<\/a> zapad\u0142o po ponad siedmiu latach od rozpocz\u0119cia procesu. Krzysztof Kwiatkowski i Jan Bury\u00a0byli oskar\u017ceni o nadu\u017cycie w\u0142adzy przy obsadzaniu stanowisk w Izbie w 2013 r.<\/p>\n<p class=\"typography ids-typeset-body ids-typeset-body--preset-large link paragraph ids-paragraph ids-paragraph--default\">Akt oskar\u017cenia w tej sprawie zosta\u0142 skierowany przez prokuratur\u0119 w sierpniu 2017 r. Kwiatkowskiemu zarzucono cztery przest\u0119pstwa m.in. nadu\u017cycia w\u0142adzy w zwi\u0105zku z post\u0119powaniami konkursowymi na stanowiska dyrektora delegatury <a href=\"https:\/\/wydarzenia.interia.pl\/tematy-nik,gsbi,25\" rel=\"nofollow noopener\" target=\"_blank\">NIK<\/a> w <a href=\"https:\/\/wydarzenia.interia.pl\/tematy-lodz,gsbi,4119\" rel=\"nofollow noopener\" target=\"_blank\">\u0141odzi<\/a>, wicedyrektora delegatury w Rzeszowie i wicedyrektora departamentu \u015brodowiska Izby. Natomiast Bury zosta\u0142 m.in. oskar\u017cony o pod\u017ceganie do nadu\u017cycia w\u0142adzy\u00a0przy okazji konkurs\u00f3w na stanowiska dyrektora delegatury NIK w <a href=\"https:\/\/wydarzenia.interia.pl\/tematy-rzeszow,gsbi,4123\" rel=\"nofollow noopener\" target=\"_blank\">Rzeszowie<\/a> i jego zast\u0119pcy.<\/p>\n<p>Obsadzanie stanowisk NIK. Wyroki pozbawienia wolno\u015bci w zawieszeniu<\/p>\n<p class=\"typography ids-typeset-body ids-typeset-body--preset-large link paragraph ids-paragraph ids-paragraph--default\">&#8222;Z ustale\u0144 \u015bledztwa wynika, \u017ce dzia\u0142ania oskar\u017conego w zakresie wspomnianych post\u0119powa\u0144 konkursowych na stanowiska dyrektorskie w NIK\u00a0polega\u0142y w szczeg\u00f3lno\u015bci na przekazywaniu przed posiedzeniem komisji konkursowej pyta\u0144 i zagadnie\u0144, o jakie zapyta kandydata jako przewodnicz\u0105cy tej komisji i przekazywaniu m.in. za po\u015brednictwem Jana B. informacji Paw\u0142owi A. dotycz\u0105cych konkursu na stanowisko dyrektora delegatury NIK w Rzeszowie&#8221; &#8211; podawa\u0142a Prokuratura Krajowa.<\/p>\n<p class=\"typography ids-typeset-body ids-typeset-body--preset-large link paragraph ids-paragraph ids-paragraph--default\">By\u0142y wicedyrektor rzeszowskiej delegatury NIK Pawe\u0142 A. r\u00f3wnie\u017c us\u0142ysza\u0142 wyrok. S\u0105d wymierzy\u0142 mu kar\u0119 sze\u015bciu miesi\u0119cy pozbawienia wolno\u015bci w zawieszeniu.<\/p>\n<p class=\"typography ids-typeset-body ids-typeset-body--preset-large link paragraph ids-paragraph ids-paragraph--default\">Kary wobec wszystkich oskar\u017conych zosta\u0142y\u00a0zawieszone na okres pr\u00f3by dw\u00f3ch lat. Jednocze\u015bnie s\u0105d wymierzy\u0142 grzywny &#8211; Kwiatkowskiemu i Buremu po 50 tys. z\u0142, a Paw\u0142owi A. &#8211; 30 tys. z\u0142.<\/p>\n<p>Sprawa obsadzania stanowisk w NIK w 2013 roku<\/p>\n<p class=\"typography ids-typeset-body ids-typeset-body--preset-large link paragraph ids-paragraph ids-paragraph--default\">&#8211; S\u0105d, wymierzaj\u0105c kary, zobligowany by\u0142 do uwzgl\u0119dnienia, \u017ce swoim zachowaniem oskar\u017ceni godzili w tak fundamentalne dobro prawne, jakim jest autorytet i prawid\u0142owo\u015b\u0107 funkcjonowania Najwy\u017cszej Izby Kontroli oraz w interes prywatny os\u00f3b startuj\u0105cych w konkursach. Tak wymierzone kary, zdaniem s\u0105du, s\u0105 s\u0142uszne i sprawiedliwe &#8211; m\u00f3wi\u0142a w uzasadnieniu wyroku s\u0119dzia Izabela Szumniak.<\/p>\n<p class=\"typography ids-typeset-body ids-typeset-body--preset-large link paragraph ids-paragraph ids-paragraph--default\">W 2017 roku prokuratura poinformowa\u0142a, \u017ce\u00a0oskar\u017ceni w spos\u00f3b bezprawny uniemo\u017cliwiali dokonanie obiektywnej oceny wszystkich uczestnik\u00f3w post\u0119powa\u0144 konkursowych, czym jednocze\u015bnie uniemo\u017cliwiali ich wyb\u00f3r na aplikowane stanowisko.<\/p>\n<p class=\"typography ids-typeset-body ids-typeset-body--preset-large link paragraph ids-paragraph ids-paragraph--default\">Prokuratura wskazywa\u0142a r\u00f3wnie\u017c, \u017ce kierowali si\u0119 oni &#8222;nagann\u0105 motywacj\u0105 i partykularnymi interesami&#8221;, wobec czego naruszyli autorytet i niezale\u017cno\u015b\u0107 Najwy\u017cszej Izby Kontroli.<\/p>\n<p>Przydacz o Siwcu: Mam nadziej\u0119, \u017ce nie b\u0119dzie wy\u015bmiewa\u0142 Ojca \u015awi\u0119tegoPolsat NewsPolsat News<\/p>\n<p><a class=\"ids-undecorated-link source ids-page-info--source__link\" href=\"https:\/\/p.iplsc.com\/-\/000L0SCEGA4O3ESS.pdf\" rel=\"nofollow noopener\" target=\"_blank\"><img decoding=\"async\" class=\"ids-image-holder__img\" loading=\"lazy\" alt=\"\" title=\"\" height=\"24px\" src=\"https:\/\/www.europesays.com\/pl\/wp-content\/uploads\/2025\/11\/1763506629_520_0009A6098CYXTC6T-C202-F4.webp.webp\"\/><\/a><a class=\"ids-undecorated-link source ids-page-info--source__link\" href=\"https:\/\/www.interia.pl\" rel=\"nofollow noopener\" target=\"_blank\"><img decoding=\"async\" class=\"ids-image-holder__img\" loading=\"lazy\" alt=\"\" title=\"\" height=\"24px\" src=\"https:\/\/www.europesays.com\/pl\/wp-content\/uploads\/2025\/11\/1763998694_431_0009A60QQ5I2TYF7-C202-F4.webp.webp\"\/><\/a><\/p>\n<p>Masz sugestie, uwagi albo widzisz b\u0142\u0105d? Napisz do nas<\/p>\n","protected":false},"excerpt":{"rendered":"W skr\u00f3cie S\u0105d Okr\u0119gowy w Warszawie skaza\u0142 Krzysztofa Kwiatkowskiego i Jana Burego na kary pozbawienia wolno\u015bci w zawieszeniu&hellip;\n","protected":false},"author":2,"featured_media":117862,"comment_status":"","ping_status":"","sticky":false,"template":"","format":"standard","meta":{"footnotes":""},"categories":[5],"tags":[32,33,36,37,27,34,35,28,31,25,42,38,40,39,41,29,30,26],"class_list":{"0":"post-117861","1":"post","2":"type-post","3":"status-publish","4":"format-standard","5":"has-post-thumbnail","7":"category-naglowki","8":"tag-breaking-news","9":"tag-breakingnews","10":"tag-featured-news","11":"tag-featurednews","12":"tag-headlines","13":"tag-latest-news","14":"tag-latestnews","15":"tag-naglowki","16":"tag-najwazniejsze-artykuly","17":"tag-news","18":"tag-pl","19":"tag-poland","20":"tag-polish","21":"tag-polska","22":"tag-polski","23":"tag-top-stories","24":"tag-topstories","25":"tag-wiadomosci"},"share_on_mastodon":{"url":"https:\/\/pubeurope.com\/@pl\/115611123562619297","error":""},"_links":{"self":[{"href":"https:\/\/www.europesays.com\/pl\/wp-json\/wp\/v2\/posts\/117861","targetHints":{"allow":["GET"]}}],"collection":[{"href":"https:\/\/www.europesays.com\/pl\/wp-json\/wp\/v2\/posts"}],"about":[{"href":"https:\/\/www.europesays.com\/pl\/wp-json\/wp\/v2\/types\/post"}],"author":[{"embeddable":true,"href":"https:\/\/www.europesays.com\/pl\/wp-json\/wp\/v2\/users\/2"}],"replies":[{"embeddable":true,"href":"https:\/\/www.europesays.com\/pl\/wp-json\/wp\/v2\/comments?post=117861"}],"version-history":[{"count":0,"href":"https:\/\/www.europesays.com\/pl\/wp-json\/wp\/v2\/posts\/117861\/revisions"}],"wp:featuredmedia":[{"embeddable":true,"href":"https:\/\/www.europesays.com\/pl\/wp-json\/wp\/v2\/media\/117862"}],"wp:attachment":[{"href":"https:\/\/www.europesays.com\/pl\/wp-json\/wp\/v2\/media?parent=117861"}],"wp:term":[{"taxonomy":"category","embeddable":true,"href":"https:\/\/www.europesays.com\/pl\/wp-json\/wp\/v2\/categories?post=117861"},{"taxonomy":"post_tag","embeddable":true,"href":"https:\/\/www.europesays.com\/pl\/wp-json\/wp\/v2\/tags?post=117861"}],"curies":[{"name":"wp","href":"https:\/\/api.w.org\/{rel}","templated":true}]}}