{"id":117880,"date":"2025-11-25T16:01:25","date_gmt":"2025-11-25T16:01:25","guid":{"rendered":"https:\/\/www.europesays.com\/pl\/117880\/"},"modified":"2025-11-25T16:01:25","modified_gmt":"2025-11-25T16:01:25","slug":"burza-wokol-wpisu-jad-waszem-mamy-stanowisko-izraelskiego-instytutu","status":"publish","type":"post","link":"https:\/\/www.europesays.com\/pl\/117880\/","title":{"rendered":"Burza wok\u00f3\u0142 wpisu Jad Waszem. Mamy stanowisko izraelskiego instytutu"},"content":{"rendered":"<p class=\"ods-c-paragraph \">Artyku\u0142 jest aktualizowany<\/p>\n<p class=\"ods-c-paragraph \">Wpis izraelskiego instytutu Jad Waszem pojawi\u0142 si\u0119 w portalu X w niedziel\u0119 po po\u0142udniu. &#8222;Polska by\u0142a pierwszym krajem, w kt\u00f3rym \u017bydzi byli zmuszeni do noszenia wyr\u00f3\u017cniaj\u0105cych opasek w celu odizolowania ich od otaczaj\u0105cej populacji&#8221; \u2014 napisa\u0142 instytut. G\u0142os w sprawie jeszcze tego samego dnia zabra\u0142 szef polskiej dyplomacji Rados\u0142aw Sikorski, kt\u00f3ry r\u00f3wnie\u017c na portalu X zwr\u00f3ci\u0142 si\u0119 do Jad Waszem, by sprecyzowa\u0142o, \u017ce chodzi o &#8222;okupowan\u0105 przez Niemcy Polsk\u0119&#8221;.<\/p>\n<p class=\"ods-c-paragraph \">Izraelski instytut w kolejnym wpisie doda\u0142, \u017ce nakaz noszenia opasek nast\u0105pi\u0142 &#8222;na polecenie niemieckich w\u0142adz&#8221;. Kolejna pro\u015bba Sikorskiego, by Jad Waszem opublikowa\u0142o nowy post ze zwrotem &#8222;okupowan\u0105 przez Niemc\u00f3w&#8221;, pozosta\u0142a bez odpowiedzi.<\/p>\n<p class=\"ods-c-paragraph \">Do sprawy <a href=\"https:\/\/wiadomosci.onet.pl\/kraj\/nie-wierzylem-wlasnym-oczom-donald-tusk-ostro-o-wpisie-instytutu-jad-waszem\/pfhn2vz\" id=\"9b6b8638-5fc9-4cb1-a3e6-882d7a0a2185\" rel=\"nofollow noopener\" target=\"_blank\">odni\u00f3s\u0142 si\u0119 te\u017c premier Donald Tusk<\/a>, m\u00f3wi\u0105c o &#8222;kompromitacji Jad Waszem&#8221;. \u2014 Wygl\u0105da mi to nawet nie na b\u0142\u0105d, ale na jak\u0105\u015b z\u0142\u0105 wol\u0119 kogo\u015b, kto redagowa\u0142 ten tekst, bo jest tak wbrew historii, tak oczywi\u015bcie k\u0142amliwy, \u017ce czasami naprawd\u0119 r\u0119ce opadaj\u0105 \u2014 zaznacza\u0142 szef rz\u0105du w poniedzia\u0142ek. Z kolei Instytut Pami\u0119ci Narodowej podkre\u015bla\u0142, \u017ce wpis Jad Waszem jest &#8222;nieakceptowalny&#8221;.<\/p>\n<p class=\"ods-c-paragraph \">Czytaj tak\u017ce: <a href=\"https:\/\/www.onet.pl\/informacje\/onetwiadomosci\/skandaliczny-wpis-insytutu-jad-waszem-o-polsce-fala-oburzenia\/0hm7g59,79cfc278\" id=\"ac088c88-2c70-4bad-b702-d37771f7755a\" rel=\"nofollow noopener\" target=\"_blank\">Skandaliczny wpis Insytutu Jad Waszem o Polsce. Fala oburzenia<\/a><\/p>\n<p>Kontrowersyjny wpis Jad Waszem. Instytut odpowiada<\/p>\n<p class=\"ods-c-paragraph \">Onet zwr\u00f3ci\u0142 si\u0119 do Jad Waszem z pytaniami, czy taki dob\u00f3r s\u0142\u00f3w by\u0142 celowy, dlaczego instytut nie poprawi\u0142 swojego pierwszego wpisu i czy zgadza si\u0119, \u017ce u\u017cyte przez niego sformu\u0142owanie mo\u017ce wprowadza\u0107 w b\u0142\u0105d co do tego, kto nakaza\u0142 \u017bydom noszenie opasek. We wtorek otrzymali\u015bmy odpowied\u017a przes\u0142an\u0105 nam przez Ariego Rabinowicza z departamentu medialnego Jad Waszem.<\/p>\n<p class=\"ods-c-paragraph \">&#8222;Jad Waszem opublikowa\u0142 w mediach spo\u0142eczno\u015bciowych informacj\u0119 historyczn\u0105 dotycz\u0105c\u0105 nakazu z 1939 r., kt\u00f3ry zmusza\u0142 \u017byd\u00f3w w Polsce do noszenia gwiazdy Dawida na ramieniu, wraz z linkiem do szczeg\u00f3\u0142owego artyku\u0142u, w kt\u00f3rym wyra\u017anie stwierdzono, \u017ce nakaz ten zosta\u0142 wydany przez niemieckie w\u0142adze. Chocia\u017c Jad Waszem podtrzymuje tre\u015b\u0107 tego wpisu, wyda\u0142 drugie o\u015bwiadczenie, w kt\u00f3rym podkre\u015bli\u0142: \u00bbJak zauwa\u017cy\u0142o wielu u\u017cytkownik\u00f3w i jak wyra\u017anie stwierdzono w artykule, do kt\u00f3rego prowadzi link, rozkaz ten zosta\u0142 wydany przez w\u0142adze niemieckie\u00ab&#8221;.<\/p>\n<p>Dalszy ci\u0105g artyku\u0142u pod materia\u0142em wideo<\/p>\n<p> Co dok\u0142adnie zawiera\u0142 wpis Jad Waszem? <\/p>\n<p> Jakie by\u0142o stanowisko polskiego MSZ w tej sprawie? <\/p>\n<p> Co powiedzia\u0142 premier Donald Tusk o wpisie Jad Waszem? <\/p>\n<p> Jakie odpowiedzi przekaza\u0142 Jad Waszem na pytania Onetu? <\/p>\n<p class=\"ods-c-paragraph \">&#8222;Pierwszy i kolejny wpis Jad Waszem s\u0105 historycznie prawid\u0142owe i nie widzimy powodu, \u017ceby to dalej wyja\u015bnia\u0107. Ci, kt\u00f3rzy nadal \u017ale interpretuj\u0105 nasz post, robi\u0105 to w tym momencie \u015bwiadomie&#8221; \u2014 zaznacza instytut w dalszej cz\u0119\u015bci komunikatu.<\/p>\n<p class=\"ods-c-paragraph \">&#8222;Polskie Ministerstwo Spraw Zagranicznych zdecydowa\u0142o niestety w prote\u015bcie o wezwaniu ambasadora Izraela. Polska jest wa\u017cnym i wieloletnim partnerem w dziedzinie edukacji, bada\u0144 i upami\u0119tniania Holokaustu, a Jad Waszem ma nadziej\u0119, \u017ce sprawa ta zostanie rozwi\u0105zana bez dalszych incydent\u00f3w&#8221; \u2014 czytamy w o\u015bwiadczeniu instytutu.<\/p>\n<p class=\"ods-c-paragraph \">W sprawie wpisu Jad Waszem we wtorek do polskiego Ministerstwa Spraw Zagranicznych zosta\u0142 <a href=\"https:\/\/wiadomosci.onet.pl\/kraj\/skandaliczny-wpis-jad-waszem-msz-zabiera-glos-po-spotkaniu-z-ambasadorem-izraela\/hnp34bw\" id=\"8096831c-4fb8-46f9-a98e-5a9e0f672c78\" rel=\"nofollow noopener\" target=\"_blank\">wezwany ambasador Izraela<\/a>. \u2014 To by\u0142o bardzo dobre spotkanie. Spotkanie pe\u0142ne zrozumienia. Nie oczekiwali\u015bmy przeprosin, my oczekujemy zmiany wpisu \u2014 powiedzia\u0142 rzecznik MSZ Maciej Wewi\u00f3r po wizycie izraelskiego ambasadora w ministerstwie.<\/p>\n<p class=\"ods-c-paragraph \">Przes\u0142any Onetowi komunikat Jad Waszem odsy\u0142a tak\u017ce do poniedzia\u0142kowego o\u015bwiadczenia szefa instytutu Daniego Dajana. &#8222;Polska by\u0142a rzeczywi\u015bcie pod niemieck\u0105 okupacj\u0105. To znajduje jasne odzwierciedlenie w naszym materiale. Ka\u017cda inna interpretacja mylnie odczytuje nasze przywi\u0105zanie do dok\u0142adno\u015bci&#8221; \u2014 stwierdzi\u0142 Dajan.<\/p>\n<p class=\"ods-c-paragraph \">Jad Waszem jest pa\u0144stwowym izraelskim instytutem za\u0142o\u017conym w 1953 r. i zajmuj\u0105cym si\u0119 pami\u0119ci\u0105 o ofiarach Holokaustu.<\/p>\n<p class=\"ods-c-paragraph \">Chcesz porozmawia\u0107 z autorem? Napisz: marcin.terlik@redakcjaonet.pl<\/p>\n","protected":false},"excerpt":{"rendered":"Artyku\u0142 jest aktualizowany Wpis izraelskiego instytutu Jad Waszem pojawi\u0142 si\u0119 w portalu X w niedziel\u0119 po po\u0142udniu. &#8222;Polska&hellip;\n","protected":false},"author":2,"featured_media":117881,"comment_status":"","ping_status":"","sticky":false,"template":"","format":"standard","meta":{"footnotes":""},"categories":[12],"tags":[32,33,36,37,27,91,24978,34,35,28,31,48,25,295,46,42,38,40,39,41,47,29,30,341,26],"class_list":{"0":"post-117880","1":"post","2":"type-post","3":"status-publish","4":"format-standard","5":"has-post-thumbnail","7":"category-polska","8":"tag-breaking-news","9":"tag-breakingnews","10":"tag-featured-news","11":"tag-featurednews","12":"tag-headlines","13":"tag-izrael","14":"tag-jad_waszem","15":"tag-latest-news","16":"tag-latestnews","17":"tag-naglowki","18":"tag-najwazniejsze-artykuly","19":"tag-nat_styl","20":"tag-news","21":"tag-niemcy","22":"tag-omp","23":"tag-pl","24":"tag-poland","25":"tag-polish","26":"tag-polska","27":"tag-polski","28":"tag-screening_general","29":"tag-top-stories","30":"tag-topstories","31":"tag-tylko_w_onecie","32":"tag-wiadomosci"},"share_on_mastodon":{"url":"","error":""},"_links":{"self":[{"href":"https:\/\/www.europesays.com\/pl\/wp-json\/wp\/v2\/posts\/117880","targetHints":{"allow":["GET"]}}],"collection":[{"href":"https:\/\/www.europesays.com\/pl\/wp-json\/wp\/v2\/posts"}],"about":[{"href":"https:\/\/www.europesays.com\/pl\/wp-json\/wp\/v2\/types\/post"}],"author":[{"embeddable":true,"href":"https:\/\/www.europesays.com\/pl\/wp-json\/wp\/v2\/users\/2"}],"replies":[{"embeddable":true,"href":"https:\/\/www.europesays.com\/pl\/wp-json\/wp\/v2\/comments?post=117880"}],"version-history":[{"count":0,"href":"https:\/\/www.europesays.com\/pl\/wp-json\/wp\/v2\/posts\/117880\/revisions"}],"wp:featuredmedia":[{"embeddable":true,"href":"https:\/\/www.europesays.com\/pl\/wp-json\/wp\/v2\/media\/117881"}],"wp:attachment":[{"href":"https:\/\/www.europesays.com\/pl\/wp-json\/wp\/v2\/media?parent=117880"}],"wp:term":[{"taxonomy":"category","embeddable":true,"href":"https:\/\/www.europesays.com\/pl\/wp-json\/wp\/v2\/categories?post=117880"},{"taxonomy":"post_tag","embeddable":true,"href":"https:\/\/www.europesays.com\/pl\/wp-json\/wp\/v2\/tags?post=117880"}],"curies":[{"name":"wp","href":"https:\/\/api.w.org\/{rel}","templated":true}]}}