{"id":117898,"date":"2025-11-25T16:18:11","date_gmt":"2025-11-25T16:18:11","guid":{"rendered":"https:\/\/www.europesays.com\/pl\/117898\/"},"modified":"2025-11-25T16:18:11","modified_gmt":"2025-11-25T16:18:11","slug":"natalia-szroeder-zaskoczyla-stylizacja-odslonila-sporo-ciala","status":"publish","type":"post","link":"https:\/\/www.europesays.com\/pl\/117898\/","title":{"rendered":"Natalia Szroeder zaskoczy\u0142a stylizacj\u0105. Ods\u0142oni\u0142a sporo cia\u0142a"},"content":{"rendered":"<p class=\"ods-c-paragraph \">Program <a href=\"https:\/\/plejada.pl\/must-be-the-music-tylko-muzyka-program-telewizyjny\" id=\"5b4fae5c-20c5-45ec-896b-fcee596756b3\" rel=\"nofollow noopener\" target=\"_blank\">&#8222;Must be the music. Tylko muzyka&#8221;<\/a> powr\u00f3ci\u0142 w tym roku po dziewi\u0119ciu latach nieobecno\u015bci. 4 listopada odby\u0142y si\u0119 pierwsze nagrania odcink\u00f3w castingowych nowej, wiosennej edycji. Jak w poprzednim sezonie za sto\u0142em jurorskim zasi\u0105d\u0105: <a href=\"https:\/\/plejada.pl\/natalia-szroeder\" id=\"c52227d5-9e2e-4b08-ac16-929aff916d19\" rel=\"nofollow noopener\" target=\"_blank\">Natalia Szroeder<\/a>, Sebastian Karpiel-Bu\u0142ecka, Dawid Kwiatkowski i Miuosh (Mi\u0142osz Borycki), a program poprowadz\u0105 ponownie: Patricia Kazadi, Maciej Rock i Adam Zdr\u00f3jkowski.<\/p>\n<p>Dalszy ci\u0105g artyku\u0142u pod materia\u0142em wideo<\/p>\n<p> Jaka stylizacja mia\u0142a Natalia Szroeder na wydarzeniu prasowym? <\/p>\n<p> Kto zasi\u0105dzie za sto\u0142em jurorskim w nowej edycji programu? <\/p>\n<p> Kiedy odby\u0142y si\u0119 pierwsze nagrania castingowe nowej edycji? <\/p>\n<p> Jakie by\u0142y cechy stylizacji Natalii Szroeder na \u015bciance? <\/p>\n<p>  Natalia Szroeder w odwa\u017cnej stylizacji. Postawi\u0142a na czerwony total look<\/p>\n<p class=\"ods-c-paragraph \">25 listopada odby\u0142o si\u0119 wydarzenie prasowe promuj\u0105ce &#8222;Must be the music. Tylko muzyka&#8221;. Na \u015bciance pojawili si\u0119 jurorzy i prowadz\u0105cy program. Natalia Szroeder tego dnia postawi\u0142a na odwa\u017cn\u0105 stylizacj\u0119. Piosenkarka wybra\u0142a czerwon\u0105, koronkow\u0105 kreacj\u0119 ods\u0142aniaj\u0105c\u0105 sporo cia\u0142a. Ca\u0142o\u015b\u0107 dope\u0142nia\u0142y rozpuszczone w\u0142osy lekko podkr\u0119cone na ko\u0144cach. Do tego Szroeder dobra\u0142a delikatny makija\u017c.<\/p>\n<p class=\"ods-c-paragraph \">Zobaczcie, jak si\u0119 prezentowa\u0142a.<\/p>\n<p><img decoding=\"async\" src=\"https:\/\/www.europesays.com\/pl\/wp-content\/uploads\/2025\/11\/j45k9lBaHR0cHM6Ly9vY2RuLmV1L3B1bHNjbXMvTURBXy81MzAwNzgzZDdjMjk4OGMyZjUwNmY5ODcyMGNmY2EzNi5qcGeRlQLNA.jpeg\" height=\"529\" width=\"940\" alt=\"Natalia Szroeder\" loading=\"lazy\" class=\"ods-c-image__img ods-c-image__img--vertical\"\/><\/p>\n<p>Natalia SzroederPawel Wodzynski\/East News \/ East News<\/p>\n<p class=\"ods-c-paragraph \">Dzi\u0119kujemy, \u017ce przeczyta\u0142a\u015b\/e\u015b nasz artyku\u0142 do ko\u0144ca. W serwisie Plejada.pl ka\u017cdego dnia piszemy o najwa\u017cniejszych wydarzeniach show-biznesowych. B\u0105d\u017a na bie\u017c\u0105co! <a rel=\"nofollow noopener\" href=\"https:\/\/profile.google.com\/cp\/Cg0vZy8xMWJ6X19wdHBx\" id=\"d6aca3b0-227d-4ec4-a7e9-0ae06e83290e\" target=\"_blank\">Obserwuj<\/a> Plejad\u0119 w Wiadomo\u015bciach Google. Odwied\u017a nas tak\u017ce na <a rel=\"nofollow noopener\" href=\"https:\/\/www.facebook.com\/plejadapl\" id=\"d6649dbb-c7c1-4eac-8ed4-62abd1c0f11c\" target=\"_blank\">Facebooku<\/a>, <a rel=\"nofollow noopener\" href=\"https:\/\/www.instagram.com\/plejadapl\/\" id=\"c937c0ba-18f3-4c68-8c68-864afc10feae\" target=\"_blank\">Instagramie<\/a>, <a rel=\"nofollow noopener\" href=\"https:\/\/www.youtube.com\/c\/plejada\" id=\"00a176a6-8f83-44e5-966c-d5c7db12f39a\" target=\"_blank\">YouTube<\/a> oraz <a rel=\"nofollow noopener\" href=\"https:\/\/www.tiktok.com\/@plejada_pl\" id=\"094a0d38-41f3-4eb9-a2c8-462942f31bf6\" target=\"_blank\">TikToku<\/a>.<\/p>\n<p class=\"ods-c-paragraph \">Chcesz podzieli\u0107 si\u0119 ciekawym newsem lub zaproponowa\u0107 temat? Skontaktuj si\u0119 z nami, pisz\u0105c e-maila na adres: <a rel=\"nofollow noopener\" href=\"https:\/\/plejada.pl\/newsy\/natalia-szroeder-zaskoczyla-stylizacja-odslonila-sporo-ciala\/mailto:plejada@redakcjaonet.pl\" id=\"b7b19981-ce41-4cf8-9b6d-c3b520634019\" target=\"_blank\">plejada@redakcjaonet.pl<\/a>.<\/p>\n<p><script async src=\"\/\/www.instagram.com\/embed.js\"><\/script><script async src=\"\/\/www.tiktok.com\/embed.js\"><\/script><\/p>\n","protected":false},"excerpt":{"rendered":"Program &#8222;Must be the music. Tylko muzyka&#8221; powr\u00f3ci\u0142 w tym roku po dziewi\u0119ciu latach nieobecno\u015bci. 4 listopada odby\u0142y&hellip;\n","protected":false},"author":2,"featured_media":117899,"comment_status":"","ping_status":"","sticky":false,"template":"","format":"standard","meta":{"footnotes":""},"categories":[22],"tags":[25482,122,25467,48,25465,125,46,42,38,40,39,41,123,47],"class_list":{"0":"post-117898","1":"post","2":"type-post","3":"status-publish","4":"format-standard","5":"has-post-thumbnail","7":"category-rozrywka","8":"tag-_must_be_the_music_tylko_muzyka_","9":"tag-entertainment","10":"tag-must_be_the_music","11":"tag-nat_styl","12":"tag-natalia_szroeder","13":"tag-newsy","14":"tag-omp","15":"tag-pl","16":"tag-poland","17":"tag-polish","18":"tag-polska","19":"tag-polski","20":"tag-rozrywka","21":"tag-screening_general"},"share_on_mastodon":{"url":"https:\/\/pubeurope.com\/@pl\/115611245406064597","error":""},"_links":{"self":[{"href":"https:\/\/www.europesays.com\/pl\/wp-json\/wp\/v2\/posts\/117898","targetHints":{"allow":["GET"]}}],"collection":[{"href":"https:\/\/www.europesays.com\/pl\/wp-json\/wp\/v2\/posts"}],"about":[{"href":"https:\/\/www.europesays.com\/pl\/wp-json\/wp\/v2\/types\/post"}],"author":[{"embeddable":true,"href":"https:\/\/www.europesays.com\/pl\/wp-json\/wp\/v2\/users\/2"}],"replies":[{"embeddable":true,"href":"https:\/\/www.europesays.com\/pl\/wp-json\/wp\/v2\/comments?post=117898"}],"version-history":[{"count":0,"href":"https:\/\/www.europesays.com\/pl\/wp-json\/wp\/v2\/posts\/117898\/revisions"}],"wp:featuredmedia":[{"embeddable":true,"href":"https:\/\/www.europesays.com\/pl\/wp-json\/wp\/v2\/media\/117899"}],"wp:attachment":[{"href":"https:\/\/www.europesays.com\/pl\/wp-json\/wp\/v2\/media?parent=117898"}],"wp:term":[{"taxonomy":"category","embeddable":true,"href":"https:\/\/www.europesays.com\/pl\/wp-json\/wp\/v2\/categories?post=117898"},{"taxonomy":"post_tag","embeddable":true,"href":"https:\/\/www.europesays.com\/pl\/wp-json\/wp\/v2\/tags?post=117898"}],"curies":[{"name":"wp","href":"https:\/\/api.w.org\/{rel}","templated":true}]}}