{"id":118011,"date":"2025-11-25T17:40:09","date_gmt":"2025-11-25T17:40:09","guid":{"rendered":"https:\/\/www.europesays.com\/pl\/118011\/"},"modified":"2025-11-25T17:40:09","modified_gmt":"2025-11-25T17:40:09","slug":"zbigniew-ziobro-przed-trybunalem-stanu-prokuratura-pisze-do-marszalka-sejmu","status":"publish","type":"post","link":"https:\/\/www.europesays.com\/pl\/118011\/","title":{"rendered":"Zbigniew Ziobro przed Trybuna\u0142em Stanu? Prokuratura pisze do marsza\u0142ka Sejmu"},"content":{"rendered":"<p class=\"ods-c-paragraph \">&#8222;Prokurator Generalny Waldemar \u017burek przekaza\u0142 Marsza\u0142kowi Sejmu RP informacj\u0119 o wydaniu w dniu 7 listopada 2025 r. postanowienia o przedstawieniu pos\u0142owi Zbigniewowi Z. zarzut\u00f3w dotycz\u0105cych 26 przest\u0119pstw, kt\u00f3re pozostaj\u0105 w zwi\u0105zku z pe\u0142nion\u0105 przez niego funkcj\u0105 Ministra Sprawiedliwo\u015bci Prokuratora Generalnego&#8221; \u2014 czytamy w oficjalnym komunikacie Prokuratury Krajowej.<\/p>\n<p> Jakie zarzuty chce postawi\u0107 prokuratura Zbigniewowi Ziobrze? <\/p>\n<p> Dlaczego Zbigniew Ziobro straci\u0142 immunitet? <\/p>\n<p> Kiedy wyznaczono termin rozprawy s\u0105dowej dla Zbigniewa Ziobry? <\/p>\n<p> Gdzie przebywa Zbigniew Ziobro w tej chwili? <\/p>\n<p class=\"ods-c-paragraph \">Prokuratura wyja\u015bnia, \u017ce na podstawie postanowienia, Sejm mo\u017ce rozwa\u017cy\u0107, czy opisane tam naruszenia prawa mog\u0105 wype\u0142nia\u0107 znamiona deliktu konstytucyjnego. &#8222;A w konsekwencji \u2014 czy zachodz\u0105 przes\u0142anki do ewentualnego poci\u0105gni\u0119cia Zbigniewa Z. do odpowiedzialno\u015bci konstytucyjnej przed Trybuna\u0142em Stanu&#8221; \u2014 opisuje prokuratura. Chodzi o te przest\u0119pstwa, kt\u00f3re s\u0105 kwalifikowane jako przekroczenie uprawnie\u0144 i niedope\u0142nienie obowi\u0105zk\u00f3w funkcjonariusza publicznego.<\/p>\n<p>    Sprawa Zbigniewa Ziobry. 26 zarzut\u00f3w<\/p>\n<p class=\"ods-c-paragraph \"><a href=\"https:\/\/wiadomosci.onet.pl\/kraj\/26-zarzutow-dla-zbigniewa-ziobry-szczegoly-wniosku-prokuratury\/7b76t7g\" id=\"80ebef12-f5d6-4c05-a368-b67e88a08025\" rel=\"nofollow noopener\" target=\"_blank\">Prokuratura chce postawi\u0107 Zbigniewowi Ziobrze 26 zarzut\u00f3w<\/a>, w tym kierowania zorganizowan\u0105 grup\u0105 przest\u0119pcz\u0105. By\u0142y minister sprawiedliwo\u015bci <a href=\"https:\/\/www.onet.pl\/informacje\/onetwiadomosci\/immunitet-zbigniewa-ziobry-poslowie-zdecydowali\/ykw3khw,79cfc278\" id=\"f6738b47-d7f4-40bc-9362-806dcf414145\" rel=\"nofollow noopener\" target=\"_blank\">straci\u0142 immunitet<\/a> i <a href=\"https:\/\/wiadomosci.onet.pl\/kraj\/zbigniew-ziobro-stracil-paszport-dyplomatyczny-jest-decyzja-szefa-msz\/nc2hmg0\" id=\"1e82e1ef-dd3b-48e8-a6d7-63ee4d1cc019\" rel=\"nofollow noopener\" target=\"_blank\">paszport dyplomatyczny<\/a>, <a href=\"https:\/\/wiadomosci.onet.pl\/kraj\/prokuratura-zabezpieczyla-majatek-ziobry-chodzi-o-fundusz-sprawiedliwosci\/hm2gr8x\" id=\"e365c5f9-e0ae-4919-9b3d-03382b95ae49\" rel=\"nofollow noopener\" target=\"_blank\">zabezpieczony zosta\u0142 tak\u017ce jego maj\u0105tek<\/a>.<\/p>\n<p class=\"ods-c-paragraph \"><a href=\"https:\/\/wiadomosci.onet.pl\/kraj\/prokuratura-jest-wniosek-o-areszt-dla-zbigniewa-ziobry\/c3be4wz\" id=\"218a00ec-2fd3-410f-8c28-0236a4c6aab7\" rel=\"nofollow noopener\" target=\"_blank\">W po\u0142owie miesi\u0105ca Prokuratura Krajowa przekaza\u0142a do S\u0105du Rejonowego Warszawa-Mokot\u00f3w wniosek o zastosowanie trzymiesi\u0119cznego aresztu wobec Zbigniewa Ziobry<\/a>. Ten przebywa jednak na W\u0119grzech. Termin rozprawy wyznaczono na 22 grudnia. Posiedzenie s\u0105du ma rozpocz\u0105\u0107 si\u0119 o godz. 10.00.<\/p>\n","protected":false},"excerpt":{"rendered":"&#8222;Prokurator Generalny Waldemar \u017burek przekaza\u0142 Marsza\u0142kowi Sejmu RP informacj\u0119 o wydaniu w dniu 7 listopada 2025 r. postanowienia&hellip;\n","protected":false},"author":2,"featured_media":118012,"comment_status":"","ping_status":"","sticky":false,"template":"","format":"standard","meta":{"footnotes":""},"categories":[5],"tags":[32,33,36,37,27,49,34,35,28,31,48,25,46,42,38,40,39,41,1627,47,29,30,793,26,2037],"class_list":{"0":"post-118011","1":"post","2":"type-post","3":"status-publish","4":"format-standard","5":"has-post-thumbnail","7":"category-naglowki","8":"tag-breaking-news","9":"tag-breakingnews","10":"tag-featured-news","11":"tag-featurednews","12":"tag-headlines","13":"tag-kraj","14":"tag-latest-news","15":"tag-latestnews","16":"tag-naglowki","17":"tag-najwazniejsze-artykuly","18":"tag-nat_styl","19":"tag-news","20":"tag-omp","21":"tag-pl","22":"tag-poland","23":"tag-polish","24":"tag-polska","25":"tag-polski","26":"tag-prokuratura","27":"tag-screening_general","28":"tag-top-stories","29":"tag-topstories","30":"tag-waldemar_zurek","31":"tag-wiadomosci","32":"tag-zbigniew_ziobro"},"share_on_mastodon":{"url":"https:\/\/pubeurope.com\/@pl\/115611567676730275","error":""},"_links":{"self":[{"href":"https:\/\/www.europesays.com\/pl\/wp-json\/wp\/v2\/posts\/118011","targetHints":{"allow":["GET"]}}],"collection":[{"href":"https:\/\/www.europesays.com\/pl\/wp-json\/wp\/v2\/posts"}],"about":[{"href":"https:\/\/www.europesays.com\/pl\/wp-json\/wp\/v2\/types\/post"}],"author":[{"embeddable":true,"href":"https:\/\/www.europesays.com\/pl\/wp-json\/wp\/v2\/users\/2"}],"replies":[{"embeddable":true,"href":"https:\/\/www.europesays.com\/pl\/wp-json\/wp\/v2\/comments?post=118011"}],"version-history":[{"count":0,"href":"https:\/\/www.europesays.com\/pl\/wp-json\/wp\/v2\/posts\/118011\/revisions"}],"wp:featuredmedia":[{"embeddable":true,"href":"https:\/\/www.europesays.com\/pl\/wp-json\/wp\/v2\/media\/118012"}],"wp:attachment":[{"href":"https:\/\/www.europesays.com\/pl\/wp-json\/wp\/v2\/media?parent=118011"}],"wp:term":[{"taxonomy":"category","embeddable":true,"href":"https:\/\/www.europesays.com\/pl\/wp-json\/wp\/v2\/categories?post=118011"},{"taxonomy":"post_tag","embeddable":true,"href":"https:\/\/www.europesays.com\/pl\/wp-json\/wp\/v2\/tags?post=118011"}],"curies":[{"name":"wp","href":"https:\/\/api.w.org\/{rel}","templated":true}]}}