{"id":118033,"date":"2025-11-25T17:54:17","date_gmt":"2025-11-25T17:54:17","guid":{"rendered":"https:\/\/www.europesays.com\/pl\/118033\/"},"modified":"2025-11-25T17:54:17","modified_gmt":"2025-11-25T17:54:17","slug":"piec-powodow-dlaczego-polska-nie-bierze-udzialu-w-rozmowach-o-zakonczeniu-wojny-2","status":"publish","type":"post","link":"https:\/\/www.europesays.com\/pl\/118033\/","title":{"rendered":"Pi\u0119\u0107 powod\u00f3w, dlaczego Polska nie bierze udzia\u0142u w rozmowach o zako\u0144czeniu wojny"},"content":{"rendered":"<p class=\"ods-c-paragraph \">Taki stan rzeczy skutkuje tym, \u017ce stali\u015bmy si\u0119 chorym cz\u0142owiekiem Europy, kt\u00f3rego nikt nie bedzie bra\u0107 na serio. Fakt, i\u017c nie istnieje co\u015b takiego jak stanowisko Polski i nie istnieje co\u015b takiego, jak polska polityka zagraniczna powoduje, \u017ce \u017cadne pa\u0144stwo nie b\u0119dzie si\u0119 z naszym krajem uk\u0142ada\u0107. <\/p>\n<p class=\"ods-c-paragraph \">Uk\u0142adanie si\u0119 z prezydentem i opozycj\u0105, bior\u0105c pod uwag\u0119, \u017ce Polsk\u0105 rz\u0105dzi rz\u0105d, nie ma sensu. Uk\u0142adanie si\u0119 z kolei z rz\u0105dem, zwa\u017cywszy na to, \u017ce sonda\u017ce wskazuj\u0105, i\u017c za dwa lata si\u0119 zmieni, r\u00f3wnie\u017c jest bezcelowe.<\/p>\n<p>Dalszy ci\u0105g artyku\u0142u pod materia\u0142em wideo<\/p>\n<p class=\"ods-c-paragraph \">Przede wszystkim jednak nawet je\u015bli uzna\u0107, \u017ce jest inaczej, ni\u017c zosta\u0142o to uj\u0119te w poprzednich dw\u00f3ch zdaniach, to z ca\u0142\u0105 pewno\u015bci\u0105 poza sporem jest to, \u017ce taki poziom konfliktu jest wygodnym pretekstem dla tych, kt\u00f3rzy chc\u0105 Polsk\u0119 pomija\u0107 w dialogu.<\/p>\n<p class=\"ods-c-paragraph \">Sp\u00f3r o to, kto ponosi odpowiedzialno\u015b\u0107 za powy\u017cszy stan rzeczy, jest groteskowy. Odpowiedzialno\u015b\u0107 ponosz\u0105 bowiem obie strony i musz\u0105 si\u0119, o ile oczywi\u015bcie Polska ma dla nich znaczenie, cofn\u0105\u0107 o kilka krok\u00f3w.<\/p>\n<p>   <img decoding=\"async\" src=\"https:\/\/www.europesays.com\/pl\/wp-content\/uploads\/2025\/11\/BXgk9lBaHR0cHM6Ly9vY2RuLmV1L3B1bHNjbXMvTURBXy84ZDBkMTFiNjY1YjViMzg5ZmQzNDlmNTcxNWU0MjRhYS5qcGeRlQLNB.jpeg\" height=\"627\" width=\"940\" alt=\"Donald Tusk i Karol Nawrocki\" loading=\"lazy\" class=\"ods-c-image__img ods-c-image__img--viewport-width\"\/><\/p>\n<p>Donald Tusk i Karol NawrockiJacek Domi\u0144ski\/Reporter \/ East News<\/p>\n<p class=\"ods-c-paragraph \">Po drugie, Polska nie ma niestety wiele do zaoferowania. W dziedzinie uzbrojenia, to, co mogli\u015bmy Ukrainie przekaza\u0107, ju\u017c przekazali\u015bmy. Przede wszystkim jednak niezale\u017cnie od rozpocz\u0119tego przez rz\u0105d PiS, a kontynuowanego przez obecny rz\u0105d programu zbroje\u0144, pozostajemy biorc\u0105, a nie dawc\u0105 bezpiecze\u0144stwa.<\/p>\n<p class=\"ods-c-paragraph \">Nie dysponujemy te\u017c dostatecznie obfit\u0105 ksi\u0105\u017ceczk\u0105 czekow\u0105, kt\u00f3r\u0105 maj\u0105 najbogatsze pa\u0144stwa Europy, b\u0119d\u0105ce w stanie realnie stworzy\u0107 potrzebne dzisiaj Ukrainie id\u0105ce w miliardy linie kredytowe.<\/p>\n<p class=\"ods-c-paragraph \">Po trzecie, p\u0142ynnie przechodz\u0105c od bezkrytycznego i nieobwarowanego \u017cadnymi oczekiwaniami wspierania Ukrainy do antyukrai\u0144skiej histerii i paranoi, zbudowali\u015bmy obraz pa\u0144stwa niestabilnego emocjonalnie. Z takim pa\u0144stwem nikt nie b\u0119dzie si\u0119 uk\u0142ada\u0142.<\/p>\n<p>Wp\u0142yw antyukrai\u0144skiej narracji<\/p>\n<p class=\"ods-c-paragraph \">Po czwarte, niezale\u017cnie od sporu PiS i prezydenta z Koalicj\u0105 Obywatelsk\u0105, ton polskiej polityce nadaje tak\u017ce antyukrai\u0144ska Konfederacja. Wp\u0142yw polityki tego ugrupowania doprowadzi\u0142 do tego, \u017ce Polska, mimo i\u017c jest to w jej interesie, otwarcie zadeklarowa\u0142a, i\u017c nigdy nie wy\u015ble wojsk na Ukrain\u0119. Taka deklaracja powoduje, \u017ce wy\u0142\u0105czyli\u015bmy si\u0119 z tego istotnego komponentu rozm\u00f3w.<\/p>\n<p><img decoding=\"async\" src=\"https:\/\/www.europesays.com\/pl\/wp-content\/uploads\/2025\/11\/TCfk9lBaHR0cHM6Ly9vY2RuLmV1L3B1bHNjbXMvTURBXy8xNTBjOTY5ZmRhODg2NGMwYTAzMjEzYzE5Mjc5Nzg4Ni5qcGeSlQMAA.jpeg\" height=\"627\" width=\"940\" alt=\"Lider Konfederacji S\u0142awomir Mentzen\" loading=\"lazy\" class=\"ods-c-image__img ods-c-image__img--viewport-width\"\/><\/p>\n<p>Lider Konfederacji S\u0142awomir MentzenMaciej Kulczy\u0144ski \/ PAP<\/p>\n<p class=\"ods-c-paragraph \">Powstanie misji stabilizacyjnej NATO w Ukrainie jest dla nas korzystne, bo w naszym [a ju\u017c na pewno bardziej w naszym ni\u017c np. w\u0142oskim lub hiszpa\u0144skim] interesie jest, by Rosja nie rozp\u0119ta\u0142a kolejnej wojny z Ukrain\u0105 i nie sta\u0142a si\u0119 pewnego dnia zagro\u017ceniem dla Polski.<\/p>\n<p class=\"ods-c-paragraph \">Nie oznacza to oczywi\u015bcie, jak twierdz\u0105 rosyjskie trolle i po\u017cyteczni idioci Putina, \u017ce mieliby\u015bmy pojecha\u0107 na wojn\u0119. Polska mia\u0142aby bowiem wys\u0142a\u0107 wojska po wojnie po to, by nie by\u0142o kolejnej.<\/p>\n<p class=\"ods-c-paragraph \">Oczywiste ponadto jest te\u017c i to, \u017ce nasze wojska powinny stacjonowa\u0107 za wojskami niemieckimi, brytyjskimi i francuskimi, czyli nie na styku z Rosjanami. Tak si\u0119 jednak nie stanie, bo rz\u0105d \u2014 podobnie zreszt\u0105 jak PiS \u2014 uwierzy\u0142, \u017ce ton debacie w Polsce nadaje ju\u017c wy\u0142\u0105cznie Konfederacja.<\/p>\n<p class=\"ods-c-paragraph \"><a href=\"https:\/\/wiadomosci.onet.pl\/swiat\/witold-jurasz-kleska-polski-w-waszyngtonie-ma-dwoch-ojcow\/kwdbcfq\" id=\"de9a773f-cb32-4203-9d51-9e79105f061b\" rel=\"nofollow noopener\" target=\"_blank\">W efekcie, jak pisa\u0142em kilka ledwie tygodni temu,<\/a> Polska w sprawie Ukrainy &#8222;zachowuje si\u0119 jak gracz w pokera, kt\u00f3ry d\u0142ugo graj\u0105c o ca\u0142\u0105 stawk\u0119, nagle odszed\u0142 od sto\u0142u gry i ju\u017c nie graj\u0105c, oczekuje oklask\u00f3w za przesz\u0142\u0105 brawur\u0119&#8221;.<\/p>\n<p>Ca\u0142kowity brak realizmu   <\/p>\n<p class=\"ods-c-paragraph \">Po pi\u0105te, zostali\u015bmy odstawieni jako pa\u0144stwo na boczny tor rozm\u00f3w o pokoju z racji na nasz ca\u0142kowity brak realizmu. Niezmiennie od polskich polityk\u00f3w i \u2014 co gorsza \u2014 r\u00f3wnie\u017c od polskich ekspert\u00f3w wysy\u0142ane w \u015bwiat jest ca\u0142kowicie nierealistyczne, b\u0119d\u0105ce ca\u0142kowit\u0105 fantasmagori\u0105 oczekiwanie, i\u017c wojna powinna zako\u0144czy\u0107 si\u0119 w spos\u00f3b sprawiedliwy, to znaczy kl\u0119sk\u0105 Rosji, a optymalnym jej skutkiem powinien by\u0107 jej rozpad.<\/p>\n<p class=\"ods-c-paragraph \">Tym, czego najwyra\u017aniej nie rozumiej\u0105 liczni nasi b\u0119d\u0105cy w istocie szkodnikami politycy i eksperci jest to, \u017ce m\u00f3wi\u0105c takie rzeczy, zasadniczo os\u0142abiaj\u0105 nasz kraj. <\/p>\n<p class=\"ods-c-paragraph \">Dyplomaci, w przeciwie\u0144stwie do teoretyk\u00f3w bez znaczenia, nie rozmawiaj\u0105 bowiem o tym, co s\u0142uszne, sprawiedliwe i moralne, ale o tym, co mo\u017cliwe. Pa\u0144stwo, kt\u00f3re nie daje \u017cadnej r\u0119kojmi, i\u017c to rozumie, za to intensywnie stara si\u0119 przekona\u0107 wszystkich woko\u0142o, \u017ce jest oderwane od rzeczywisto\u015bci, do sto\u0142u negocjacji nie mo\u017ce zosta\u0107 zaproszone.<\/p>\n<p class=\"ods-c-paragraph \">PRZECZYTAJ: <a href=\"https:\/\/wiadomosci.onet.pl\/tylko-w-onecie\/wicepremier-ukrainy-dostal-pytanie-o-role-polski-po-wojnie-to-bylaby-kropka-nad-i\/wm662pt\" id=\"9843d9f3-2285-4248-946c-d28c4f1664b2\" rel=\"nofollow noopener\" target=\"_blank\">Wicepremier Ukrainy dosta\u0142 pytanie o rol\u0119 Polski po wojnie. &#8222;To by\u0142aby kropka nad i&#8221;<\/a><\/p>\n","protected":false},"excerpt":{"rendered":"Taki stan rzeczy skutkuje tym, \u017ce stali\u015bmy si\u0119 chorym cz\u0142owiekiem Europy, kt\u00f3rego nikt nie bedzie bra\u0107 na serio.&hellip;\n","protected":false},"author":2,"featured_media":118034,"comment_status":"","ping_status":"","sticky":false,"template":"","format":"standard","meta":{"footnotes":""},"categories":[5],"tags":[56,32,33,189,36,37,27,76,7210,34,35,28,31,48,25,46,529,42,38,40,39,41,87,47,80,29,30,415,71,26],"class_list":{"0":"post-118033","1":"post","2":"type-post","3":"status-publish","4":"format-standard","5":"has-post-thumbnail","7":"category-naglowki","8":"tag-article_premium","9":"tag-breaking-news","10":"tag-breakingnews","11":"tag-europa","12":"tag-featured-news","13":"tag-featurednews","14":"tag-headlines","15":"tag-inwazja_rosji_na_ukraine","16":"tag-koalicja_obywatelska","17":"tag-latest-news","18":"tag-latestnews","19":"tag-naglowki","20":"tag-najwazniejsze-artykuly","21":"tag-nat_styl","22":"tag-news","23":"tag-omp","24":"tag-pis","25":"tag-pl","26":"tag-poland","27":"tag-polish","28":"tag-polska","29":"tag-polski","30":"tag-rosja","31":"tag-screening_general","32":"tag-swiat","33":"tag-top-stories","34":"tag-topstories","35":"tag-ukraina","36":"tag-usa","37":"tag-wiadomosci"},"share_on_mastodon":{"url":"https:\/\/pubeurope.com\/@pl\/115611622919803992","error":""},"_links":{"self":[{"href":"https:\/\/www.europesays.com\/pl\/wp-json\/wp\/v2\/posts\/118033","targetHints":{"allow":["GET"]}}],"collection":[{"href":"https:\/\/www.europesays.com\/pl\/wp-json\/wp\/v2\/posts"}],"about":[{"href":"https:\/\/www.europesays.com\/pl\/wp-json\/wp\/v2\/types\/post"}],"author":[{"embeddable":true,"href":"https:\/\/www.europesays.com\/pl\/wp-json\/wp\/v2\/users\/2"}],"replies":[{"embeddable":true,"href":"https:\/\/www.europesays.com\/pl\/wp-json\/wp\/v2\/comments?post=118033"}],"version-history":[{"count":0,"href":"https:\/\/www.europesays.com\/pl\/wp-json\/wp\/v2\/posts\/118033\/revisions"}],"wp:featuredmedia":[{"embeddable":true,"href":"https:\/\/www.europesays.com\/pl\/wp-json\/wp\/v2\/media\/118034"}],"wp:attachment":[{"href":"https:\/\/www.europesays.com\/pl\/wp-json\/wp\/v2\/media?parent=118033"}],"wp:term":[{"taxonomy":"category","embeddable":true,"href":"https:\/\/www.europesays.com\/pl\/wp-json\/wp\/v2\/categories?post=118033"},{"taxonomy":"post_tag","embeddable":true,"href":"https:\/\/www.europesays.com\/pl\/wp-json\/wp\/v2\/tags?post=118033"}],"curies":[{"name":"wp","href":"https:\/\/api.w.org\/{rel}","templated":true}]}}