{"id":118062,"date":"2025-11-25T18:10:11","date_gmt":"2025-11-25T18:10:11","guid":{"rendered":"https:\/\/www.europesays.com\/pl\/118062\/"},"modified":"2025-11-25T18:10:11","modified_gmt":"2025-11-25T18:10:11","slug":"robert-stockinger-reaguje-na-zmiany-w-pytaniu-na-sniadanie-tak-mowi-o-krystynie-sokolowskiej","status":"publish","type":"post","link":"https:\/\/www.europesays.com\/pl\/118062\/","title":{"rendered":"Robert Stockinger reaguje na zmiany w &#8222;Pytaniu na \u015bniadanie&#8221;. Tak m\u00f3wi o Krystynie Soko\u0142owskiej"},"content":{"rendered":"<p class=\"ods-c-paragraph \">&#8222;<a href=\"https:\/\/plejada.pl\/pytanie-na-sniadanie-program-telewizyjny\" id=\"620bd87a-bb20-4e02-acb1-4a16aa59f103\" rel=\"nofollow noopener\" target=\"_blank\">Pytanie na \u015bniadanie<\/a>&#8221; przechodzi kolejne zmiany. W pa\u017adzierniku Agnieszka Wo\u017aniak-Starak zaskoczy\u0142a widz\u00f3w, <a href=\"https:\/\/plejada.pl\/newsy\/agnieszka-wozniak-starak-po-latach-znow-pojawila-sie-w-tvp-nagle-zwrocila-sie-do\/kn0m4vq\" id=\"80ee8186-534d-431a-9af6-d030881571c5\" rel=\"nofollow noopener\" target=\"_blank\">pojawiaj\u0105c si\u0119 na kanapie programu &#8222;Pytanie na \u015bniadanie&#8221;<\/a> \u2014 tym razem w roli go\u015bcia. <a href=\"https:\/\/plejada.pl\/newsy\/agnieszka-wozniak-starak-wraca-do-pytania-na-sniadanie-wiemy-kiedy-zadebiutuje\/d6ld8lp\" id=\"b880b2fb-f2a7-4e18-9f9b-03e075b647d0\" rel=\"nofollow noopener\" target=\"_blank\">Uda\u0142o nam si\u0119 nieoficjalnie ustali\u0107,<\/a> \u017ce dopinanie formalno\u015bci jest ju\u017c na ostatniej prostej, a Wo\u017aniak-Starak ma zadebiutowa\u0107 w &#8222;Pytaniu na \u015bniadanie&#8221; jeszcze w grudniu.<\/p>\n<p class=\"ods-c-paragraph \">Polecamy: <a href=\"https:\/\/plejada.pl\/newsy\/trzesienie-ziemi-w-pytaniu-na-sniadanie-telewizja-polska-potwierdza\/kr1gj3p\" id=\"e21fa3a0-5b72-43a3-a9d5-ae1c67c850a5\" rel=\"nofollow noopener\" target=\"_blank\">Trz\u0119sienie ziemi w &#8222;Pytaniu na \u015bniadanie&#8221;. Telewizja Polska potwierdza<\/a><\/p>\n<p class=\"ods-c-paragraph \"><a href=\"https:\/\/plejada.pl\/newsy\/trzesienie-ziemi-w-pytaniu-na-sniadanie-telewizja-polska-potwierdza\/kr1gj3p\" id=\"772d12d6-c59e-48c9-a4c2-db5018a87911\" rel=\"nofollow noopener\" target=\"_blank\">Jak w poniedzia\u0142ek <\/a>uda\u0142o nam si\u0119 potwierdzi\u0107, Krystyna Soko\u0142owska \u017cegna si\u0119 z formatem. Nie wiadomo jednak, z kim Agnieszka Wo\u017aniak-Starak poprowadzi poranny program.<\/p>\n<blockquote class=\"ods-o-quota\"><\/blockquote>\n<p class=\"ods-c-paragraph \">\u2014 s\u0142yszeli\u015bmy.<\/p>\n<p>Dalszy ci\u0105g artyku\u0142u pod materia\u0142em wideo<\/p>\n<p> Jak Robert Stockinger ocenia prac\u0119 z Krystyn\u0105 Soko\u0142owsk\u0105? <\/p>\n<p> Kiedy Agnieszka Wo\u017aniak-Starak zadebiutuje w 'Pytaniu na \u015bniadanie&#8217;? <\/p>\n<p> Co wiadomo o odej\u015bciu Krystyny Soko\u0142owskiej z programu? <\/p>\n<p> Kto prowadzi\u0142 'Pytanie na \u015bniadanie&#8217; przed Robertem Stockingerem? <\/p>\n<p>  Robert Stockinger o zmianach w &#8222;Pytaniu na \u015bniadanie&#8221;<\/p>\n<p class=\"ods-c-paragraph \"><a href=\"https:\/\/plejada.pl\/robert-stockinger\" id=\"0cb721ce-f40a-4656-ad12-75ccbccadb93\" rel=\"nofollow noopener\" target=\"_blank\">Robert Stockinger<\/a> najpierw wsp\u00f3\u0142pracowa\u0142 z Joann\u0105 G\u00f3rsk\u0105. Od 6 grudnia 2024 r. prowadzi\u0142 \u015bniadani\u00f3wk\u0119 z Miss Polonia 2022. Teraz prezenter w rozmowie z Plejad\u0105 reaguje na roszady w gronie prowadz\u0105cych.<\/p>\n<blockquote class=\"ods-o-quota\">\n<p class=\"ods-o-quota__paragraph\">Dobrze mi si\u0119 z Krysi\u0105 pracowa\u0142o. Kumplowali\u015bmy si\u0119. Lubili\u015bmy si\u0119 zar\u00f3wno na antenie, jak i poza<\/p>\n<\/blockquote>\n<p class=\"ods-c-paragraph \">\u2014 t\u0142umaczy.<\/p>\n<p class=\"ods-c-paragraph \">Polecamy: <a href=\"https:\/\/plejada.pl\/newsy\/krystyna-sokolowska-z-trudem-ukrywala-stres-pokazal-nagranie-zza-kulis-pns\/92q74wt\" id=\"218713bd-300a-46ae-8e5b-b503f2e3a817\" rel=\"nofollow noopener\" target=\"_blank\">Nowa prowadz\u0105ca &#8222;Pn\u015b&#8221; z trudem ukrywa\u0142a stres. Na nagraniu zaprzeczy\u0142a<\/a><\/p>\n<p class=\"ods-c-paragraph \">Dzi\u0119kujemy, \u017ce przeczyta\u0142a\u015b\/e\u015b nasz artyku\u0142 do ko\u0144ca. W serwisie Plejada.pl ka\u017cdego dnia piszemy o najwa\u017cniejszych wydarzeniach show-biznesowych. B\u0105d\u017a na bie\u017c\u0105co! <a rel=\"nofollow noopener\" href=\"https:\/\/news.google.com\/publications\/CAAiEF0PeAlb7W1llpV_mwV2rL4qFAgKIhBdD3gJW-1tZZaVf5sFdqy-?hl=pl&amp;gl=PL&amp;ceid=PL%3Apl\" id=\"e6041e46-f8b7-4caa-8f10-2c74d65b6209\" target=\"_blank\">Obserwuj<\/a> Plejad\u0119 w Wiadomo\u015bciach Google. Odwied\u017a nas tak\u017ce na <a rel=\"nofollow noopener\" href=\"https:\/\/www.facebook.com\/plejadapl\" id=\"2c914a0a-afdc-4f91-8dd9-6d2e5481fa2b\" target=\"_blank\">Facebooku<\/a>, <a rel=\"nofollow noopener\" href=\"https:\/\/www.instagram.com\/plejadapl\/\" id=\"1119a655-757b-434f-9398-bfddbdf9283b\" target=\"_blank\">Instagramie<\/a>, <a rel=\"nofollow noopener\" href=\"https:\/\/www.youtube.com\/c\/plejada\" id=\"3bc5a2b5-62b6-4de6-8075-f78ecb58073e\" target=\"_blank\">YouTubie<\/a> oraz <a rel=\"nofollow noopener\" href=\"https:\/\/www.tiktok.com\/@plejada_pl\" id=\"641b50fb-5631-4aab-8df9-09721648a22a\" target=\"_blank\">TikToku<\/a>.<\/p>\n<p class=\"ods-c-paragraph \">Chcesz podzieli\u0107 si\u0119 ciekawym newsem lub zaproponowa\u0107 temat? Skontaktuj si\u0119 z nami, pisz\u0105c maila na adres: <a rel=\"nofollow noopener\" href=\"https:\/\/plejada.pl\/newsy\/robert-stockinger-reaguje-na-zmiany-w-pytaniu-na-sniadanie-tak-mowi-o-krystynie\/mailto:plejada@redakcjaonet.pl\" id=\"a8297ce1-af55-4f72-8a98-f42017fdacde\" target=\"_blank\">plejada@redakcjaonet.pl<\/a>.<\/p>\n<p><script async src=\"\/\/www.instagram.com\/embed.js\"><\/script><script async src=\"\/\/www.tiktok.com\/embed.js\"><\/script><\/p>\n","protected":false},"excerpt":{"rendered":"&#8222;Pytanie na \u015bniadanie&#8221; przechodzi kolejne zmiany. W pa\u017adzierniku Agnieszka Wo\u017aniak-Starak zaskoczy\u0142a widz\u00f3w, pojawiaj\u0105c si\u0119 na kanapie programu &#8222;Pytanie&hellip;\n","protected":false},"author":2,"featured_media":118063,"comment_status":"","ping_status":"","sticky":false,"template":"","format":"standard","meta":{"footnotes":""},"categories":[22],"tags":[122,48,125,46,42,38,40,39,41,2577,13800,123,47,506,338],"class_list":{"0":"post-118062","1":"post","2":"type-post","3":"status-publish","4":"format-standard","5":"has-post-thumbnail","7":"category-rozrywka","8":"tag-entertainment","9":"tag-nat_styl","10":"tag-newsy","11":"tag-omp","12":"tag-pl","13":"tag-poland","14":"tag-polish","15":"tag-polska","16":"tag-polski","17":"tag-pytanie_na_sniadanie","18":"tag-robert_stockinger","19":"tag-rozrywka","20":"tag-screening_general","21":"tag-tvp","22":"tag-tylko_w_plejadzie"},"share_on_mastodon":{"url":"https:\/\/pubeurope.com\/@pl\/115611685722331033","error":""},"_links":{"self":[{"href":"https:\/\/www.europesays.com\/pl\/wp-json\/wp\/v2\/posts\/118062","targetHints":{"allow":["GET"]}}],"collection":[{"href":"https:\/\/www.europesays.com\/pl\/wp-json\/wp\/v2\/posts"}],"about":[{"href":"https:\/\/www.europesays.com\/pl\/wp-json\/wp\/v2\/types\/post"}],"author":[{"embeddable":true,"href":"https:\/\/www.europesays.com\/pl\/wp-json\/wp\/v2\/users\/2"}],"replies":[{"embeddable":true,"href":"https:\/\/www.europesays.com\/pl\/wp-json\/wp\/v2\/comments?post=118062"}],"version-history":[{"count":0,"href":"https:\/\/www.europesays.com\/pl\/wp-json\/wp\/v2\/posts\/118062\/revisions"}],"wp:featuredmedia":[{"embeddable":true,"href":"https:\/\/www.europesays.com\/pl\/wp-json\/wp\/v2\/media\/118063"}],"wp:attachment":[{"href":"https:\/\/www.europesays.com\/pl\/wp-json\/wp\/v2\/media?parent=118062"}],"wp:term":[{"taxonomy":"category","embeddable":true,"href":"https:\/\/www.europesays.com\/pl\/wp-json\/wp\/v2\/categories?post=118062"},{"taxonomy":"post_tag","embeddable":true,"href":"https:\/\/www.europesays.com\/pl\/wp-json\/wp\/v2\/tags?post=118062"}],"curies":[{"name":"wp","href":"https:\/\/api.w.org\/{rel}","templated":true}]}}