{"id":118107,"date":"2025-11-25T18:37:09","date_gmt":"2025-11-25T18:37:09","guid":{"rendered":"https:\/\/www.europesays.com\/pl\/118107\/"},"modified":"2025-11-25T18:37:09","modified_gmt":"2025-11-25T18:37:09","slug":"powiedzial-tak-realowi-transfer-wielkiego-talentu-juz-przesadzony","status":"publish","type":"post","link":"https:\/\/www.europesays.com\/pl\/118107\/","title":{"rendered":"Powiedzia\u0142 &#8222;tak&#8221; Realowi. Transfer wielkiego talentu ju\u017c przes\u0105dzony?"},"content":{"rendered":"\n<p class=\"contentpart contentpart--default contentpart--text\" data-position=\"0\"><a href=\"https:\/\/sportowefakty.wp.pl\/pilka-nozna\/nico-paz\" rel=\"nofollow noopener\" target=\"_blank\">Nico Paz<\/a>\u00a0przed startem poprzedniego sezonu trafi\u0142 za 6 mln euro do <a href=\"https:\/\/sportowefakty.wp.pl\/pilka-nozna\/calcio-como\" rel=\"nofollow noopener\" target=\"_blank\">Como 1907<\/a>\u00a0i podpisa\u0142 z klubem czteroletni\u0105 umow\u0119. <a href=\"https:\/\/sportowefakty.wp.pl\/pilka-nozna\/real-madryt\" rel=\"nofollow noopener\" target=\"_blank\">Real Madryt<\/a>\u00a0zadba\u0142 jednak o swoje interesy i zagwarantowa\u0142 sobie mo\u017cliwo\u015b\u0107 jego odkupienia za 10 mln euro w 2026 roku. Klauzula ta ma zosta\u0107 aktywowana w czerwcu.<\/p>\n<p class=\"contentpart contentpart--default contentpart--text\" data-position=\"1\">Niedawno pojawi\u0142y si\u0119 g\u0142osy, \u017ce Real b\u0119dzie chcia\u0142 sprowadzi\u0107 go ju\u017c w zimowym oknie transferowym. Como 1907 nie chce jednak rozstawa\u0107 si\u0119 ze swoim liderem w trakcie sezonu. Nowe informacje w tej sprawie przekaza\u0142 Fabrizio Romano.<\/p>\n<p> <img role=\"presentation\" src=\"https:\/\/std.wpcdn.pl\/images\/adv\/placeholder_wp.svg\" loading=\"lazy\" alt=\"\" decoding=\"async\"\/>  <\/p>\n<p class=\"contentpart contentpart--default contentpart--text\" data-position=\"2\">ZOBACZ WIDEO: #dziejesiewsporcie: By\u0142a 10. sekunda meczu. Niebywa\u0142e, co zrobi\u0142 bramkarz<\/p>\n<p class=\"contentpart contentpart--default contentpart--text\" data-position=\"4\">W\u0142oski dziennikarz donosi, \u017ce &#8222;Kr\u00f3lewscy&#8221; planuj\u0105 wykorzysta\u0107 zapis w umowie, a Paz ma by\u0107 pierwszym transferem tego klubu w letnim oknie transferowym. Co wi\u0119cej, sam pi\u0142karz podobno da\u0142 ju\u017c zielone \u015bwiat\u0142o na powr\u00f3t do stolicy Hiszpanii.\u00a0<\/p>\n<p class=\"contentpart contentpart--default contentpart--text\" data-position=\"5\">W tym sezonie 21-letni ofensywny pomocnik jest wyr\u00f3\u017cniaj\u0105c\u0105 si\u0119 postaci\u0105\u00a0<a href=\"https:\/\/sportowefakty.wp.pl\/pilka-nozna\/serie-a\" rel=\"nofollow noopener\" target=\"_blank\">Serie A<\/a>. W 12 meczach zdoby\u0142 pi\u0119\u0107 goli i czterokrotnie asystowa\u0142 kolegom.<\/p>\n<p class=\"contentpart contentpart--default contentpart--text\" data-position=\"6\">Dobra forma Argenty\u0144czyka sprawi\u0142a, \u017ce uwag\u0119 zwr\u00f3ci\u0142y na niego r\u00f3wnie\u017c inne czo\u0142owe ekipy Europy. Pono\u0107 70 mln euro latem oferowa\u0142 za niego Tottenham Hotspur, a w swoich szeregach ch\u0119tnie widzia\u0142by go r\u00f3wnie\u017c Inter Mediolan.<\/p>\n<p> <img role=\"presentation\" src=\"https:\/\/std.wpcdn.pl\/images\/adv\/placeholder_wp.svg\" loading=\"lazy\" alt=\"\" decoding=\"async\"\/>  <\/p>\n<p class=\"contentpart contentpart--default contentpart--text\" data-position=\"7\">Wygl\u0105da jednak na to, \u017ce obecnie Paz rozwa\u017ca wy\u0142\u0105cznie powr\u00f3t do Realu. Dodajmy, \u017ce serwis Transfermarkt wycenia go na 55 mln euro.<\/p>\n<p class=\"contentpart contentpart--default contentpart--text\" data-position=\"9\"><a href=\"https:\/\/sportowefakty.wp.pl\/pilka-nozna\/transfery\" rel=\"nofollow noopener\" target=\"_blank\">Transfery<\/a>\u00a0<a href=\"https:\/\/sportowefakty.wp.pl\/pilka-nozna\" rel=\"nofollow noopener\" target=\"_blank\">Pi\u0142ka no\u017cna<\/a><\/p>\n","protected":false},"excerpt":{"rendered":"Nico Paz\u00a0przed startem poprzedniego sezonu trafi\u0142 za 6 mln euro do Como 1907\u00a0i podpisa\u0142 z klubem czteroletni\u0105 umow\u0119.&hellip;\n","protected":false},"author":2,"featured_media":118108,"comment_status":"","ping_status":"","sticky":false,"template":"","format":"standard","meta":{"footnotes":""},"categories":[24],"tags":[17179,25508,269,42,38,40,39,41,692,3539,127,126,2817],"class_list":{"0":"post-118107","1":"post","2":"type-post","3":"status-publish","4":"format-standard","5":"has-post-thumbnail","7":"category-sport","8":"tag-como-1907","9":"tag-nico-paz","10":"tag-pilka-nozna","11":"tag-pl","12":"tag-poland","13":"tag-polish","14":"tag-polska","15":"tag-polski","16":"tag-real-madryt","17":"tag-serie-a","18":"tag-sport","19":"tag-sports","20":"tag-transfery"},"share_on_mastodon":{"url":"https:\/\/pubeurope.com\/@pl\/115611791797047790","error":""},"_links":{"self":[{"href":"https:\/\/www.europesays.com\/pl\/wp-json\/wp\/v2\/posts\/118107","targetHints":{"allow":["GET"]}}],"collection":[{"href":"https:\/\/www.europesays.com\/pl\/wp-json\/wp\/v2\/posts"}],"about":[{"href":"https:\/\/www.europesays.com\/pl\/wp-json\/wp\/v2\/types\/post"}],"author":[{"embeddable":true,"href":"https:\/\/www.europesays.com\/pl\/wp-json\/wp\/v2\/users\/2"}],"replies":[{"embeddable":true,"href":"https:\/\/www.europesays.com\/pl\/wp-json\/wp\/v2\/comments?post=118107"}],"version-history":[{"count":0,"href":"https:\/\/www.europesays.com\/pl\/wp-json\/wp\/v2\/posts\/118107\/revisions"}],"wp:featuredmedia":[{"embeddable":true,"href":"https:\/\/www.europesays.com\/pl\/wp-json\/wp\/v2\/media\/118108"}],"wp:attachment":[{"href":"https:\/\/www.europesays.com\/pl\/wp-json\/wp\/v2\/media?parent=118107"}],"wp:term":[{"taxonomy":"category","embeddable":true,"href":"https:\/\/www.europesays.com\/pl\/wp-json\/wp\/v2\/categories?post=118107"},{"taxonomy":"post_tag","embeddable":true,"href":"https:\/\/www.europesays.com\/pl\/wp-json\/wp\/v2\/tags?post=118107"}],"curies":[{"name":"wp","href":"https:\/\/api.w.org\/{rel}","templated":true}]}}