{"id":118123,"date":"2025-11-25T18:46:12","date_gmt":"2025-11-25T18:46:12","guid":{"rendered":"https:\/\/www.europesays.com\/pl\/118123\/"},"modified":"2025-11-25T18:46:12","modified_gmt":"2025-11-25T18:46:12","slug":"chieftec-the-cube-tania-obudowa-matx-jak-glosnik-ktora-oferuje-skladana-konstrukcje-i-200-mm-wentylator-specyfikacja-i-cena","status":"publish","type":"post","link":"https:\/\/www.europesays.com\/pl\/118123\/","title":{"rendered":"Chieftec The Cube &#8211; tania obudowa mATX jak g\u0142o\u015bnik, kt\u00f3ra oferuje sk\u0142adan\u0105 konstrukcj\u0119 i 200 mm wentylator. Specyfikacja i cena"},"content":{"rendered":"<p><img decoding=\"async\" class=\"teaserfoto\" src=\"https:\/\/www.europesays.com\/pl\/wp-content\/uploads\/2025\/11\/49037.png\" alt=\"Chieftec The Cube - tania obudowa mATX jak g\u0142o\u015bnik, kt\u00f3ra oferuje sk\u0142adan\u0105 konstrukcj\u0119 i 200 mm wentylator. Specyfikacja i cena\"\/>Na rynek zawita\u0142a interesuj\u0105ca obudowa od marki Chieftec, kt\u00f3r\u0105 mo\u017cemy kojarzy\u0107 r\u00f3wnie\u017c z ch\u0142odze\u0144 AiO. Z wygl\u0105du przypomina ona bowiem tytu\u0142owy g\u0142o\u015bnik, wi\u0119c mo\u017ce si\u0119 dobrze komponowa\u0107 z r\u00f3\u017cnymi wystrojami wn\u0119trz. Opr\u00f3cz ciekawego designu mo\u017cemy liczy\u0107 na otwieran\u0105 konstrukcj\u0119, wyci\u0105gane wn\u0119ki na no\u015bniki danych, czy te\u017c poziomy monta\u017c p\u0142yty g\u0142\u00f3wnej. Nie zabrak\u0142o filtr\u00f3w przeciwkurzowych, jak r\u00f3wnie\u017c sporego, bo a\u017c 200-milimetrowego wentylatora na froncie.<\/p>\n<p>Chieftec wprowadzi\u0142 do sprzeda\u017cy obudow\u0119 w standardzie MicroATX, kt\u00f3ra w stosunku do innych wyr\u00f3\u017cnia si\u0119 swoim wygl\u0105dem, funkcjonaln\u0105 konstrukcj\u0105, a przy okazji r\u00f3wnie\u017c cen\u0105. Du\u017cy wentylator na froncie i obs\u0142uga 240 mm AiO.\u00a0<\/p>\n<p class=\"center\"><a class=\"colorbox\" href=\"https:\/\/www.purepc.pl\/image\/news\/2025\/11\/25_chieftec_the_cube_tania_obudowa_matx_jak_glosnik_ktora_oferuje_skladana_konstrukcje_i_200_mm_wentylator_specyfikacja_i_cena_0_b.jpg\" rel=\"nofollow noopener\" target=\"_blank\"><img decoding=\"async\" src=\"https:\/\/www.europesays.com\/pl\/wp-content\/uploads\/2025\/11\/25_chieftec_the_cube_tania_obudowa_matx_jak_glosnik_ktora_oferuje_skladana_konstrukcje_i_200_mm_went.jpeg\" alt=\"Chieftec The Cube - tania obudowa mATX jak g\u0142o\u015bnik, kt\u00f3ra oferuje sk\u0142adan\u0105 konstrukcj\u0119 i 200 mm wentylator. Specyfikacja i cena [1]\"\/><\/a><\/p>\n<p><a title=\"Jaka obudowa do komputera? Polecane obudowy komputerowe na listopad 2025. Poradnik zakupowy od 200 do 2000 z\u0142otych\" href=\"https:\/\/www.purepc.pl\/jaka-obudowa-do-komputera-gamingowego-co-kupic-listopad-2025\" rel=\"nofollow noopener\" target=\"_blank\">Jaka obudowa do komputera? Polecane obudowy komputerowe na listopad 2025. Poradnik zakupowy od 200 do 2000 z\u0142otych<\/a><\/p>\n<p><a href=\"https:\/\/www.purepc.pl\/artykuly\/obudowy\" rel=\"nofollow noopener\" target=\"_blank\">Obudowa<\/a> komputerowa <a href=\"https:\/\/www.purepc.pl\/tagi\/chieftec\" rel=\"nofollow noopener\" target=\"_blank\">Chieftec<\/a> The Cube opiera si\u0119 na stalowej konstrukcji, kt\u00f3r\u0105 otwiera si\u0119 w do\u015b\u0107 nietypowy spos\u00f3b. Opr\u00f3cz dw\u00f3ch \u015bci\u0105ganych paneli bocznych mo\u017cemy bowiem otworzy\u0107 g\u00f3r\u0119, aby mie\u0107 lepszy dost\u0119p do \u015brodka. M\u00f3wimy tutaj o stosunkowo kompaktowym modelu, wi\u0119c mo\u017cliwo\u015bci s\u0105 ograniczone. Nowo\u015b\u0107 obs\u0142uguje p\u0142yty g\u0142\u00f3wne w formacie Mini ITX, a tak\u017ce <a href=\"https:\/\/www.purepc.pl\/tagi\/microatx\" rel=\"nofollow noopener\" target=\"_blank\">MicroATX<\/a>, kt\u00f3re uk\u0142ada si\u0119 poziomo &#8211; takie rozwi\u0105zanie z mojej perspektywy nale\u017cy zaliczy\u0107 na plus, poniewa\u017c nie potrzebna jest podp\u00f3rka dla kart graficznych (te mog\u0105 mie\u0107 max. 335 mm d\u0142ugo\u015bci). &#8222;Kostka&#8221; wyr\u00f3\u017cnia si\u0119 te\u017c swoim przednim wentylatorem o \u015brednicy 200 mm z \u0142o\u017cyskiem HDB (przed nim znajduje si\u0119 tkanina, kt\u00f3r\u0105 mo\u017cna wyj\u0105\u0107), kt\u00f3rego obrotami b\u0119dziemy w stanie sterowa\u0107 (PWM). Na g\u00f3rze mamy miejsce, aby &#8222;do\u0142o\u017cy\u0107&#8221; drugi tej samej wielko\u015bci lub 240-milimetrow\u0105 ch\u0142odnic\u0119 od AiO.<\/p>\n<tr>\n<td style=\"width: 48.2912%;\">\u00a0<\/td>\n<td style=\"width: 48.2912%;\">Chieftec The Cube<\/td>\n<\/tr>\n<tr>\n<td style=\"width: 48.2912%;\">Format<\/td>\n<td style=\"width: 48.2912%;\">MicroATX<\/td>\n<\/tr>\n<tr>\n<td style=\"width: 48.2912%;\">Materia\u0142<\/td>\n<td style=\"width: 48.2912%;\">0,6 mm SPCC<\/td>\n<\/tr>\n<tr>\n<td style=\"width: 48.2912%;\">P\u0142yty g\u0142\u00f3wne<\/td>\n<td style=\"width: 48.2912%;\">Mini ITX, mATX<\/td>\n<\/tr>\n<tr>\n<td style=\"width: 48.2912%;\">Sloty rozszerze\u0144<\/td>\n<td style=\"width: 48.2912%;\">4<\/td>\n<\/tr>\n<tr>\n<td style=\"width: 48.2912%;\">Panel I\/O<\/td>\n<td style=\"width: 48.2912%;\">1 x Wyj\u015bcie audio (AZALIA \/ HD-Audio)<br \/>1 x Wej\u015bcie mikrofonowe<br \/>1 x USB 3.2 Gen 2 typu C<br \/>2 x USB 3.0 typu A<\/td>\n<\/tr>\n<tr>\n<td style=\"width: 48.2912%;\">No\u015bniki danych<\/td>\n<td style=\"width: 48.2912%;\">2 x 3,5&#8243; oraz 2 x 2,5&#8243;<\/td>\n<\/tr>\n<tr>\n<td style=\"width: 48.2912%;\">Ch\u0142odzenie CPU<\/td>\n<td style=\"width: 48.2912%;\">do 160 mm wysoko\u015bci<\/td>\n<\/tr>\n<tr>\n<td style=\"width: 48.2912%;\">Karta graficzna<\/td>\n<td style=\"width: 48.2912%;\">do 335 mm d\u0142ugo\u015bci<\/td>\n<\/tr>\n<tr>\n<td style=\"width: 48.2912%;\">Ch\u0142odzenie<\/td>\n<td style=\"width: 48.2912%;\">1 x 200 mm<br \/>Ty\u0142: 1 x 120 mm<br \/>G\u00f3ra: 1 x 120 lub 1 x 200 mm<\/td>\n<\/tr>\n<tr>\n<td style=\"width: 48.2912%;\">Radiator<\/td>\n<td style=\"width: 48.2912%;\">G\u00f3ra: 240 mm<\/td>\n<\/tr>\n<tr>\n<td style=\"width: 48.2912%;\">Preinstalowane<\/td>\n<td style=\"width: 48.2912%;\">Prz\u00f3d: 1 x 200 mm PWM (\u0142o\u017cysko HDB)<\/td>\n<\/tr>\n<tr>\n<td style=\"width: 48.2912%;\">Zasilacz<\/td>\n<td style=\"width: 48.2912%;\">ATX PSU (opcjonalny, do 160 mm d\u0142ugo\u015bci)<\/td>\n<\/tr>\n<tr>\n<td style=\"width: 48.2912%;\">Filtry przeciwkurzowe<\/td>\n<td style=\"width: 48.2912%;\">Bok, d\u00f3\u0142 (wyjmowany)<\/td>\n<\/tr>\n<tr>\n<td style=\"width: 48.2912%;\">Wymiary<\/td>\n<td style=\"width: 48.2912%;\">385 x 355 x 265 mm<\/td>\n<\/tr>\n<tr>\n<td style=\"width: 48.2912%;\">Waga<\/td>\n<td style=\"width: 48.2912%;\">4,64 kg<\/td>\n<\/tr>\n<tr>\n<td style=\"width: 48.2912%;\">Kolor<\/td>\n<td style=\"width: 48.2912%;\">Czarny<\/td>\n<\/tr>\n<tr>\n<td style=\"width: 48.2912%;\">W zestawie<\/td>\n<td style=\"width: 48.2912%;\">Zestaw \u015brubek, instrukcja, filtr dolny<\/td>\n<\/tr>\n<tr>\n<td style=\"width: 48.2912%;\">Gwarancja<\/td>\n<td style=\"width: 48.2912%;\">24 miesi\u0105ce<\/td>\n<\/tr>\n<tr>\n<td style=\"width: 48.2912%;\">Ceny<\/td>\n<td style=\"width: 48.2912%;\">189,84 z\u0142 (morele.net)<\/td>\n<\/tr>\n<p class=\"center\"><a class=\"colorbox\" href=\"https:\/\/www.purepc.pl\/image\/news\/2025\/11\/25_chieftec_the_cube_tania_obudowa_matx_jak_glosnik_ktora_oferuje_skladana_konstrukcje_i_200_mm_wentylator_specyfikacja_i_cena_1_b.jpg\" rel=\"nofollow noopener\" target=\"_blank\"><img decoding=\"async\" src=\"https:\/\/www.europesays.com\/pl\/wp-content\/uploads\/2025\/11\/1764096370_983_25_chieftec_the_cube_tania_obudowa_matx_jak_glosnik_ktora_oferuje_skladana_konstrukcje_i_200_mm_went.jpeg\" alt=\"Chieftec The Cube - tania obudowa mATX jak g\u0142o\u015bnik, kt\u00f3ra oferuje sk\u0142adan\u0105 konstrukcj\u0119 i 200 mm wentylator. Specyfikacja i cena [2]\"\/><\/a><\/p>\n<p><a title=\"Test obudowy komputerowej ASUS ProArt PA401 - Elegancka konstrukcja z kilkoma ciekawymi rozwi\u0105zaniami\" href=\"https:\/\/www.purepc.pl\/asus-proart-pa401-recenzja-test-opinia-specyfikacja-cena\" rel=\"nofollow noopener\" target=\"_blank\">Test obudowy komputerowej ASUS ProArt PA401 &#8211; Elegancka konstrukcja z kilkoma ciekawymi rozwi\u0105zaniami<\/a><\/p>\n<p>Na no\u015bniki danych przeznaczono cztery wn\u0119ki (dwa miejsca na SSD i dwa na HDD), kt\u00f3re mo\u017cna ca\u0142kowicie wyci\u0105gn\u0105\u0107. W lewym boku ulokowano pierwszy filtr przeciwkurzowy &#8211; drugi znajduje si\u0119 pod zasilaczem i jest wyci\u0105gany. Na panelu I\/O spotkamy si\u0119 z przyciskiem zasilania, kilkoma portami USB (jeden typu C), a tak\u017ce gniazdem s\u0142uchawkowym i mikrofonowym. Przyznamy wi\u0119c, \u017ce ca\u0142o\u015b\u0107 prezentuje si\u0119 interesuj\u0105co, cho\u0107 z pewno\u015bci\u0105 nie oka\u017ce si\u0119 odpowiednia dla ka\u017cdego u\u017cytkownika. Sporym plusem &#8211; w mojej ocenie &#8211; jest cena, kt\u00f3ra w sklepie morele.net wynosi na chwil\u0119 pisania materia\u0142u 189,84 z\u0142. Na koniec mog\u0119 poinformowa\u0107, \u017ce redakcja PurePC ma ju\u017c ten model, wi\u0119c wkr\u00f3tce uka\u017ce si\u0119 pe\u0142na recenzja &#8211; warto na ni\u0105 poczeka\u0107 przed zakupem. Z kolei oficjaln\u0105 stron\u0119 z tym produktem znajdziemy <a href=\"https:\/\/www.chieftec.eu\/products-detail\/pl\/658\/CI-03B-OP\" rel=\"nofollow noopener\" target=\"_blank\">POD TYM ADRESEM<\/a>.<\/p>\n<p class=\"center\"><a class=\"colorbox\" href=\"https:\/\/www.purepc.pl\/image\/news\/2025\/11\/25_chieftec_the_cube_tania_obudowa_matx_jak_glosnik_ktora_oferuje_skladana_konstrukcje_i_200_mm_wentylator_specyfikacja_i_cena_5_b.png\" rel=\"nofollow noopener\" target=\"_blank\"><img decoding=\"async\" src=\"https:\/\/www.europesays.com\/pl\/wp-content\/uploads\/2025\/11\/25_chieftec_the_cube_tania_obudowa_matx_jak_glosnik_ktora_oferuje_skladana_konstrukcje_i_200_mm_went.png\" alt=\"Chieftec The Cube - tania obudowa mATX jak g\u0142o\u015bnik, kt\u00f3ra oferuje sk\u0142adan\u0105 konstrukcj\u0119 i 200 mm wentylator. Specyfikacja i cena [3]\"\/><\/a><\/p>\n<p class=\"center\"><a class=\"colorbox\" href=\"https:\/\/www.purepc.pl\/image\/news\/2025\/11\/25_chieftec_the_cube_tania_obudowa_matx_jak_glosnik_ktora_oferuje_skladana_konstrukcje_i_200_mm_wentylator_specyfikacja_i_cena_4_b.png\" rel=\"nofollow noopener\" target=\"_blank\"><img decoding=\"async\" src=\"https:\/\/www.europesays.com\/pl\/wp-content\/uploads\/2025\/11\/1764096371_378_25_chieftec_the_cube_tania_obudowa_matx_jak_glosnik_ktora_oferuje_skladana_konstrukcje_i_200_mm_went.png\" alt=\"Chieftec The Cube - tania obudowa mATX jak g\u0142o\u015bnik, kt\u00f3ra oferuje sk\u0142adan\u0105 konstrukcj\u0119 i 200 mm wentylator. Specyfikacja i cena [4]\"\/><\/a><\/p>\n<p class=\"center\"><a class=\"colorbox\" href=\"https:\/\/www.purepc.pl\/image\/news\/2025\/11\/25_chieftec_the_cube_tania_obudowa_matx_jak_glosnik_ktora_oferuje_skladana_konstrukcje_i_200_mm_wentylator_specyfikacja_i_cena_3_b.png\" rel=\"nofollow noopener\" target=\"_blank\"><img decoding=\"async\" src=\"https:\/\/www.europesays.com\/pl\/wp-content\/uploads\/2025\/11\/1764096371_426_25_chieftec_the_cube_tania_obudowa_matx_jak_glosnik_ktora_oferuje_skladana_konstrukcje_i_200_mm_went.png\" alt=\"Chieftec The Cube - tania obudowa mATX jak g\u0142o\u015bnik, kt\u00f3ra oferuje sk\u0142adan\u0105 konstrukcj\u0119 i 200 mm wentylator. Specyfikacja i cena [5]\"\/><\/a><\/p>\n<p class=\"center\"><a class=\"colorbox\" href=\"https:\/\/www.purepc.pl\/image\/news\/2025\/11\/25_chieftec_the_cube_tania_obudowa_matx_jak_glosnik_ktora_oferuje_skladana_konstrukcje_i_200_mm_wentylator_specyfikacja_i_cena_2_b.jpg\" rel=\"nofollow noopener\" target=\"_blank\"><img decoding=\"async\" src=\"https:\/\/www.europesays.com\/pl\/wp-content\/uploads\/2025\/11\/1764096372_145_25_chieftec_the_cube_tania_obudowa_matx_jak_glosnik_ktora_oferuje_skladana_konstrukcje_i_200_mm_went.jpeg\" alt=\"Chieftec The Cube - tania obudowa mATX jak g\u0142o\u015bnik, kt\u00f3ra oferuje sk\u0142adan\u0105 konstrukcj\u0119 i 200 mm wentylator. Specyfikacja i cena [6]\"\/><\/a><\/p>\n<p class=\"center\">\n<p>\u0179r\u00f3d\u0142o: VideoCardz, Chieftec<\/p>\n","protected":false},"excerpt":{"rendered":"Na rynek zawita\u0142a interesuj\u0105ca obudowa od marki Chieftec, kt\u00f3r\u0105 mo\u017cemy kojarzy\u0107 r\u00f3wnie\u017c z ch\u0142odze\u0144 AiO. Z wygl\u0105du przypomina&hellip;\n","protected":false},"author":2,"featured_media":118124,"comment_status":"","ping_status":"","sticky":false,"template":"","format":"standard","meta":{"footnotes":""},"categories":[20],"tags":[25517,25518,25519,25520,13094,18589,120,118,119,4498,42,38,40,39,41,25521,116,114,115,329,121,117],"class_list":{"0":"post-118123","1":"post","2":"type-post","3":"status-publish","4":"format-standard","5":"has-post-thumbnail","7":"category-nauka-i-technika","8":"tag-chieftec","9":"tag-chieftec-the-cube","10":"tag-hdb","11":"tag-matx","12":"tag-microatx","13":"tag-mini-itx","14":"tag-nauka","15":"tag-nauka-i-technika","16":"tag-naukatechnika","17":"tag-obudowa","18":"tag-pl","19":"tag-poland","20":"tag-polish","21":"tag-polska","22":"tag-polski","23":"tag-pwm","24":"tag-science","25":"tag-science-and-technology","26":"tag-sciencetechnology","27":"tag-specyfikacja","28":"tag-technika","29":"tag-technology"},"share_on_mastodon":{"url":"https:\/\/pubeurope.com\/@pl\/115611827924529300","error":""},"_links":{"self":[{"href":"https:\/\/www.europesays.com\/pl\/wp-json\/wp\/v2\/posts\/118123","targetHints":{"allow":["GET"]}}],"collection":[{"href":"https:\/\/www.europesays.com\/pl\/wp-json\/wp\/v2\/posts"}],"about":[{"href":"https:\/\/www.europesays.com\/pl\/wp-json\/wp\/v2\/types\/post"}],"author":[{"embeddable":true,"href":"https:\/\/www.europesays.com\/pl\/wp-json\/wp\/v2\/users\/2"}],"replies":[{"embeddable":true,"href":"https:\/\/www.europesays.com\/pl\/wp-json\/wp\/v2\/comments?post=118123"}],"version-history":[{"count":0,"href":"https:\/\/www.europesays.com\/pl\/wp-json\/wp\/v2\/posts\/118123\/revisions"}],"wp:featuredmedia":[{"embeddable":true,"href":"https:\/\/www.europesays.com\/pl\/wp-json\/wp\/v2\/media\/118124"}],"wp:attachment":[{"href":"https:\/\/www.europesays.com\/pl\/wp-json\/wp\/v2\/media?parent=118123"}],"wp:term":[{"taxonomy":"category","embeddable":true,"href":"https:\/\/www.europesays.com\/pl\/wp-json\/wp\/v2\/categories?post=118123"},{"taxonomy":"post_tag","embeddable":true,"href":"https:\/\/www.europesays.com\/pl\/wp-json\/wp\/v2\/tags?post=118123"}],"curies":[{"name":"wp","href":"https:\/\/api.w.org\/{rel}","templated":true}]}}