{"id":118161,"date":"2025-11-25T19:11:09","date_gmt":"2025-11-25T19:11:09","guid":{"rendered":"https:\/\/www.europesays.com\/pl\/118161\/"},"modified":"2025-11-25T19:11:09","modified_gmt":"2025-11-25T19:11:09","slug":"usa-dokrecaja-srube-migrantom-z-ukrainy-wielu-z-nich-zyje-w-strachu-wole-zostac-bez-domu-niz-jechac-prosto-na-front","status":"publish","type":"post","link":"https:\/\/www.europesays.com\/pl\/118161\/","title":{"rendered":"USA dokr\u0119caj\u0105 \u015brub\u0119 migrantom z Ukrainy. Wielu z nich \u017cyje w strachu.&#8221;Wol\u0119 zosta\u0107 bez domu ni\u017c jecha\u0107 prosto na front&#8221;"},"content":{"rendered":"<p class=\"Paragraph_desktopParagraph__U31Gm\">Administracja Donalda Trumpa op\u00f3\u017ani\u0142a rozpatrywanie dokument\u00f3w w ramach programu humanitarnego, dzi\u0119ki kt\u00f3remu po rozpocz\u0119ciu wojny oko\u0142o 260 tys. Ukrai\u0144c\u00f3w <a href=\"https:\/\/www.onet.pl\/informacje\/onetwiadomosci\/media-wladze-usa-przygotowuja-deportacje-grupy-ukraincow\/wbygb8n,79cfc278\" id=\"22e8170e-0e81-4d26-8e6a-40155dd23ed9\" rel=\"nofollow noopener\" target=\"_blank\">uzyska\u0142o prawo do \u017cycia<\/a> i pracy w USA.<\/p>\n<p class=\"Paragraph_desktopParagraph__U31Gm\">Do 31 marca 2026 r. blisko 200 tys. os\u00f3b mo\u017ce utraci\u0107 legalny status z powodu op\u00f3\u017anie\u0144 w rozpatrywaniu wniosk\u00f3w.<\/p>\n<p class=\"Paragraph_desktopParagraph__U31Gm\">Program dzia\u0142a od kwietnia 2022 r. i pozwala Ukrai\u0144com przebywa\u0107 w USA przez dwa lata. W styczniu tego roku administracja Trumpa zawiesi\u0142a rozpatrywanie wniosk\u00f3w, t\u0142umacz\u0105c to kwestiami bezpiecze\u0144stwa.<\/p>\n<p>Setki tysi\u0119cy Ukrai\u0144c\u00f3w w zawieszeniu <\/p>\n<p class=\"Paragraph_desktopParagraph__U31Gm\">Formalnie program nie zosta\u0142 zamkni\u0119ty, a w maju s\u0105d nakaza\u0142 wznowienie przyjmowania dokument\u00f3w. Jednak od tamtej pory s\u0142u\u017cby migracyjne rozpatrzy\u0142y jedynie oko\u0142o 2000. wniosk\u00f3w. Jednocze\u015bnie op\u0142aty wzros\u0142y: teraz z\u0142o\u017cenie wniosky kosztuje 1000 dol. (ok. 3600 z\u0142) a przed\u0142u\u017cenie \u2014 1325 dol. (ok. 4 850 z\u0142).<\/p>\n<p class=\"Paragraph_desktopParagraph__U31Gm\">Agencja Reutera rozmawia\u0142a z 24 Ukrai\u0144cami, kt\u00f3rzy w zwi\u0105zku wynik\u0142\u0105 sytuacj\u0105 kt\u00f3rzy na skutek tej sytuacji stracili legalny status pobytu. Niekt\u00f3rzy stracili prac\u0119 i <a href=\"https:\/\/www.onet.pl\/turystyka\/onetpodroze\/trump-ostro-o-ubezpieczeniach-polka-operacje-splacalismy-ratami\/5b11lm6,07640b54\" id=\"6718faa1-f0ed-4f0e-b876-cd646b491499\" rel=\"nofollow noopener\" target=\"_blank\">ubezpieczenie zdrowotne<\/a>, bo ich dokumenty utkn\u0119\u0142y w systemie. Ludzie wydaj\u0105 oszcz\u0119dno\u015bci, bior\u0105 po\u017cyczki i szukaj\u0105 wsparcia w lokalnych ukrai\u0144skich spo\u0142eczno\u015bciach.<\/p>\n<p>Strach przed powrotem <\/p>\n<p class=\"Paragraph_desktopParagraph__U31Gm\">Sze\u015bciu rozm\u00f3wc\u00f3w ju\u017c opu\u015bci\u0142o USA, obawiaj\u0105c si\u0119 aresztowania migracyjnego lub <a href=\"https:\/\/www.onet.pl\/informacje\/onetwiadomosci\/media-wladze-usa-przygotowuja-deportacje-grupy-ukraincow\/wbygb8n,79cfc278\" id=\"e0ad56f5-589c-4ecb-9e0f-cbc016ac056e\" rel=\"nofollow noopener\" target=\"_blank\">deportacji do kraj\u00f3w trzecich<\/a> \u2014 Ameryki \u0141aci\u0144skiej lub Afryki. Administracja Trumpa wcze\u015bniej wysy\u0142a\u0142a tam cudzoziemc\u00f3w, kt\u00f3rych trudno by\u0142o deportowa\u0107.<\/p>\n<p class=\"Paragraph_desktopParagraph__U31Gm\">Jeden z rozm\u00f3wc\u00f3w, 31-letni programista Jewgienij Padafa przyjecha\u0142 do Nowego Jorku we wrze\u015bniu 2023 r. i nie doczeka\u0142 si\u0119 rozpatrzenia wniosku o przed\u0142u\u017cenie statusu. Po wyga\u015bni\u0119ciu dokument\u00f3w zdecydowa\u0142 si\u0119 opu\u015bci\u0107 USA. Ostatecznie na w\u0142asny koszt polecia\u0142 do Buenos Aires.<\/p>\n<p class=\"Paragraph_desktopParagraph__U31Gm\">Do domu wraca\u0107 nie chce.<\/p>\n<blockquote>\n<p class=\"Paragraph_desktopParagraph__U31Gm\">Wol\u0119 zosta\u0107 bez domu gdziekolwiek, ni\u017c jecha\u0107 prosto na front<\/p>\n<\/blockquote>\n<p class=\"Paragraph_desktopParagraph__U31Gm\">\u2014 powiedzia\u0142.<\/p>\n<p class=\"Paragraph_desktopParagraph__U31Gm\">Niekt\u00f3rzy obywatele Ukrainy wci\u0105\u017c przebywaj\u0105cy w Stanach Zjednoczonych boj\u0105 si\u0119 wychodzi\u0107 na zewn\u0105trz. Ich dokumenty wygas\u0142y i grozi im zatrzymanie. Kongresmen Mike Quigley powiedzia\u0142, \u017ce dostaje od Ukrai\u0144c\u00f3w setki zg\u0142osze\u0144 dziennie.<\/p>\n<p class=\"VideoPlayerText_videoPlayerText__iDwyz\">Dalszy ci\u0105g materia\u0142u pod wideo<\/p>\n<ul class=\"OchatFollowUps_wrapper__1ry7X\">\n<li class=\"OchatFollowUps_item__Dhyly OchatFollowUps_itemDesktop__R6aBv\">Dlaczego Ukrai\u0144cy w USA boj\u0105 si\u0119 wychodzi\u0107 na ulice?<\/li>\n<li class=\"OchatFollowUps_item__Dhyly OchatFollowUps_itemDesktop__R6aBv\">Ilu Ukrai\u0144c\u00f3w straci legalny status do 31 marca 2026 roku?<\/li>\n<li class=\"OchatFollowUps_item__Dhyly OchatFollowUps_itemDesktop__R6aBv\">Jakie s\u0105 koszty z\u0142o\u017cenia wniosk\u00f3w o przed\u0142u\u017cenie statusu?<\/li>\n<li class=\"OchatFollowUps_item__Dhyly OchatFollowUps_itemDesktop__R6aBv\">Jakie konsekwencje maj\u0105 op\u00f3\u017anienia w rozpatrywaniu wniosk\u00f3w?<\/li>\n<\/ul>\n<p>&#8222;Znajdzie si\u0119 dla nich miejsce&#8221; <\/p>\n<p class=\"Paragraph_desktopParagraph__U31Gm\">Wed\u0142ug szefa Ukraine Immigration Task Force \u2014 ameryka\u0144skiej organizacji pomagaj\u0105cej Ukrai\u0144com uciekaj\u0105cym przed wojn\u0105 w znalezieniu schronienia w USA \u2014 zatrzymywano ich na budowach, przy dostawach jedzenia, w taks\u00f3wkach, a tak\u017ce podczas masowych kontroli w Chicago i Cleveland.<\/p>\n<p class=\"Paragraph_desktopParagraph__U31Gm\"><a href=\"https:\/\/www.onet.pl\/turystyka\/onetpodroze\/stany-zjednoczone-deportowaly-50-ukraincow-teraz-czekaja-na-polskiej-granicy\/b44tttl,07640b54\" id=\"f7e4561e-4b90-4448-af32-1e10fc10bb3a\" rel=\"nofollow noopener\" target=\"_blank\">Tydzie\u0144 temu<\/a> ujawniono, \u017ce z USA zosta\u0142o deportowanych 50 obywateli Ukrainy. Rzecznik ukrai\u0144skiej s\u0142u\u017cby granicznej Andrij Demczenko podkre\u015bli\u0142, \u017ce USA powiadomi\u0142y Ukrain\u0119 o planach deportacji tranzytem przez Polsk\u0119 os\u00f3b bez ameryka\u0144skiego obywatelstwa.<\/p>\n<p class=\"Paragraph_desktopParagraph__U31Gm\">14 listopada &#8222;The Washington Post&#8221;, powo\u0142uj\u0105c si\u0119 na anonimowego doradc\u0119 prezydenta Wo\u0142odymyra Ze\u0142enskiego, poda\u0142, \u017ce Stany Zjednoczone mog\u0105 deportowa\u0107 dowoln\u0105 liczb\u0119 Ukrai\u0144c\u00f3w, a w kraju &#8222;znajdzie si\u0119 dla nich miejsce&#8221;.<\/p>\n","protected":false},"excerpt":{"rendered":"Administracja Donalda Trumpa op\u00f3\u017ani\u0142a rozpatrywanie dokument\u00f3w w ramach programu humanitarnego, dzi\u0119ki kt\u00f3remu po rozpocz\u0119ciu wojny oko\u0142o 260 tys.&hellip;\n","protected":false},"author":2,"featured_media":118162,"comment_status":"","ping_status":"","sticky":false,"template":"","format":"standard","meta":{"footnotes":""},"categories":[5],"tags":[32,33,58,36,37,27,67,64,34,35,2223,28,31,53,25,52,68,51,55,42,38,40,39,41,47,59,29,30,390,65,50,26,309],"class_list":{"0":"post-118161","1":"post","2":"type-post","3":"status-publish","4":"format-standard","5":"has-post-thumbnail","7":"category-naglowki","8":"tag-breaking-news","9":"tag-breakingnews","10":"tag-donald_trump_prezydent_usa","11":"tag-featured-news","12":"tag-featurednews","13":"tag-headlines","14":"tag-intextvideo_splayer","15":"tag-inwazja_rosji_na_ukraine_2014_","16":"tag-latest-news","17":"tag-latestnews","18":"tag-migranci","19":"tag-naglowki","20":"tag-najwazniejsze-artykuly","21":"tag-new_header","22":"tag-news","23":"tag-onet3","24":"tag-onet3d","25":"tag-onet3d_2i","26":"tag-phx","27":"tag-pl","28":"tag-poland","29":"tag-polish","30":"tag-polska","31":"tag-polski","32":"tag-screening_general","33":"tag-stany_zjednoczone_usa","34":"tag-top-stories","35":"tag-topstories","36":"tag-ukraina_ukrainiec_ukrainka_ukraincy_ukrainki","37":"tag-update_me","38":"tag-v2021","39":"tag-wiadomosci","40":"tag-wolodymyr_zelenski"},"share_on_mastodon":{"url":"","error":"Validation failed: Text character limit of 500 exceeded"},"_links":{"self":[{"href":"https:\/\/www.europesays.com\/pl\/wp-json\/wp\/v2\/posts\/118161","targetHints":{"allow":["GET"]}}],"collection":[{"href":"https:\/\/www.europesays.com\/pl\/wp-json\/wp\/v2\/posts"}],"about":[{"href":"https:\/\/www.europesays.com\/pl\/wp-json\/wp\/v2\/types\/post"}],"author":[{"embeddable":true,"href":"https:\/\/www.europesays.com\/pl\/wp-json\/wp\/v2\/users\/2"}],"replies":[{"embeddable":true,"href":"https:\/\/www.europesays.com\/pl\/wp-json\/wp\/v2\/comments?post=118161"}],"version-history":[{"count":0,"href":"https:\/\/www.europesays.com\/pl\/wp-json\/wp\/v2\/posts\/118161\/revisions"}],"wp:featuredmedia":[{"embeddable":true,"href":"https:\/\/www.europesays.com\/pl\/wp-json\/wp\/v2\/media\/118162"}],"wp:attachment":[{"href":"https:\/\/www.europesays.com\/pl\/wp-json\/wp\/v2\/media?parent=118161"}],"wp:term":[{"taxonomy":"category","embeddable":true,"href":"https:\/\/www.europesays.com\/pl\/wp-json\/wp\/v2\/categories?post=118161"},{"taxonomy":"post_tag","embeddable":true,"href":"https:\/\/www.europesays.com\/pl\/wp-json\/wp\/v2\/tags?post=118161"}],"curies":[{"name":"wp","href":"https:\/\/api.w.org\/{rel}","templated":true}]}}