{"id":118180,"date":"2025-11-25T19:26:12","date_gmt":"2025-11-25T19:26:12","guid":{"rendered":"https:\/\/www.europesays.com\/pl\/118180\/"},"modified":"2025-11-25T19:26:12","modified_gmt":"2025-11-25T19:26:12","slug":"kane-zabral-glos-nt-transferu-do-fc-barcelony","status":"publish","type":"post","link":"https:\/\/www.europesays.com\/pl\/118180\/","title":{"rendered":"Kane zabra\u0142 g\u0142os nt. transferu do FC Barcelony"},"content":{"rendered":"\n<p class=\"contentpart contentpart--default contentpart--text\" data-position=\"0\">Harry Kane skomentowa\u0142 plotki \u0142\u0105cz\u0105ce go z Barcelon\u0105, ucinaj\u0105c spekulacje o mo\u017cliwym transferze. Hiszpa\u0144skie media, zw\u0142aszcza &#8222;Mundo Deportivo&#8221;, informowa\u0142y niedawno, \u017ce Anglik mia\u0142by zosta\u0107 g\u0142\u00f3wnym celem Blaugrany w kolejnym oknie.<\/p>\n<p class=\"contentpart contentpart--default contentpart--text\" data-position=\"1\">Pow\u00f3d jest prosty: kontrakt Roberta Lewandowskiego wygasa w czerwcu 2026 roku, a nie wiadomo, czy klub chce przed\u0142u\u017ca\u0107 wsp\u00f3\u0142prac\u0119 z Polakiem. Z tego wzgl\u0119du Barcelona rozwa\u017ca\u0142a ewentualnego nast\u0119pc\u0119, a Kane wydaje si\u0119 idealnym kandydatem.<\/p>\n<p> <img role=\"presentation\" src=\"https:\/\/std.wpcdn.pl\/images\/adv\/placeholder_wp.svg\" loading=\"lazy\" alt=\"\" decoding=\"async\"\/>  <\/p>\n<p class=\"contentpart contentpart--default contentpart--text\" data-position=\"2\">ZOBACZ WIDEO: #dziejesiewsporcie: By\u0142a 10. sekunda meczu. Niebywa\u0142e, co zrobi\u0142 bramkarz<\/p>\n<p class=\"contentpart contentpart--default contentpart--text\" data-position=\"4\">Napastnik Bayernu odni\u00f3s\u0142 si\u0119 jednak do tych doniesie\u0144 w rozmowie z &#8222;Bildem&#8221;, podkre\u015blaj\u0105c, \u017ce nie prowadzi \u017cadnych rozm\u00f3w transferowych. &#8211; Nie mia\u0142em \u017cadnego kontaktu z nikim. Czuj\u0119 si\u0119 bardzo komfortowo, mimo \u017ce nie rozmawiali\u015bmy jeszcze o mojej sytuacji z Bayernem. Nie ma jednak po\u015bpiechu. Jestem naprawd\u0119 szcz\u0119\u015bliwy w Monachium. Bardzo ma\u0142o prawdopodobne, \u017ceby cokolwiek zmieni\u0142o si\u0119 po tym sezonie &#8211; powiedzia\u0142.<\/p>\n<p class=\"contentpart contentpart--default contentpart--text\" data-position=\"5\">Jego stanowisko jasno wskazuje, \u017ce wyci\u0105gni\u0119cie go z Bayernu graniczy\u0142oby z niemo\u017cliwo\u015bci\u0105. Nic dziwnego &#8211; Kane to dzi\u015b najwi\u0119ksza gwiazda zespo\u0142u, a jego liczby m\u00f3wi\u0105 same za siebie: 109 goli i 29 asyst w 114 wyst\u0119pach.<\/p>\n<p class=\"contentpart contentpart--default contentpart--text\" data-position=\"6\">Dla Barcelony takie s\u0142owa to jasny sygna\u0142, \u017ce plan poszukiwania nast\u0119pcy Lewandowskiego mo\u017ce wymaga\u0107 korekty. Klub od miesi\u0119cy zmaga si\u0119 z ograniczeniami finansowymi, a transfer Kane\u2019a &#8211; nawet gdyby by\u0142 mo\u017cliwy &#8211; oznacza\u0142by ogromne koszty. Dlatego jego deklaracja pozostania w Monachium jeszcze mocniej zamyka drzwi do potencjalnych negocjacji i sprawia, \u017ce Blaugrana musi rozejrze\u0107 si\u0119 za innymi opcjami.<\/p>\n<p> <img role=\"presentation\" src=\"https:\/\/std.wpcdn.pl\/images\/adv\/placeholder_wp.svg\" loading=\"lazy\" alt=\"\" decoding=\"async\"\/>       <\/p>\n","protected":false},"excerpt":{"rendered":"Harry Kane skomentowa\u0142 plotki \u0142\u0105cz\u0105ce go z Barcelon\u0105, ucinaj\u0105c spekulacje o mo\u017cliwym transferze. Hiszpa\u0144skie media, zw\u0142aszcza &#8222;Mundo Deportivo&#8221;,&hellip;\n","protected":false},"author":2,"featured_media":118181,"comment_status":"","ping_status":"","sticky":false,"template":"","format":"standard","meta":{"footnotes":""},"categories":[24],"tags":[935,933,272,2814,267,538,295,269,540,930,278,42,38,40,39,41,127,126],"class_list":{"0":"post-118180","1":"post","2":"type-post","3":"status-publish","4":"format-standard","5":"has-post-thumbnail","7":"category-sport","8":"tag-bayern-monachium","9":"tag-bundesliga","10":"tag-fc-barcelona","11":"tag-harry-kane","12":"tag-hiszpania","13":"tag-la-liga","14":"tag-niemcy","15":"tag-pilka-nozna","16":"tag-pilka-nozna-w-hiszpanii","17":"tag-pilka-nozna-w-niemczech","18":"tag-pilka-w-europie","19":"tag-pl","20":"tag-poland","21":"tag-polish","22":"tag-polska","23":"tag-polski","24":"tag-sport","25":"tag-sports"},"share_on_mastodon":{"url":"https:\/\/pubeurope.com\/@pl\/115611984648356088","error":""},"_links":{"self":[{"href":"https:\/\/www.europesays.com\/pl\/wp-json\/wp\/v2\/posts\/118180","targetHints":{"allow":["GET"]}}],"collection":[{"href":"https:\/\/www.europesays.com\/pl\/wp-json\/wp\/v2\/posts"}],"about":[{"href":"https:\/\/www.europesays.com\/pl\/wp-json\/wp\/v2\/types\/post"}],"author":[{"embeddable":true,"href":"https:\/\/www.europesays.com\/pl\/wp-json\/wp\/v2\/users\/2"}],"replies":[{"embeddable":true,"href":"https:\/\/www.europesays.com\/pl\/wp-json\/wp\/v2\/comments?post=118180"}],"version-history":[{"count":0,"href":"https:\/\/www.europesays.com\/pl\/wp-json\/wp\/v2\/posts\/118180\/revisions"}],"wp:featuredmedia":[{"embeddable":true,"href":"https:\/\/www.europesays.com\/pl\/wp-json\/wp\/v2\/media\/118181"}],"wp:attachment":[{"href":"https:\/\/www.europesays.com\/pl\/wp-json\/wp\/v2\/media?parent=118180"}],"wp:term":[{"taxonomy":"category","embeddable":true,"href":"https:\/\/www.europesays.com\/pl\/wp-json\/wp\/v2\/categories?post=118180"},{"taxonomy":"post_tag","embeddable":true,"href":"https:\/\/www.europesays.com\/pl\/wp-json\/wp\/v2\/tags?post=118180"}],"curies":[{"name":"wp","href":"https:\/\/api.w.org\/{rel}","templated":true}]}}