{"id":118196,"date":"2025-11-25T19:38:07","date_gmt":"2025-11-25T19:38:07","guid":{"rendered":"https:\/\/www.europesays.com\/pl\/118196\/"},"modified":"2025-11-25T19:38:07","modified_gmt":"2025-11-25T19:38:07","slug":"mentzen-nie-wytrzymal-po-slowach-czarzastego-jest-nagranie","status":"publish","type":"post","link":"https:\/\/www.europesays.com\/pl\/118196\/","title":{"rendered":"Mentzen nie wytrzyma\u0142 po s\u0142owach Czarzastego. Jest nagranie"},"content":{"rendered":"<p class=\"ods-c-paragraph \"><a href=\"https:\/\/wiadomosci.onet.pl\/wlodzimierz-czarzasty-polityk\" id=\"1925cdc2-2fec-48d1-a4c3-4d2481b5b932\" rel=\"nofollow noopener\" target=\"_blank\">W\u0142odzimierz Czarzasty<\/a> w ostatni pi\u0105tek 21 listopada wyg\u0142osi\u0142 swoje pierwsze or\u0119dzie jako marsza\u0142ek Sejmu. <a href=\"https:\/\/www.onet.pl\/informacje\/onetwiadomosci\/marszalek-czarzasty-zwrocil-sie-do-polakow-to-beda-dobre-dwa-lata\/m8wrmc8,79cfc278\" id=\"eaa5374e-c845-4d46-ad5a-1bc8b43dd9cc\" rel=\"nofollow noopener\" target=\"_blank\">Podczas przem\u00f3wienia pose\u0142 Nowej Lewicy zapowiedzia\u0142, \u017ce b\u0119dzie stosowa\u0142 weto<\/a>.<\/p>\n<blockquote class=\"ods-o-quota\">\n<p class=\"ods-o-quota__paragraph\">B\u0119d\u0119 stosowa\u0142 marsza\u0142kowskie weto wobec szkodliwych projekt\u00f3w legislacyjnych s\u0142u\u017c\u0105cych populizmowi i rozregulowaniu zasad funkcjonowania pa\u0144stwa. B\u0119d\u0119 zawsze zwraca\u0142 uwag\u0119 na to, czy projekty ustaw maj\u0105 realne \u017ar\u00f3d\u0142a finansowania, czy s\u0142u\u017c\u0105 tylko grze politycznej i sk\u0142\u00f3ceniu obywateli<\/p>\n<\/blockquote>\n<p class=\"ods-c-paragraph \">\u2014 zapowiedzia\u0142 w\u00f3wczas W\u0142odzimierz Czarzasty,<\/p>\n<p class=\"ods-c-paragraph \"><a href=\"https:\/\/wiadomosci.onet.pl\/kraj\/wlodzimierz-czarzasty-i-marszalkowskie-weto-to-jest-moj-protest\/vz6yx02\" id=\"c1c4c4d9-6a51-4f91-9457-25002bd04cbb\" rel=\"nofollow noopener\" target=\"_blank\">P\u00f3\u017aniej jednak pose\u0142 Nowej Lewicy t\u0142umaczy\u0142 si\u0119 z tych s\u0142\u00f3w. Podkre\u015bla\u0142, \u017ce wie, \u017ce nie istnieje &#8222;weto marsza\u0142kowskie&#8221;, a jego wypowied\u017a by\u0142a &#8222;protestem przeciwko populizmowi&#8221;.<\/a><\/p>\n<p>Dalszy ci\u0105g artyku\u0142u pod materia\u0142em wideo<\/p>\n<p> Jakie nagranie opublikowa\u0142 S\u0142awomir Mentzen? <\/p>\n<p> Co zapowiedzia\u0142 W\u0142odzimierz Czarzasty? <\/p>\n<p> Jak S\u0142awomir Mentzen oceni\u0142 zapowied\u017a Czarzastego? <\/p>\n<p> Jakie dzia\u0142ania sugeruje W\u0142odzimierz Czarzasty w swoim or\u0119dziu? <\/p>\n<p>  S\u0142awomir Mentzen grzmi po s\u0142owach W\u0142odzimierza Czarzastego. Wspomnia\u0142 o PiS   <\/p>\n<p class=\"ods-c-paragraph \">We wtorek jeden z lider\u00f3w Konfederacji <a href=\"https:\/\/wiadomosci.onet.pl\/slawomir-mentzen\" id=\"628a10c8-877c-48cc-a880-120b70077a25\" rel=\"nofollow noopener\" target=\"_blank\">S\u0142awomir Mentzen<\/a> odni\u00f3s\u0142 si\u0119 do pi\u0105tkowego or\u0119dzia W\u0142odzimierza Czarzastego, publikuj\u0105c kr\u00f3tkie nagranie na platformie X. Pose\u0142 ostro skrytykowa\u0142 w nim nowego marsza\u0142ka Sejmu.<\/p>\n<blockquote class=\"ods-o-quota\">\n<p class=\"ods-o-quota__paragraph\">Nowy marsza\u0142ek Sejmu W\u0142odzimierz Czarzasty zapowiedzia\u0142 stosowanie weta marsza\u0142kowskiego. Wiecie, co to ma oznacza\u0107 w praktyce? Je\u017celi jaka\u015b ustawa b\u0119dzie zg\u0142oszona przez opozycj\u0119, to Czarzasty nie b\u0119dzie nadawa\u0142 jej numeru druku i pos\u0142owie nawet nie b\u0119d\u0105 mieli mo\u017cliwo\u015bci g\u0142osowania nad tak\u0105 ustaw\u0105<\/p>\n<\/blockquote>\n<p class=\"ods-c-paragraph \">\u2014 m\u00f3wi na nagraniu S\u0142awomir Mentzen.<\/p>\n<p class=\"ods-c-paragraph \">Zdaniem S\u0142awomira Mentzena zapowied\u017a W\u0142odzimierza Czarzastego oznacza blokad\u0119 procesu legislacyjnego w Sejmie w przypadku ustaw, kt\u00f3re &#8222;nie wpisuj\u0105 si\u0119 w jego lewicow\u0105 wizj\u0119 \u015bwiata&#8221;.<\/p>\n<blockquote class=\"ods-o-quota\">\n<p class=\"ods-o-quota__paragraph\">Je\u017celi t\u0119 ustaw\u0119 zg\u0142osz\u0105 pos\u0142owie opozycji, np. Konfederacji, je\u017celi wy zbierzecie 100 tys. podpis\u00f3w pod jak\u0105\u015b ustaw\u0105 albo prezydent wy\u015ble ustaw\u0119 do Sejmu, to Czarzasty nie b\u0119dzie jej procedowa\u0142, bo ona mu si\u0119 nie podoba<\/p>\n<\/blockquote>\n<p class=\"ods-c-paragraph \">\u2014 twierdzi jeden z lider\u00f3w Konfederacji.<\/p>\n<p class=\"ods-c-paragraph \">Na koniec S\u0142awomir Mentzen zarzuci\u0142 W\u0142odzimierzowi Czarzastemu, \u017ce tym samym chce powr\u00f3ci\u0107 do tego, co robi\u0142 PiS.<\/p>\n<blockquote class=\"ods-o-quota\">\n<p class=\"ods-o-quota__paragraph\">To jest ca\u0142kowite odej\u015bcie od tego, co robi\u0142 Szymon Ho\u0142ownia, to jest przywr\u00f3cenie standard\u00f3w pisowskiej zamra\u017carki do ustaw. To jest powr\u00f3t do najgorszych praktyk rz\u0105d\u00f3w PiS<\/p>\n<\/blockquote>\n<p class=\"ods-c-paragraph \">\u2014 m\u00f3wi na nagraniu.<\/p>\n","protected":false},"excerpt":{"rendered":"W\u0142odzimierz Czarzasty w ostatni pi\u0105tek 21 listopada wyg\u0142osi\u0142 swoje pierwsze or\u0119dzie jako marsza\u0142ek Sejmu. Podczas przem\u00f3wienia pose\u0142 Nowej&hellip;\n","protected":false},"author":2,"featured_media":118197,"comment_status":"","ping_status":"","sticky":false,"template":"","format":"standard","meta":{"footnotes":""},"categories":[12],"tags":[32,33,36,37,27,1006,49,34,35,4463,28,31,48,25,46,42,38,40,39,41,47,5485,865,29,30,8206,26,203],"class_list":{"0":"post-118196","1":"post","2":"type-post","3":"status-publish","4":"format-standard","5":"has-post-thumbnail","7":"category-polska","8":"tag-breaking-news","9":"tag-breakingnews","10":"tag-featured-news","11":"tag-featurednews","12":"tag-headlines","13":"tag-konfederacja","14":"tag-kraj","15":"tag-latest-news","16":"tag-latestnews","17":"tag-lewica","18":"tag-naglowki","19":"tag-najwazniejsze-artykuly","20":"tag-nat_styl","21":"tag-news","22":"tag-omp","23":"tag-pl","24":"tag-poland","25":"tag-polish","26":"tag-polska","27":"tag-polski","28":"tag-screening_general","29":"tag-sejm_rp","30":"tag-slawomir_mentzen","31":"tag-top-stories","32":"tag-topstories","33":"tag-weto","34":"tag-wiadomosci","35":"tag-wlodzimierz_czarzasty"},"share_on_mastodon":{"url":"https:\/\/pubeurope.com\/@pl\/115612031633099885","error":""},"_links":{"self":[{"href":"https:\/\/www.europesays.com\/pl\/wp-json\/wp\/v2\/posts\/118196","targetHints":{"allow":["GET"]}}],"collection":[{"href":"https:\/\/www.europesays.com\/pl\/wp-json\/wp\/v2\/posts"}],"about":[{"href":"https:\/\/www.europesays.com\/pl\/wp-json\/wp\/v2\/types\/post"}],"author":[{"embeddable":true,"href":"https:\/\/www.europesays.com\/pl\/wp-json\/wp\/v2\/users\/2"}],"replies":[{"embeddable":true,"href":"https:\/\/www.europesays.com\/pl\/wp-json\/wp\/v2\/comments?post=118196"}],"version-history":[{"count":0,"href":"https:\/\/www.europesays.com\/pl\/wp-json\/wp\/v2\/posts\/118196\/revisions"}],"wp:featuredmedia":[{"embeddable":true,"href":"https:\/\/www.europesays.com\/pl\/wp-json\/wp\/v2\/media\/118197"}],"wp:attachment":[{"href":"https:\/\/www.europesays.com\/pl\/wp-json\/wp\/v2\/media?parent=118196"}],"wp:term":[{"taxonomy":"category","embeddable":true,"href":"https:\/\/www.europesays.com\/pl\/wp-json\/wp\/v2\/categories?post=118196"},{"taxonomy":"post_tag","embeddable":true,"href":"https:\/\/www.europesays.com\/pl\/wp-json\/wp\/v2\/tags?post=118196"}],"curies":[{"name":"wp","href":"https:\/\/api.w.org\/{rel}","templated":true}]}}