{"id":118224,"date":"2025-11-25T19:59:13","date_gmt":"2025-11-25T19:59:13","guid":{"rendered":"https:\/\/www.europesays.com\/pl\/118224\/"},"modified":"2025-11-25T19:59:13","modified_gmt":"2025-11-25T19:59:13","slug":"dzialo-sie-we-wtorek-oto-najwazniejsze-wydarzenia-skrot-dnia","status":"publish","type":"post","link":"https:\/\/www.europesays.com\/pl\/118224\/","title":{"rendered":"Dzia\u0142o si\u0119 we wtorek. Oto najwa\u017cniejsze wydarzenia [SKR\u00d3T DNIA]"},"content":{"rendered":"\n<p>Zapraszamy na skr\u00f3t dnia, czyli najwa\u017cniejsze i\u00a0najciekawsze materia\u0142y wybrane przez redakcj\u0119 Wirtualnej Polski. Znajdziesz go codziennie o\u00a020:30 na stronie g\u0142\u00f3wnej WP.<\/p>\n<p>Plan pokojowy USA. Jest szansa na\u00a0post\u0119p <\/p>\n<p>Zawieraj\u0105cy 28 punkt\u00f3w plan pokojowy dla Rosji i\u00a0Ukrainy, jaki w\u00a0czwartek przedstawi\u0142y ameryka\u0144skie w\u0142adze, pozostaje jednym z\u00a0najwa\u017cniejszych temat\u00f3w, poruszanych w\u00a0\u015bwiatowych mediach. We wtorek g\u0142os w\u00a0tej sprawie zabra\u0142a rzeczniczka Bia\u0142ego Domu Karoline Leavitt. &#8222;W ci\u0105gu ostatniego tygodnia Stany Zjednoczone poczyni\u0142y ogromne post\u0119py w\u00a0d\u0105\u017ceniu do porozumienia pokojowego, anga\u017cuj\u0105c Ukrain\u0119 i\u00a0Rosj\u0119 do rozm\u00f3w&#8221; &#8211;\u00a0napisa\u0142a rzeczniczka w\u00a0mediach spo\u0142eczno\u015bciowych.<\/p>\n<p>Wed\u0142ug urz\u0119dniczki do sukcesu jest ju\u017c bli\u017cej. &#8222;Jest kilka delikatnych, ale nie niemo\u017cliwych do rozwi\u0105zania kwestii, kt\u00f3re wymagaj\u0105 dalszych rozm\u00f3w mi\u0119dzy Ukrain\u0105, Rosj\u0105 i\u00a0Stanami Zjednoczonymi&#8221; &#8211; napisa\u0142a rzeczniczka.<\/p>\n<p> <img role=\"presentation\" class=\"absolute left-1\/2 top-1\/2 max-h-[80%] max-w-[100px] -translate-x-1\/2 -translate-y-1\/2\" src=\"https:\/\/v.wpimg.pl\/ZXJfd3AudTkrBBIAbg54LGhcRlAxHQUrPgJGH2MAeGJoSQ1eIBI_K2UHAEVuBTY5KQMMXC0RPyoVERQdMgM9ejc\" loading=\"lazy\" decoding=\"async\"\/> <a href=\"https:\/\/wiadomosci.wp.pl\/plan-pokojowy-glos-w-bialego-domu-7225694886861376a\" class=\"teaser-inline\" rel=\"nofollow noopener\" target=\"_blank\">  <img decoding=\"async\" src=\"https:\/\/www.europesays.com\/pl\/wp-content\/uploads\/2025\/11\/NTczZjIzYTUCGCxZZgFsIEFAeAMgWGJ2FlhgSGZLfGxTAnUMIBYrJgYKNUQuCDskAg0qRDkWYTUTE3UceFUqPRAKNgswVSs5AR8-.jpeg\" width=\"0\" height=\"0\" loading=\"lazy\" class=\"wp-media-image cropped\" alt=\"Plan pokojowy. G\u0142os z Bia\u0142ego Domu\"\/><\/p>\n<p>Plan pokojowy. G\u0142os z Bia\u0142ego Domu<\/p>\n<p><\/a><\/p>\n<p>&#8222;Koalicja ch\u0119tnych&#8221; o\u00a0ameryka\u0144skim planie <\/p>\n<p>Dyskusja wok\u00f3\u0142 zapowiadanego przez Donalda Trumpa planu trwa w\u00a0wielu krajach. Zajmowali si\u0119 nim we wtorek uczestnicy wideokonferencji tzw. koalicji ch\u0119tnych. Sojusznicy Ukrainy widz\u0105 nadziej\u0119 w\u00a0ostatnich dzia\u0142aniach USA.<\/p>\n<p>Prezydent Francji, Emmanuel Macron, podczas wtorkowego wydarzenia zwr\u00f3ci\u0142 uwag\u0119 na potencjalny post\u0119p w\u00a0procesie pokojowym. Macron podkre\u015bli\u0142, \u017ce kluczem do osi\u0105gni\u0119cia stabilizacji jest zapewnienie Ukrainie trwa\u0142ych gwarancji bezpiecze\u0144stwa. Zauwa\u017cy\u0142, \u017ce konieczne s\u0105 konkretne kroki, a\u00a0nie puste deklaracje czy obietnice na papierze. <\/p>\n<p> <img role=\"presentation\" class=\"absolute left-1\/2 top-1\/2 max-h-[80%] max-w-[100px] -translate-x-1\/2 -translate-y-1\/2\" src=\"https:\/\/v.wpimg.pl\/ZXJfd3AudTkrBBIAbg54LGhcRlAxHQUrPgJGH2MAeGJoSQ1eIBI_K2UHAEVuBTY5KQMMXC0RPyoVERQdMgM9ejc\" loading=\"lazy\" decoding=\"async\"\/> <a href=\"https:\/\/wiadomosci.wp.pl\/konferencja-koalicji-wspierajacej-jest-szansa-na-pokoj-miedzy-ukraina-a-rosja-7225708565383744a\" class=\"teaser-inline\" rel=\"nofollow noopener\" target=\"_blank\">  <img decoding=\"async\" src=\"https:\/\/www.europesays.com\/pl\/wp-content\/uploads\/2025\/11\/Y2NlZGZkdlMvDix0dRB7RmxWeC4zSXUQO05gZXVaawp-FHUhMwc8QCscNWk9GSxCLxsqaSoHdlM-BXUxa0Q9Wz0cNiYjRDxfLAk-.jpeg\" width=\"0\" height=\"0\" loading=\"lazy\" class=\"wp-media-image cropped\" alt=\"Konferencja koalicji wspieraj\u0105cej: Jest szansa na pok\u00f3j mi\u0119dzy Ukrain\u0105 a Rosj\u0105\"\/><\/p>\n<p>Konferencja koalicji wspieraj\u0105cej: Jest szansa na pok\u00f3j mi\u0119dzy Ukrain\u0105 a Rosj\u0105<\/p>\n<p><\/a><\/p>\n<p>Plan pokojowy dla Ukrainy a\u00a0sprawa polska <\/p>\n<p>Przysz\u0142o\u015b\u0107 Ukrainy w\u00a0obliczu projektu Donalda Trumpa by\u0142a przedmiotem rozm\u00f3w w\u00a0Warszawie. Goszcz\u0105ca w\u00a0Polsce francuska minister obrony wsp\u00f3lnie z\u00a0wicepremierem W\u0142adys\u0142awem Kosiniakiem-Kamyszem, szefem polskiego MON, wyra\u017anie podkre\u015blili, \u017ce \u017cadne pr\u00f3by zako\u0144czenia wojny nie mog\u0105 odbywa\u0107 si\u0119 ponad g\u0142owami Ukrai\u0144c\u00f3w. &#8211;\u00a0Ukraina zas\u0142uguje na sprawiedliwy pok\u00f3j, zas\u0142uguje na branie jej zdania pod uwag\u0119. Tutaj stanowisko Polski i\u00a0Francji, kt\u00f3re wspieraj\u0105 Ukrain\u0119 i\u00a0politycznie i\u00a0humanitarnie i\u00a0militarnie jest jednoznaczne &#8211;\u00a0stwierdzi\u0142 W\u0142adys\u0142aw Kosiniak-Kamysz. W\u00a0podobnym tonie wypowiedzia\u0142a si\u0119 Catherine Vautrin.<\/p>\n<p> <a href=\"https:\/\/wiadomosci.wp.pl\/plan-pokojowy-trumpa-wazny-glos-z-warszawy-ws-ukrainy-7225664089514561v\" class=\"teaser-inline\" rel=\"nofollow noopener\" target=\"_blank\">  <img decoding=\"async\" src=\"https:\/\/www.europesays.com\/pl\/wp-content\/uploads\/2025\/11\/NWY0NWQuYTY4Ujhkfg5sI3sKbD44V2J1LBJ0dX5EfG9pSGEgIQE4eixAIjgwEWM2KVlgICEWKjl3QCJ4YkV6NWsBLTR8EXdlPR16.jpeg\" width=\"0\" height=\"0\" loading=\"lazy\" class=\"wp-media-image cropped\" alt=\"Plan pokojowy Trumpa. Wa\u017cny g\u0142os z Warszawy ws. Ukrainy\"\/><\/p>\n<p>Plan pokojowy Trumpa. Wa\u017cny g\u0142os z Warszawy ws. Ukrainy<\/p>\n<p><\/a> <img role=\"presentation\" class=\"absolute left-1\/2 top-1\/2 max-h-[80%] max-w-[100px] -translate-x-1\/2 -translate-y-1\/2\" src=\"https:\/\/v.wpimg.pl\/ZXJfd3AudTkrBBIAbg54LGhcRlAxHQUrPgJGH2MAeGJoSQ1eIBI_K2UHAEVuBTY5KQMMXC0RPyoVERQdMgM9ejc\" loading=\"lazy\" decoding=\"async\"\/> <a href=\"https:\/\/wiadomosci.wp.pl\/zmasowany-atak-rosji-trafili-w-22-pietrowy-wiezowiec-7225482517162560a\" class=\"teaser-inline\" rel=\"nofollow noopener\" target=\"_blank\">  <img decoding=\"async\" src=\"https:\/\/www.europesays.com\/pl\/wp-content\/uploads\/2025\/11\/OGM2YjgxYCYsUC9ZSANtM28IewMOWmNlOBBjSEhJfX99SnYMDhQqNShCNkQACjo3LEUpRBcUYCY9W3YcVlcrLj5CNQseVyoqL1c9.jpeg\" width=\"0\" height=\"0\" loading=\"lazy\" class=\"wp-media-image cropped\" alt=\"Zmasowany atak Rosji. Trafili w 22-pi\u0119trowy wie\u017cowiec\"\/><\/p>\n<p>Zmasowany atak Rosji. Trafili w 22-pi\u0119trowy wie\u017cowiec<\/p>\n<p><\/a><\/p>\n<p>Wyrok s\u0105du w\u00a0sprawie nadu\u017cy\u0107 w\u00a0NIK w\u00a02013 roku. Kwiatkowski skazany <\/p>\n<p>By\u0142y prezes NIK, a\u00a0dzisiaj senator KO Krzysztof Kwiatkowski zamierza odwo\u0142ywa\u0107 si\u0119 od wyroku za nadu\u017cycia przy obsadzania stanowisk w\u00a0izbie w\u00a02013 roku. &#8211;\u00a0S\u0105d podj\u0105\u0142 decyzj\u0119 bez materia\u0142u dowodowego i\u00a0z\u00a0nagraniami, kt\u00f3rych nigdy nie ods\u0142ucha\u0142, a\u00a0stenogramy s\u0105 inne, ni\u017c ich tre\u015b\u0107 &#8211;\u00a0przekaza\u0142 polityk Wirtualnej Polsce. Twierdzi, \u017ce materia\u0142, kt\u00f3ry trafi\u0142 do s\u0105du by\u0142 &#8222;poci\u0119ty, zmanipulowany&#8221;.<\/p>\n<p>Krzysztof Kwiatkowski, by\u0142y prezes NIK, otrzyma\u0142 we wtorek wyrok 8\u00a0miesi\u0119cy pozbawienia wolno\u015bci w\u00a0zawieszeniu. Zarzucono mu dzia\u0142ania polegaj\u0105ce na wp\u0142ywaniu na proces rekrutacyjny do najwa\u017cniejszych stanowisk w\u00a0Izbie w\u00a02013 roku. Podobne zarzuty us\u0142ysza\u0142 Jan Bury, dawny lider klubu PSL, kt\u00f3ry zosta\u0142 skazany na 6\u00a0miesi\u0119cy wi\u0119zienia w\u00a0zawieszeniu.<\/p>\n<p> <img role=\"presentation\" class=\"absolute left-1\/2 top-1\/2 max-h-[80%] max-w-[100px] -translate-x-1\/2 -translate-y-1\/2\" src=\"https:\/\/v.wpimg.pl\/ZXJfd3AudTkrBBIAbg54LGhcRlAxHQUrPgJGH2MAeGJoSQ1eIBI_K2UHAEVuBTY5KQMMXC0RPyoVERQdMgM9ejc\" loading=\"lazy\" decoding=\"async\"\/> <a href=\"https:\/\/wiadomosci.wp.pl\/kwiatkowski-bedzie-sie-odwolywal-material-byl-zmanipulowany-7225716843559488a\" class=\"teaser-inline\" rel=\"nofollow noopener\" target=\"_blank\">  <img decoding=\"async\" src=\"https:\/\/www.europesays.com\/pl\/wp-content\/uploads\/2025\/11\/ZjljNTRidQsNCDhnfRJ4Hk5QbD07S3ZIGUh0dn1YaFJcEmEyOwU_GAkaIXo1Gy8aDR0-eiIFdQscA2EiY0Y-Ax8aIjUrRj8HDg8q.jpeg\" width=\"0\" height=\"0\" loading=\"lazy\" class=\"wp-media-image cropped\" alt=\"Kwiatkowski b\u0119dzie si\u0119 odwo\u0142ywa\u0142. &quot;Materia\u0142 by\u0142 zmanipulowany&quot;\"\/><\/p>\n<p>Kwiatkowski b\u0119dzie si\u0119 odwo\u0142ywa\u0142. &#8222;Materia\u0142 by\u0142 zmanipulowany&#8221;<\/p>\n<p><\/a><\/p>\n<p>Ukraina wci\u0105\u017c krwawi <\/p>\n<p>Dyskusje na temat perspektyw dla Ukrainy nie przys\u0142aniaj\u0105 doniesie\u0144 o\u00a0zniszczeniach, jakich dokonuj\u0105 w\u00a0walcz\u0105cym od niemal czterech lat kraju. W\u00a0noc z\u00a0poniedzia\u0142ku na wtorek w\u00a0wielu regionach Ukrainy og\u0142oszono alarm przeciwlotniczy. <\/p>\n<p>Pociski skierowane by\u0142y m.in. na Kij\u00f3w. To kolejna noc, w\u00a0kt\u00f3rej gin\u0119li ludzie i\u00a0w\u00a0sterty gruz\u00f3w zamienia\u0142y si\u0119 mieszkalne bloki. Mer miasta Witalij Kliczko potwierdzi\u0142, \u017ce uruchomiona zosta\u0142a obrona przeciwlotnicza.<\/p>\n<p> <img role=\"presentation\" class=\"absolute left-1\/2 top-1\/2 max-h-[80%] max-w-[100px] -translate-x-1\/2 -translate-y-1\/2\" src=\"https:\/\/v.wpimg.pl\/ZXJfd3AudTkrBBIAbg54LGhcRlAxHQUrPgJGH2MAeGJoSQ1eIBI_K2UHAEVuBTY5KQMMXC0RPyoVERQdMgM9ejc\" loading=\"lazy\" decoding=\"async\"\/><\/p>\n<p>Kolejny dobry wyst\u0119p polskiego skoczka <\/p>\n<p><a href=\"https:\/\/sportowefakty.wp.pl\/skoki-narciarskie\/1221432\/18-letni-polak-znow-blysnal-byl-liderem-bialo-czerwonych\" rel=\"noopener noreferrer nofollow\" target=\"_blank\">Kacper Tomasiak zajmowa\u0142 8. miejsce po pierwszej serii konkursu Pucharu \u015awiata w\u00a0Falun. Ostatecznie jednak spad\u0142 na 12. pozycj\u0119<\/a>, ale i\u00a0tak by\u0142 liderem Polak\u00f3w. Ko\u0144cowy triumf zanotowa\u0142 Stefan Kraft, a\u00a0Philipp Raimund ustanowi\u0142 rekord skoczni.<\/p>\n<p>\u0179r\u00f3d\u0142o: Wirtualna Polska<\/p>\n","protected":false},"excerpt":{"rendered":"Zapraszamy na skr\u00f3t dnia, czyli najwa\u017cniejsze i\u00a0najciekawsze materia\u0142y wybrane przez redakcj\u0119 Wirtualnej Polski. Znajdziesz go codziennie o\u00a020:30 na&hellip;\n","protected":false},"author":2,"featured_media":118225,"comment_status":"","ping_status":"","sticky":false,"template":"","format":"standard","meta":{"footnotes":""},"categories":[12],"tags":[32,33,36,37,27,34,35,28,31,25,42,38,40,39,41,29,30,26],"class_list":{"0":"post-118224","1":"post","2":"type-post","3":"status-publish","4":"format-standard","5":"has-post-thumbnail","7":"category-polska","8":"tag-breaking-news","9":"tag-breakingnews","10":"tag-featured-news","11":"tag-featurednews","12":"tag-headlines","13":"tag-latest-news","14":"tag-latestnews","15":"tag-naglowki","16":"tag-najwazniejsze-artykuly","17":"tag-news","18":"tag-pl","19":"tag-poland","20":"tag-polish","21":"tag-polska","22":"tag-polski","23":"tag-top-stories","24":"tag-topstories","25":"tag-wiadomosci"},"share_on_mastodon":{"url":"https:\/\/pubeurope.com\/@pl\/115612115078789164","error":""},"_links":{"self":[{"href":"https:\/\/www.europesays.com\/pl\/wp-json\/wp\/v2\/posts\/118224","targetHints":{"allow":["GET"]}}],"collection":[{"href":"https:\/\/www.europesays.com\/pl\/wp-json\/wp\/v2\/posts"}],"about":[{"href":"https:\/\/www.europesays.com\/pl\/wp-json\/wp\/v2\/types\/post"}],"author":[{"embeddable":true,"href":"https:\/\/www.europesays.com\/pl\/wp-json\/wp\/v2\/users\/2"}],"replies":[{"embeddable":true,"href":"https:\/\/www.europesays.com\/pl\/wp-json\/wp\/v2\/comments?post=118224"}],"version-history":[{"count":0,"href":"https:\/\/www.europesays.com\/pl\/wp-json\/wp\/v2\/posts\/118224\/revisions"}],"wp:featuredmedia":[{"embeddable":true,"href":"https:\/\/www.europesays.com\/pl\/wp-json\/wp\/v2\/media\/118225"}],"wp:attachment":[{"href":"https:\/\/www.europesays.com\/pl\/wp-json\/wp\/v2\/media?parent=118224"}],"wp:term":[{"taxonomy":"category","embeddable":true,"href":"https:\/\/www.europesays.com\/pl\/wp-json\/wp\/v2\/categories?post=118224"},{"taxonomy":"post_tag","embeddable":true,"href":"https:\/\/www.europesays.com\/pl\/wp-json\/wp\/v2\/tags?post=118224"}],"curies":[{"name":"wp","href":"https:\/\/api.w.org\/{rel}","templated":true}]}}