{"id":118234,"date":"2025-11-25T20:06:12","date_gmt":"2025-11-25T20:06:12","guid":{"rendered":"https:\/\/www.europesays.com\/pl\/118234\/"},"modified":"2025-11-25T20:06:12","modified_gmt":"2025-11-25T20:06:12","slug":"autobus-pelen-pasazerow-zderzyl-sie-z-osobowka-nadeszla-tragiczna-informacja","status":"publish","type":"post","link":"https:\/\/www.europesays.com\/pl\/118234\/","title":{"rendered":"Autobus pe\u0142en pasa\u017cer\u00f3w zderzy\u0142 si\u0119 z osob\u00f3wk\u0105. Nadesz\u0142a tragiczna informacja"},"content":{"rendered":"<p class=\"article-p\" data-section=\"detail-body\">Do wypadku na drodze powiatowej mi\u0119dzy Ole\u015bnic\u0105 a Smardzowem dosz\u0142o we wtorek przed godzin\u0105 13 \u2014 poinformowa\u0142a Komenda Powiatowa Pa\u0144stwowej Stra\u017cy Po\u017carnej w Ole\u015bnicy. Stra\u017cacy dodali, \u017ce w zderzeniu bra\u0142o udzia\u0142 28 os\u00f3b. Autobusem podr\u00f3\u017cowa\u0142o 26 os\u00f3b, a dwie jecha\u0142y osob\u00f3wk\u0105.<\/p>\n<p>        Wypadek drogowy Ole\u015bnica-Smardz\u00f3w. Zderzenie samochodu osobowego z autobusem<\/p>\n<p class=\"article-p\" data-section=\"detail-body\">Rannych w wypadku zosta\u0142o 7 os\u00f3b. Jedna z tych os\u00f3b niestety zmar\u0142a \u2014 poda\u0142 portal olesnicainfo.pl, powo\u0142uj\u0105c si\u0119 na informacje z policji. To 33-letnia mieszkanka powiatu wroc\u0142awskiego.<\/p>\n<p class=\"article-p\" data-section=\"detail-body\">W akcji bra\u0142y udzia\u0142 trzy zast\u0119py stra\u017cy po\u017carnej, sze\u015b\u0107 zespo\u0142\u00f3w ratownictwa medycznego oraz policja. &#8222;Stra\u017cacy sprawili ogrzewany namiot pneumatyczny, w kt\u00f3rym udzielono schronienia dla os\u00f3b bior\u0105cych udzia\u0142 w zdarzeniu. Pierwszej pomocy poszkodowanym udzielili przeje\u017cd\u017caj\u0105ca kobieta oraz m\u0119\u017cczyzna&#8221; \u2014 czytamy w komunikacie stra\u017cak\u00f3w.<\/p>\n<p class=\"article-p\" data-section=\"detail-body\">O przyczynach tego wypadku na antenie TVN24 g\u0142os zabra\u0142a aspirant sztabowy Bernadeta Pytel, oficer prasowy Komendanta Powiatowego Policji w Ole\u015bnicy. \u2014 Wst\u0119pn\u0105 przyczyn\u0105 zdarzenia drogowego jest nieprawid\u0142owa zmiana pasa ruchu przez kieruj\u0105c\u0105 oplem \u2014 ujawni\u0142a.<\/p>\n<p class=\"article-p\" data-section=\"detail-body\">Czytaj tak\u017ce:<\/p>\n<p class=\"article-p\" data-section=\"detail-body\"><a href=\"https:\/\/www.fakt.pl\/wydarzenia\/swiat\/szok-w-akademiku-17-latka-urodzila-w-toalecie\/45631p0\" id=\"47e87d28-2391-4bdb-84eb-bba563db03db\" rel=\"nofollow noopener\" target=\"_blank\">Szok w akademiku. 17-latka urodzi\u0142a w toalecie<\/a><\/p>\n<p class=\"article-p\" data-section=\"detail-body\"><a href=\"https:\/\/www.fakt.pl\/wydarzenia\/to-matka-odebrala-zycie-olusiowi-sa-okolicznosci-ktore-wyjasniaja-tragedie-w\/hw8jpgd\" id=\"fd939044-2001-47c8-bb00-71d366858948\" rel=\"nofollow noopener\" target=\"_blank\">To matka odebra\u0142a \u017cycie Olusiowi. S\u0105 okoliczno\u015bci, kt\u00f3re wszystko wyja\u015bniaj\u0105<\/a><\/p>\n<p class=\"article-p\" data-section=\"detail-body\">\u0179r\u00f3d\u0142o: Stra\u017c Po\u017carna Ole\u015bnica \/ TVN24<\/p>\n<p>        \/14<\/p>\n<p>                    <img decoding=\"async\" class=\"article-image-img\" loading=\"lazy\" alt=\"\" src=\"https:\/\/www.europesays.com\/pl\/wp-content\/uploads\/2025\/11\/Kgok9kuTURBXy83MDAxYjdlMC04N2ViLTQ5NDItOWI1MS1mNWU5Yzc3MDk1YzguanBlZ5GTAs0DSM0B2N4AAqEwAaExAQ.jpeg\" width=\"840\" height=\"472\"\/><\/p>\n<p>                  @nolesnica \/ Facebook<\/p>\n<p class=\"article-gallery-p\">\n        Wypadek drogowy Ole\u015bnica-Smardz\u00f3w. Zderzenie samochodu osobowego z autobusem.\n    <\/p>\n<p>        \/14<\/p>\n<p>                    <img decoding=\"async\" class=\"article-image-img\" loading=\"lazy\" alt=\"\" src=\"https:\/\/www.europesays.com\/pl\/wp-content\/uploads\/2025\/11\/65jk9kuTURBXy8wNDY1ODIzMS03MWVhLTQxODEtOGU0MS1jNjQ3MTY3MzliOWYuanBlZ5GTAs0DSM0CL94AAqEwAaExAQ.jpeg\" width=\"840\" height=\"559\"\/><\/p>\n<p>                  @nolesnica \/ Facebook<\/p>\n<p class=\"article-gallery-p\">\n        Wypadek drogowy Ole\u015bnica-Smardz\u00f3w. Zderzenie samochodu osobowego z autobusem.\n    <\/p>\n","protected":false},"excerpt":{"rendered":"Do wypadku na drodze powiatowej mi\u0119dzy Ole\u015bnic\u0105 a Smardzowem dosz\u0142o we wtorek przed godzin\u0105 13 \u2014 poinformowa\u0142a Komenda&hellip;\n","protected":false},"author":2,"featured_media":118235,"comment_status":"","ping_status":"","sticky":false,"template":"","format":"standard","meta":{"footnotes":""},"categories":[12],"tags":[32,33,36,37,27,34,35,28,31,25,42,38,40,39,41,29,30,26],"class_list":{"0":"post-118234","1":"post","2":"type-post","3":"status-publish","4":"format-standard","5":"has-post-thumbnail","7":"category-polska","8":"tag-breaking-news","9":"tag-breakingnews","10":"tag-featured-news","11":"tag-featurednews","12":"tag-headlines","13":"tag-latest-news","14":"tag-latestnews","15":"tag-naglowki","16":"tag-najwazniejsze-artykuly","17":"tag-news","18":"tag-pl","19":"tag-poland","20":"tag-polish","21":"tag-polska","22":"tag-polski","23":"tag-top-stories","24":"tag-topstories","25":"tag-wiadomosci"},"share_on_mastodon":{"url":"https:\/\/pubeurope.com\/@pl\/115612142141554741","error":""},"_links":{"self":[{"href":"https:\/\/www.europesays.com\/pl\/wp-json\/wp\/v2\/posts\/118234","targetHints":{"allow":["GET"]}}],"collection":[{"href":"https:\/\/www.europesays.com\/pl\/wp-json\/wp\/v2\/posts"}],"about":[{"href":"https:\/\/www.europesays.com\/pl\/wp-json\/wp\/v2\/types\/post"}],"author":[{"embeddable":true,"href":"https:\/\/www.europesays.com\/pl\/wp-json\/wp\/v2\/users\/2"}],"replies":[{"embeddable":true,"href":"https:\/\/www.europesays.com\/pl\/wp-json\/wp\/v2\/comments?post=118234"}],"version-history":[{"count":0,"href":"https:\/\/www.europesays.com\/pl\/wp-json\/wp\/v2\/posts\/118234\/revisions"}],"wp:featuredmedia":[{"embeddable":true,"href":"https:\/\/www.europesays.com\/pl\/wp-json\/wp\/v2\/media\/118235"}],"wp:attachment":[{"href":"https:\/\/www.europesays.com\/pl\/wp-json\/wp\/v2\/media?parent=118234"}],"wp:term":[{"taxonomy":"category","embeddable":true,"href":"https:\/\/www.europesays.com\/pl\/wp-json\/wp\/v2\/categories?post=118234"},{"taxonomy":"post_tag","embeddable":true,"href":"https:\/\/www.europesays.com\/pl\/wp-json\/wp\/v2\/tags?post=118234"}],"curies":[{"name":"wp","href":"https:\/\/api.w.org\/{rel}","templated":true}]}}