{"id":118270,"date":"2025-11-25T20:33:07","date_gmt":"2025-11-25T20:33:07","guid":{"rendered":"https:\/\/www.europesays.com\/pl\/118270\/"},"modified":"2025-11-25T20:33:07","modified_gmt":"2025-11-25T20:33:07","slug":"we-francji-wykluczyli-le-pen-tak-idzie-w-sondazach-bardelli","status":"publish","type":"post","link":"https:\/\/www.europesays.com\/pl\/118270\/","title":{"rendered":"We Francji wykluczyli Le Pen. Tak idzie w sonda\u017cach Bardelli"},"content":{"rendered":"\n<p>&#13;<br \/>\nZ sonda\u017cu pracowni Odoxa-Mascaret opublikowanego we\u00a0wtorek przez portal BFMTV wynika, \u017ce\u00a0najwi\u0119ksze szanse na\u00a0wygran\u0105 w\u00a0wyborach prezydenckich ma\u00a0kandydat Zjednoczenia Narodowego. &#13;\n<\/p>\n<p>W 2027 roku Francja wybierze prezydenta. Marin Le\u00a0Pen wykluczona <\/p>\n<p>&#13;<br \/>\nChodzi o\u00a0Jordana Bardell\u0119, kt\u00f3ry najprawdopodobniej b\u0119dzie kandydatem prawicy, poniewa\u017c w\u00a0pa\u017adzierniku Francuska Rada Stanu (najwy\u017cszy organ administracyjny Francji) podtrzyma\u0142a niekorzystn\u0105 dla\u00a0Marine Le\u00a0Pen <a href=\"https:\/\/dorzeczy.pl\/swiat\/793035\/establishment-francji-bardzo-boi-sie-le-pen-zapadla-decyzja.html\" rel=\"nofollow noopener\" target=\"_blank\">decyzj\u0119 s\u0105du dotycz\u0105c\u0105 zakazu sprawowania funkcji publicznych<\/a>. Liderka obozu Zjednoczenia Narodowego nie\u00a0b\u0119dzie mog\u0142a wystartowa\u0107 w\u00a0wyborach na\u00a0prezydenta Francji w\u00a02027 roku, mimo \u017ce\u00a0nie zosta\u0142a skazana przez s\u0105d. (Na razie mamy jedynie orzeczenie pierwszej w\u00a0pierwszej instancji, a\u00a0zatem wyrok jest nieprawomocny). Kandydatura Le\u00a0Pen wzbudza\u0142a najwi\u0119ksze obawy tamtejszego establishmentu, poniewa\u017c sonda\u017ce wskazywa\u0142y, \u017ce\u00a0wyjdzie ona z\u00a0wy\u015bcigu zwyci\u0119sko. &#13;\n<\/p>\n<p>&#13;<br \/>\nMimo jej politycznego wyeliminowania, nadal potencjalni kandydaci obecnego status quo przegrywaj\u0105 z\u00a0kandydatem odrzucanej partii. Ponadto nie\u00a0mo\u017cna wykluczy\u0107, \u017ce\u00a0do\u00a0drugiej tury kosztem kandydata z\u00a0centrum wejdzie pretendent skrajnej lewicy Jean-Luc Melenchon \u2013\u00a0kolejny polityk nieakceptowany przez francuski uk\u0142ad w\u0142adzy. Ostatecznie w\u00a0fina\u0142owym starciu zabrak\u0142oby w\u00f3wczas kandydata establishmentu. &#13;\n<\/p>\n<p>Jordan Bardella prowadzi w\u00a0sonda\u017cu <\/p>\n<p>&#13;<br \/>\nGdyby zatem wybory prezydenckie odby\u0142y si\u0119 w\u00a0najbli\u017csz\u0105 niedziel\u0119, lider Zjednoczenia Narodowego wygra\u0142by wybory z\u00a0kontrkandydatami z\u00a0zar\u00f3wno z\u00a0lewicy, jak i\u00a0z\u00a0centrum. &#13;\n<\/p>\n<p>&#13;<br \/>\nZamiar oddania g\u0142osu na\u00a0Bardell\u0119 wyrazi\u0142o 35 proc. ankietowanych. By\u0142y premier Edouard Philippe, nale\u017c\u0105cy do\u00a0okre\u015blanego jako centrowy obozu politycznego prezydenta Emmanuela Macrona, m\u00f3g\u0142by liczy\u0107 na\u00a0poparcie rz\u0119du 17 proc. A\u017c\u00a023 proc. respondent\u00f3w nie\u00a0wskaza\u0142o, na\u00a0kogo zamierza zag\u0142osowa\u0107. &#13;\n<\/p>\n<p>&#13;<br \/>\nW hipotetycznej drugiej turze Bardella wygra\u0142by z\u00a0Philippe&#8217;em stosunkiem g\u0142os\u00f3w 53 proc. do\u00a047 procent. W\u00a0kwietniu w\u00a0analogicznym badaniu to\u00a0Philippe mia\u0142 nad nim przewag\u0119 wynosz\u0105c\u0105 54 proc. wobec 46 proc. Gdyby rywalem Bardelli by\u0142 Gabriel Attal, obecny szef partii Macrona \u2013\u00a0Odrodzenie, prawicowiec wygra\u0142by stosunkiem g\u0142os\u00f3w 56 proc. do\u00a044 proc. &#13;\n<\/p>\n<p>&#13;<br \/>\nJeszcze wi\u0119ksz\u0105 przewag\u0119 \u2013\u00a074 proc. do\u00a026 proc. \u2013\u00a0Bardella zyska\u0142by w\u00a0hipotetycznej drugiej turze, gdyby jego kontrkandydatem by\u0142 Jean-Luc Melenchon, kieruj\u0105cy skrajnie lewicow\u0105 Francj\u0105 Nieujarzmion\u0105 (LFI). &#13;\n<\/p>\n<p>&#13;<br \/>\nGdyby za\u015b\u00a0kontrkandydatem by\u0142 polityk lewicy Raphael Glucksmann, przewodnicz\u0105cy partii Miejsce Publiczne, Bardella m\u00f3g\u0142by liczy\u0107 na\u00a058 proc. g\u0142os\u00f3w wobec 42 proc. dla\u00a0Glucksmanna. &#13;\n<\/p>\n<p>&#13;<br \/>\nCzytaj te\u017c:<br \/><a href=\"https:\/\/dorzeczy.pl\/opinie\/811002\/macron-mowi-o-wyslaniu-wojsk-na-ukraine-ale-nie-na-wojne.html\" rel=\"follow nofollow noopener\" data-schema=\"DORZECZY\" data-image=\"https:\/\/img.dorzeczy.pl\/_thumb\/c1\/cc\/636e4069e980399d0d38b88f50f6.jpeg\" target=\"_blank\">Macron m\u00f3wi o\u00a0wys\u0142aniu wojsk na\u00a0Ukrain\u0119, ale\u00a0nie na\u00a0wojn\u0119<\/a>&#13;<\/p>\n","protected":false},"excerpt":{"rendered":"&#13; Z sonda\u017cu pracowni Odoxa-Mascaret opublikowanego we\u00a0wtorek przez portal BFMTV wynika, \u017ce\u00a0najwi\u0119ksze szanse na\u00a0wygran\u0105 w\u00a0wyborach prezydenckich ma\u00a0kandydat Zjednoczenia&hellip;\n","protected":false},"author":2,"featured_media":118271,"comment_status":"","ping_status":"","sticky":false,"template":"","format":"standard","meta":{"footnotes":""},"categories":[14],"tags":[25530,32,33,98,96,111,27,25528,34,35,25529,28,31,25,103,40,41,1005,366,80,29,30,26,82,83,84,3654,25531],"class_list":{"0":"post-118270","1":"post","2":"type-post","3":"status-publish","4":"format-standard","5":"has-post-thumbnail","7":"category-swiat","8":"tag-25530","9":"tag-breaking-news","10":"tag-breakingnews","11":"tag-dorzeczy","12":"tag-francja","13":"tag-grzegorz-grzymowicz","14":"tag-headlines","15":"tag-jordan-bardella","16":"tag-latest-news","17":"tag-latestnews","18":"tag-marine-le-pen","19":"tag-naglowki","20":"tag-najwazniejsze-artykuly","21":"tag-news","22":"tag-obserwator-mediow","23":"tag-polish","24":"tag-polski","25":"tag-prezydent","26":"tag-sondaz","27":"tag-swiat","28":"tag-top-stories","29":"tag-topstories","30":"tag-wiadomosci","31":"tag-world","32":"tag-world-news","33":"tag-worldnews","34":"tag-wybory","35":"tag-zjednoczenie-narodowe"},"share_on_mastodon":{"url":"https:\/\/pubeurope.com\/@pl\/115612248036723675","error":""},"_links":{"self":[{"href":"https:\/\/www.europesays.com\/pl\/wp-json\/wp\/v2\/posts\/118270","targetHints":{"allow":["GET"]}}],"collection":[{"href":"https:\/\/www.europesays.com\/pl\/wp-json\/wp\/v2\/posts"}],"about":[{"href":"https:\/\/www.europesays.com\/pl\/wp-json\/wp\/v2\/types\/post"}],"author":[{"embeddable":true,"href":"https:\/\/www.europesays.com\/pl\/wp-json\/wp\/v2\/users\/2"}],"replies":[{"embeddable":true,"href":"https:\/\/www.europesays.com\/pl\/wp-json\/wp\/v2\/comments?post=118270"}],"version-history":[{"count":0,"href":"https:\/\/www.europesays.com\/pl\/wp-json\/wp\/v2\/posts\/118270\/revisions"}],"wp:featuredmedia":[{"embeddable":true,"href":"https:\/\/www.europesays.com\/pl\/wp-json\/wp\/v2\/media\/118271"}],"wp:attachment":[{"href":"https:\/\/www.europesays.com\/pl\/wp-json\/wp\/v2\/media?parent=118270"}],"wp:term":[{"taxonomy":"category","embeddable":true,"href":"https:\/\/www.europesays.com\/pl\/wp-json\/wp\/v2\/categories?post=118270"},{"taxonomy":"post_tag","embeddable":true,"href":"https:\/\/www.europesays.com\/pl\/wp-json\/wp\/v2\/tags?post=118270"}],"curies":[{"name":"wp","href":"https:\/\/api.w.org\/{rel}","templated":true}]}}