{"id":118278,"date":"2025-11-25T20:37:14","date_gmt":"2025-11-25T20:37:14","guid":{"rendered":"https:\/\/www.europesays.com\/pl\/118278\/"},"modified":"2025-11-25T20:37:14","modified_gmt":"2025-11-25T20:37:14","slug":"m-jak-milosc-odcinek-1892-magda-trafi-za-kratki","status":"publish","type":"post","link":"https:\/\/www.europesays.com\/pl\/118278\/","title":{"rendered":"&#8222;M jak mi\u0142o\u015b\u0107&#8221;: odcinek 1892. Magda trafi za kratki"},"content":{"rendered":"<p>W nowym odcinku\u00a0<a href=\"https:\/\/swiatseriali.interia.pl\/newsy\/seriale\/m-jak-milosc-383\" rel=\"nofollow noopener\" target=\"_blank\">&#8222;M jak mi\u0142o\u015b\u0107&#8221;<\/a>\u00a0Magda padnie ofiar\u0105 zemsty \u015awi\u0119cickiego!\u00a0Przestraszona i zdezorientowana, kobieta trafia do aresztu, a jej przyjaciele szukaj\u0105 sposobu na szybkie oczyszczenie jej imienia, jednak sprawa komplikuje si\u0119 z ka\u017cd\u0105 chwil\u0105.<\/p>\n<p>O poranku prezes Baczewski \u2013 op\u0142acony przez B\u0142a\u017ceja &#8211; zjawi si\u0119 nagle na policji i oskar\u017cy Budzy\u0144sk\u0105 o przyw\u0142aszczenie darowizny od jego firmy.<\/p>\n<p>&#8211; Przela\u0142em na jej konto znaczn\u0105 sum\u0119 pieni\u0119dzy, ustalili\u015bmy harmonogram zagospodarowania tych \u015brodk\u00f3w\u2026 Niestety,(\u2026) \u017cadne \u015brodki do tej pory nie trafi\u0142y do podopiecznych fundacji.(\u2026) Obawiam si\u0119, \u017ce wp\u0142acone przeze mnie pieni\u0105dze zosta\u0142y najzwyczajniej w \u015bwiecie zdefraudowane!<\/p>\n<p>    &#13;<br \/>\n        &#13;<\/p>\n<p>Po kilku godzinach Magda za to odkryje, \u017ce konto fundacji zosta\u0142o zablokowane przez bank. A w finale u Budzy\u0144skich zjawi si\u0119 policja i&#8230; prawniczka trafi do aresztu!<\/p>\n<p>&#8211; Jest pani zatrzymana w sprawie nieprawid\u0142owo\u015bci w Fundacji Dla Dzieci i M\u0142odych Doros\u0142ych&#8230; Pojedzie pani z nami!<\/p>\n<p>&#8211; Chwila, moment, \u017cona nigdzie nie pojedzie, to jakie\u015b nieporozumienie!<\/p>\n<p>&#8211; Prosz\u0119 si\u0119 odsun\u0105\u0107 i nie przeszkadza\u0107 nam w wykonywaniu czynno\u015bci.<\/p>\n<p>Spraw\u0105 od pocz\u0105tku zajmie si\u0119 aspirant Przewrocki (w tej roli Remigiusz Jankowski), kt\u00f3ry nie oka\u017ce &#8222;podejrzanej&#8221; sympatii&#8230; I w efekcie Magda pozostanie w areszcie nawet, gdy interweniuje Piotrek \u2013 jako jej adwokat.<\/p>\n<p>&#8211; Pani bierze leki nasercowe, tak? Prosz\u0119 napisa\u0107 jakie, musimy to uwzgl\u0119dni\u0107 w protokole zatrzymania\u2026 Dostarczymy je pani.<\/p>\n<p>&#8211; Ale\u2026 po co te leki? Jak d\u0142ugo tu b\u0119d\u0119?<\/p>\n<p>&#8211; Zosta\u0142a pani zatrzymana na 48 godzin, do wyja\u015bnienia.<\/p>\n<p>&#8211; Piotrek, oni wszyscy zwariowali! To jakie\u015b szale\u0144stwo!<\/p>\n<p>&#8211; Dlaczego moja klientka nie mo\u017ce stawi\u0107 si\u0119 dobrowolnie na wezwanie? Przecie\u017c nie zamierza si\u0119 ukrywa\u0107.<\/p>\n<p>&#8211; To s\u0105 powa\u017cne zarzuty i du\u017ca kwota. Jak pan wie, mecenasie, mamy 48 godzin, \u017ceby zabezpieczy\u0107 dowody w sprawie. O reszcie zdecyduje prokurator i s\u0105d.<\/p>\n<p>Kinga, gdy dowie si\u0119 o problemach przyjaci\u00f3\u0142ki, b\u0119dzie za to w szoku.<\/p>\n<p>&#8211; Ale jak to si\u0119 sta\u0142o? Ja nie rozumiem w og\u00f3le, o co tu chodzi. Dzwoni\u0119 do wszystkich naszych wi\u0119kszych darczy\u0144c\u00f3w, mo\u017ce czego\u015b si\u0119 dowiem!<\/p>\n<p>&#8211; To nie jest dobry pomys\u0142&#8230; Trwa post\u0119powanie sprawdzaj\u0105ce, nie mo\u017cesz dzia\u0142a\u0107 na w\u0142asn\u0105 r\u0119k\u0119. Policja mo\u017ce potraktowa\u0107 to jako pr\u00f3b\u0119 mataczenia, jeszcze bardziej zaszkodzisz Magdzie!<\/p>\n<p>&#8211; Mam siedzie\u0107 z za\u0142o\u017conymi r\u0119kami i&#8230; czeka\u0107?!<\/p>\n<p>        &#13;<br \/>\n                    Zdj\u0119cie&#13;<\/p>\n<p>                                        &#13;<br \/>\n                            &#13;<br \/>\n                            &#13;<br \/>\n                            <img decoding=\"async\" loading=\"lazy\" src=\"https:\/\/www.europesays.com\/pl\/wp-content\/uploads\/2025\/11\/000LZ4BN5UWY70II-C461-F4.jpg\" title=\"&quot;M jak mi\u0142o\u015b\u0107&quot;: Magda trafi za kratki! \u015awi\u0119cicki dopnie swego\" style=\"display:block;max-width:100%;height:auto;width:800px;aspect-ratio:1280\/720;\" width=\"800\" height=\"450\" alt=\"&quot;M jak mi\u0142o\u015b\u0107&quot; \/www.mjakmilosc.tvp.pl\/\" class=\"img-responsive\" itemprop=\"url\"\/>&#13;<\/p>\n<p>                                    &#13;<\/p>\n<p>&#13;<br \/>\n                                    &#8222;M jak mi\u0142o\u015b\u0107&#8221;&#13;<br \/>\n                                            \/www.mjakmilosc.tvp.pl\/&#13;\n                                                <\/p>\n<p>&#13;<\/p>\n<p>&#8211; Jutro z samego rana pojad\u0119 na komend\u0119, powinno by\u0107 ju\u017c wiadomo co\u015b wi\u0119cej&#8230; Mam nadziej\u0119, \u017ce to tylko jakie\u015b koszmarne nieporozumienie.<\/p>\n<p>&#8211; B\u0142agam ci\u0119, wyci\u0105gnij j\u0105 stamt\u0105d jak najszybciej!<\/p>\n<p>A Budzy\u0144ska kolejn\u0105 noc sp\u0119dzi w ko\u0144cu za kratkami \u2013 samotna, bezradna i przera\u017cona.<\/p>\n<p>&#8211; Nie wierz\u0119\u2026 Nie wierz\u0119, \u017ce to si\u0119 dzieje naprawd\u0119!<\/p>\n<p>Jak akcja si\u0119 rozwinie?<\/p>\n<p>1892. odcinek &#8222;M jak mi\u0142o\u015b\u0107&#8221; zostanie wyemitowany\u00a0we wtorek, 25 listopada, o godz. 20.55 w TVP2.<\/p>\n<p>Czytaj wi\u0119cej:\u00a0<a href=\"https:\/\/swiatseriali.interia.pl\/newsy\/seriale\/m-jak-milosc-383\/news-m-jak-milosc-tego-sie-nie-spodziewala-padnie-ofiara-zems,nId,8037558\" rel=\"nofollow noopener\" target=\"_blank\">&#8222;M jak mi\u0142o\u015b\u0107&#8221;: Tego si\u0119 nie spodziewa\u0142a. Padnie ofiar\u0105 zemsty<\/a><\/p>\n","protected":false},"excerpt":{"rendered":"W nowym odcinku\u00a0&#8222;M jak mi\u0142o\u015b\u0107&#8221;\u00a0Magda padnie ofiar\u0105 zemsty \u015awi\u0119cickiego!\u00a0Przestraszona i zdezorientowana, kobieta trafia do aresztu, a jej przyjaciele&hellip;\n","protected":false},"author":2,"featured_media":118279,"comment_status":"","ping_status":"","sticky":false,"template":"","format":"standard","meta":{"footnotes":""},"categories":[22],"tags":[122,42,38,40,39,41,123],"class_list":{"0":"post-118278","1":"post","2":"type-post","3":"status-publish","4":"format-standard","5":"has-post-thumbnail","7":"category-rozrywka","8":"tag-entertainment","9":"tag-pl","10":"tag-poland","11":"tag-polish","12":"tag-polska","13":"tag-polski","14":"tag-rozrywka"},"share_on_mastodon":{"url":"https:\/\/pubeurope.com\/@pl\/115612263677318967","error":""},"_links":{"self":[{"href":"https:\/\/www.europesays.com\/pl\/wp-json\/wp\/v2\/posts\/118278","targetHints":{"allow":["GET"]}}],"collection":[{"href":"https:\/\/www.europesays.com\/pl\/wp-json\/wp\/v2\/posts"}],"about":[{"href":"https:\/\/www.europesays.com\/pl\/wp-json\/wp\/v2\/types\/post"}],"author":[{"embeddable":true,"href":"https:\/\/www.europesays.com\/pl\/wp-json\/wp\/v2\/users\/2"}],"replies":[{"embeddable":true,"href":"https:\/\/www.europesays.com\/pl\/wp-json\/wp\/v2\/comments?post=118278"}],"version-history":[{"count":0,"href":"https:\/\/www.europesays.com\/pl\/wp-json\/wp\/v2\/posts\/118278\/revisions"}],"wp:featuredmedia":[{"embeddable":true,"href":"https:\/\/www.europesays.com\/pl\/wp-json\/wp\/v2\/media\/118279"}],"wp:attachment":[{"href":"https:\/\/www.europesays.com\/pl\/wp-json\/wp\/v2\/media?parent=118278"}],"wp:term":[{"taxonomy":"category","embeddable":true,"href":"https:\/\/www.europesays.com\/pl\/wp-json\/wp\/v2\/categories?post=118278"},{"taxonomy":"post_tag","embeddable":true,"href":"https:\/\/www.europesays.com\/pl\/wp-json\/wp\/v2\/tags?post=118278"}],"curies":[{"name":"wp","href":"https:\/\/api.w.org\/{rel}","templated":true}]}}