{"id":118284,"date":"2025-11-25T20:41:07","date_gmt":"2025-11-25T20:41:07","guid":{"rendered":"https:\/\/www.europesays.com\/pl\/118284\/"},"modified":"2025-11-25T20:41:07","modified_gmt":"2025-11-25T20:41:07","slug":"zalewski-z-usa-polska-i-wschodnia-flanka-nato-nie-straca-na-porozumieniu-pokojowym","status":"publish","type":"post","link":"https:\/\/www.europesays.com\/pl\/118284\/","title":{"rendered":"Zalewski z USA. &#8222;Polska i wschodnia flanka NATO nie strac\u0105 na porozumieniu pokojowym&#8221;"},"content":{"rendered":"\n<p>&#13;<br \/>\nPo spotkaniu Pawe\u0142 Zalewski by\u0142 pytany, czy\u00a0nie obawia si\u0119, \u017ce\u00a0w\u00a0<a href=\"https:\/\/dorzeczy.pl\/swiat\/811059\/prezydent-zelenski-mial-zgodzic-sie-na-ograniczenie-liczebnosci-armii.html\" title=\"Prze\u0142om coraz bli\u017cej? Ukraina zgodzi\u0142a si\u0119 na\u00a0ograniczenie liczebno\u015bci armii\" rel=\"nofollow noopener\" target=\"_blank\">porozumieniu pokojowym ko\u0144cz\u0105cym wojn\u0119 na\u00a0Ukrainie<\/a>, kt\u00f3re jest obecnie wypracowywane, zostanie wynegocjowany zapis dotycz\u0105cy redukcji si\u0142 sojuszniczych w\u00a0Polsce. &#13;\n<\/p>\n<p>&#13;<br \/>\n\u2013 Ja mog\u0119 odwo\u0142ywa\u0107 si\u0119 wy\u0142\u0105cznie do\u00a0rozmowy, kt\u00f3r\u0105 przeprowadzi\u0142em z\u00a0tw\u00f3rc\u0105 strategii obronnej Stan\u00f3w Zjednoczonych (Elbridge\u2019em Colbym). (&#8230;) W\u00a0tej kwestii nie\u00a0ma\u00a0\u017cadnej w\u0105tpliwo\u015bci, \u017ce\u00a0Polska i\u00a0wschodnia flanka nie\u00a0b\u0119d\u0105 ofiarami tego porozumienia, \u017ce\u00a0tutaj po\u00a0stronie ameryka\u0144skiej nie\u00a0ma\u00a0takiego sposobu my\u015blenia \u2013\u00a0podkre\u015bli\u0142 wiceszef MON. &#13;\n<\/p>\n<p>&#13;<br \/>\nWiceminister obrony narodowej pytany o\u00a0intencje Amerykan\u00f3w, kt\u00f3rzy w\u00a0propozycji pokojowej zawarli punkt m\u00f3wi\u0105cy o\u00a0stacjonowaniu europejskich my\u015bliwc\u00f3w w\u00a0Polsce, stwierdzi\u0142, \u017ce\u00a0&#8222;poniewa\u017c ten punkt zosta\u0142 wycofany, skwitowali\u015bmy, \u017ce\u00a0bardzo dobrze&#8221;. \u2013\u00a0Ju\u017c nie\u00a0wchodzili\u015bmy w\u00a0genez\u0119 tego punktu. Ja nie\u00a0wiem, kto ten punkt tam wprowadzi\u0142, w\u00a0zwi\u0105zku z\u00a0tym nie\u00a0chc\u0119 tutaj dywagowa\u0107. Dla\u00a0mnie wa\u017cne jest to, \u017ce\u00a0strona ameryka\u0144ska rozumie, i\u017c\u00a0tego typu sformu\u0142owanie w\u00a0takim dokumencie znale\u017a\u0107 si\u0119 nie\u00a0powinno \u2013\u00a0podsumowa\u0142 polityk Polski 2050. &#13;\n<\/p>\n<p>&#13;<br \/>\nWcze\u015bniej wiceszef MON odwiedzi\u0142 Kanad\u0119. Wzi\u0105\u0142 tam udzia\u0142 w\u00a017. edycji Halifax International Security Forum w\u00a0Nowej Szkocji, presti\u017cowym wydarzeniu po\u015bwi\u0119conym bezpiecze\u0144stwu.  &#13;\n<\/p>\n<p>Projekt planu pokojowego Rosja Ukraina. Jest komunikat USA<\/p>\n<p>&#13;<br \/>\n&#8222;W\u00a0ci\u0105gu ostatniego tygodnia Stany Zjednoczone poczyni\u0142y ogromne post\u0119py w\u00a0kierunku zawarcia porozumienia pokojowego, wci\u0105gaj\u0105c do\u00a0rozm\u00f3w zar\u00f3wno Ukrain\u0119, jak i\u00a0Rosj\u0119&#8221; \u2013\u00a0czytamy na\u00a0X rzecznik Bia\u0142ego Domu. &#13;\n<\/p>\n<p>&#13;<br \/>\n&#8222;Jest kilka delikatnych, ale\u00a0mo\u017cliwych do\u00a0rozwi\u0105zania kwestii, kt\u00f3re wymagaj\u0105 dalszych rozm\u00f3w mi\u0119dzy Ukrain\u0105, Rosj\u0105 i\u00a0Stanami Zjednoczonymi&#8221; \u2013\u00a0napisa\u0142a Karoline Leavitt. &#13;\n<\/p>\n<p>&#13;<br \/>\nCzytaj te\u017c:<br \/><a href=\"https:\/\/dorzeczy.pl\/opinie\/811089\/brytyjscy-zolnierze-na-ukrainie-starmer-odpowiedzial.html\" rel=\"follow nofollow noopener\" data-schema=\"DORZECZY\" data-image=\"https:\/\/img.dorzeczy.pl\/_thumb\/5d\/02\/5bda53de0d334bdfbdf9d567c25c.jpeg\" target=\"_blank\">Starmer: Wielka Brytania jest gotowa wys\u0142a\u0107 si\u0142y pokojowe na\u00a0Ukrain\u0119<\/a>&#13;<\/p>\n","protected":false},"excerpt":{"rendered":"&#13; Po spotkaniu Pawe\u0142 Zalewski by\u0142 pytany, czy\u00a0nie obawia si\u0119, \u017ce\u00a0w\u00a0porozumieniu pokojowym ko\u0144cz\u0105cym wojn\u0119 na\u00a0Ukrainie, kt\u00f3re jest obecnie&hellip;\n","protected":false},"author":2,"featured_media":118285,"comment_status":"","ping_status":"","sticky":false,"template":"","format":"standard","meta":{"footnotes":""},"categories":[12],"tags":[32,33,98,36,37,27,49,34,35,1587,28,31,25,42,24089,38,40,39,41,80,29,30,415,71,26,8587],"class_list":{"0":"post-118284","1":"post","2":"type-post","3":"status-publish","4":"format-standard","5":"has-post-thumbnail","7":"category-polska","8":"tag-breaking-news","9":"tag-breakingnews","10":"tag-dorzeczy","11":"tag-featured-news","12":"tag-featurednews","13":"tag-headlines","14":"tag-kraj","15":"tag-latest-news","16":"tag-latestnews","17":"tag-mon","18":"tag-naglowki","19":"tag-najwazniejsze-artykuly","20":"tag-news","21":"tag-pl","22":"tag-plan-pokojowy","23":"tag-poland","24":"tag-polish","25":"tag-polska","26":"tag-polski","27":"tag-swiat","28":"tag-top-stories","29":"tag-topstories","30":"tag-ukraina","31":"tag-usa","32":"tag-wiadomosci","33":"tag-zalewski"},"share_on_mastodon":{"url":"https:\/\/pubeurope.com\/@pl\/115612279332765967","error":""},"_links":{"self":[{"href":"https:\/\/www.europesays.com\/pl\/wp-json\/wp\/v2\/posts\/118284","targetHints":{"allow":["GET"]}}],"collection":[{"href":"https:\/\/www.europesays.com\/pl\/wp-json\/wp\/v2\/posts"}],"about":[{"href":"https:\/\/www.europesays.com\/pl\/wp-json\/wp\/v2\/types\/post"}],"author":[{"embeddable":true,"href":"https:\/\/www.europesays.com\/pl\/wp-json\/wp\/v2\/users\/2"}],"replies":[{"embeddable":true,"href":"https:\/\/www.europesays.com\/pl\/wp-json\/wp\/v2\/comments?post=118284"}],"version-history":[{"count":0,"href":"https:\/\/www.europesays.com\/pl\/wp-json\/wp\/v2\/posts\/118284\/revisions"}],"wp:featuredmedia":[{"embeddable":true,"href":"https:\/\/www.europesays.com\/pl\/wp-json\/wp\/v2\/media\/118285"}],"wp:attachment":[{"href":"https:\/\/www.europesays.com\/pl\/wp-json\/wp\/v2\/media?parent=118284"}],"wp:term":[{"taxonomy":"category","embeddable":true,"href":"https:\/\/www.europesays.com\/pl\/wp-json\/wp\/v2\/categories?post=118284"},{"taxonomy":"post_tag","embeddable":true,"href":"https:\/\/www.europesays.com\/pl\/wp-json\/wp\/v2\/tags?post=118284"}],"curies":[{"name":"wp","href":"https:\/\/api.w.org\/{rel}","templated":true}]}}